{"id":4680,"date":"2025-05-16T18:18:44","date_gmt":"2025-05-16T16:18:44","guid":{"rendered":"https:\/\/paroisses-nancy-sud.fr\/HOME\/?p=4680"},"modified":"2025-05-16T18:18:44","modified_gmt":"2025-05-16T16:18:44","slug":"annonces-de-saint-francois-de-sales-et-sainte-jeanne-de-chantal-du-18-mai","status":"publish","type":"post","link":"https:\/\/paroisses-nancy-sud.fr\/HOME\/annonces-de-saint-francois-de-sales-et-sainte-jeanne-de-chantal-du-18-mai\/","title":{"rendered":"Annonces de Saint-Fran\u00e7ois-de-Sales et Sainte-Jeanne-de-Chantal du 18 mai"},"content":{"rendered":"\n<p><span style=\"color: #000000;\"><strong>Bapt\u00eames, mariages:\u00a0<br \/><\/strong><strong>Ce samedi 17 mai \u00e0 Ludres, mariage <\/strong>de Laura et Louis.<\/span><br \/><span style=\"color: #000000;\"><strong>Ce dimanche 18 mai \u00e0 Jarville<\/strong>, sept futurs baptis\u00e9s seront pr\u00e9sent\u00e9s \u00e0 la communaut\u00e9 paroissiale, El\u00e9na, L\u00e9on, Ad\u00e8le et Marcus, Kysslee, Victoria et Valentine. <\/span><br \/><span style=\"color: #000000;\"><strong>Dimanche 25 mai<\/strong>, bapt\u00eames \u00e0 Jarville de Hugo, Aurore et Lorella.<\/span><br \/><span style=\"color: #000000;\">Nous prions pour ces enfants, ce jeune couple et leurs familles.<\/span><\/p>\n<p><span style=\"color: #000000;\"><strong>Mois de mai, mois de Marie :<br \/><\/strong><strong>Ce lundi 19 mai, \u00e0<\/strong> <strong>17h30 \u00e0 la crypte de Jarville,<\/strong> nous m\u00e9diterons et r\u00e9citerons le chapelet avec les \u00e9quipes du Rosaire.<\/span><\/p>\n<p><span style=\"color: #000000;\"><strong>Les 400 ans de la chapelle du parc de Montaigu :<br \/><\/strong><strong>\u00a0&#8211; Ce dimanche 18 mai \u00e0 15h<\/strong> a lieu une manifestation pour c\u00e9l\u00e9brer les 400 ans de la b\u00e9n\u00e9diction de la chapelle. Au programme\u00a0: <strong>Accueil \u00e0<\/strong> <strong>15h sur le parvis de l\u2019\u00e9glise de Jarville, <\/strong>puis p\u00e8lerinage vers la chapelle, visite, pr\u00e9sentation historique, temps de pri\u00e8re et temps convivial\u00a0! Venez d\u00e9couvrir l\u2019histoire de la petite chapelle oubli\u00e9e\u00a0!<\/span><\/p>\n<p><span style=\"color: #000000;\"><strong>\u00a0&#8211; Le jeudi 22 mai, \u00e0 18h, <\/strong>salle Fran\u00e7ois Evrard, <strong>\u00e0 l\u2019H\u00f4tel de ville de Jarville, conf\u00e9rence : \u00ab\u00a0<\/strong>L\u2019ermitage de Montaigu\u00a0: la place et le r\u00f4le des ermitages en Champagne et en Lorraine\u2019\u2019 par Philippe Masson, docteur en histoire moderne.<\/span><\/p>\n<p><span style=\"color: #000000;\"><strong>Confirmation :<br \/><\/strong><strong>\u00a0&#8211; Les jeunes de notre secteur <\/strong>se retrouveront<strong> le samedi 24 mai \u00e0 13h45 <\/strong>\u00e0 l\u2019\u00e9glise Sainte Th\u00e9r\u00e8se de Villers les Nancy pour leur 3<sup>\u00e8me<\/sup> temps fort sur le th\u00e8me de la pri\u00e8re.<\/span><\/p>\n<p><span style=\"color: #000000;\"><strong>\u00a0&#8211; Les adultes de tout le dioc\u00e8se, <\/strong>se pr\u00e9parant \u00e0 la Confirmation, dont <strong>huit personnes de nos paroisses<\/strong>, seront en r\u00e9collection au Domaine de l\u2019Asn\u00e9e <strong>le samedi 24 mai<\/strong>.<\/span><\/p>\n<p><span style=\"color: #000000;\"><strong>Entr\u00e9e en cat\u00e9chum\u00e9nat :<br \/><\/strong><strong>Le dimanche 25 mai, \u00e0 Jarville, \u00e0 la messe de 10h30<\/strong>, quatre adolescents, Julianne, Manon, Olivia, et Vannel qui demandent le bapt\u00eame pour P\u00e2ques 2026, feront leur entr\u00e9e en cat\u00e9chum\u00e9nat. R\u00e9jouissons-nous et accompagnons-les de notre pri\u00e8re. \u00a0A l\u2019issue de la messe, vous \u00eates cordialement invit\u00e9s \u00e0 un repas partag\u00e9, avec eux et leurs familles.<\/span><\/p>\n<p><span style=\"color: #000000;\"><strong>Journ\u00e9e de l\u2019Ascension \u00e0 Sion :<br \/><\/strong><strong>Le jeudi de l\u2019Ascension, le 29 mai, rendez-vous \u00e0 tous, pour la journ\u00e9e familiale de p\u00e8lerinage de notre secteur Nancy-Sud vers Sion !<br \/><\/strong><strong style=\"font-size: revert;\">Enfants, jeunes, adultes <\/strong><span style=\"font-size: revert;\">sont invit\u00e9s \u00e0 cette <\/span><strong style=\"font-size: revert;\">journ\u00e9e fraternelle, <\/strong><span style=\"font-size: revert;\">moment particuli\u00e8rement important en cette <\/span><strong style=\"font-size: revert;\">ann\u00e9e de Jubil\u00e9<\/strong><span style=\"font-size: revert;\"> plac\u00e9e sous le th\u00e8me des \u2018<\/span><strong style=\"font-size: revert;\">\u2019P\u00e8lerins de l\u2019esp\u00e9rance\u2019\u2019.<br \/><\/strong><strong>&#8211; Rendez-vous \u00e0 Sion \u00e0 8h40 pour un d\u00e9part \u00e0 pied \u00e0 9h de They sous Vaud\u00e9mont <\/strong>ou<\/span><br \/><span style=\"color: #000000;\"><strong>&#8211; Rendez-vous \u00e0 Sion \u00e0 9h40 pour un d\u00e9part \u00e0 10h \u00e0 l\u2019\u00e9glise de Vaud\u00e9mont<br \/><\/strong><span style=\"font-size: revert;\">Les 2 groupes se retrouvent \u00e0 Vaud\u00e9mont pour <\/span><strong style=\"font-size: revert;\">un temps d\u2019accueil et de de pri\u00e8re \u00e0 l\u2019\u00e9glise <\/strong><span style=\"font-size: revert;\">puis continuent ensemble.<br \/><\/span><strong>&#8211; Ap\u00e9ritif vers midi et demi \u00e0 \u2018\u2019<em>l\u2019abri des p\u00e8lerins\u2019\u2019<\/em> <\/strong>puis<strong> repas partag\u00e9 <br \/><\/strong><strong style=\"font-size: revert;\">&#8211; 14h <\/strong><span style=\"font-size: revert;\">un moment d \u2018enseignement pour les adultes, salle Notre-Dame<br \/><\/span><strong>&#8211; 15h <\/strong>chants de louange \u00e0 la basilique avec nos musiciens<\/span><br \/><span style=\"color: #000000;\"><strong>&#8211; 15h30 <\/strong>messe<\/span><br \/><span style=\"color: #000000;\">Contact\u00a0: Odile Bonmati 06 23 46 74 17<\/span><br \/><span style=\"color: #000000;\"><em>PS\u00a0: pour les d\u00e9parts il est conseill\u00e9 de laisser les voitures sur le parking de Sion (avec les pique- nique\u00a0!) \u00a0et de covoiturer jusque They ou Vaud\u00e9mont) <\/em>!<\/span><br \/><span style=\"color: #000000;\"><strong>Les enfants se pr\u00e9parant \u00e0 la premi\u00e8re communion vivront ce jour-l\u00e0, d\u00e8s le matin, \u00e0 Sion, leur retraite de pr\u00e9paration et rejoindront le groupe d\u00e8s midi\u00a0et pour la messe \u00e0 15h30.<\/strong><\/span><\/p>\n<p><span style=\"color: #000000;\"><strong>Messes dominicales des 24 et 25 mai 2025 :<br \/><\/strong><strong>Samedi 24 mai\u00a0: 18h <\/strong>Heillecourt, Laneuveville, Parey-Saint-C\u00e9saire.<\/span><br \/><span style=\"color: #000000;\"><strong>Dimanche 25 mai<\/strong>\u00a0: 1<strong>0h<\/strong> \u00a0\u00a0Flavigny, Fl\u00e9ville\u00a0\u00a0\u00a0\u00a0\u00a0\u00a0\u00a0\u00a0\u00a0\u00a0\u00a0\u00a0 <strong>10h30<\/strong> Jarville,\u00a0Neuves-Maisons\u00a0\u00a0\u00a0\u00a0\u00a0\u00a0\u00a0 \u00a0\u00a0\u00a0\u00a0\u00a0<\/span><\/p>\n<p><span style=\"color: #000000;\"><strong>Soir\u00e9e de Louange :<br \/><\/strong><strong>Vendredi 6 juin \u00e0 20h30<\/strong>, <strong>\u00e0 l\u2019\u00e9glise du Sacr\u00e9-C\u0153ur \u00e0 Jarville<\/strong>, venez vivre un moment unique de pri\u00e8re en musique. Des fid\u00e8les de la communaut\u00e9 de Jarville se sont rassembl\u00e9s pour vous offrir une soir\u00e9e de louange, simple mais profonde, n\u00e9e du d\u00e9sir de prier ensemble par le chant. Il s\u2019agit d\u2019un temps de c\u0153ur \u00e0 c\u0153ur avec Dieu, dans la joie, l\u2019unit\u00e9 et la foi. Parce que le chant \u00e9l\u00e8ve l\u2019\u00e2me, ravive la foi et unit les c\u0153urs et comme saint Augustin l\u2019a sugg\u00e9r\u00e9 \u00a0: \u00ab <em>Chanter, c\u2019est prier deux fois<\/em> \u00bb. Venez comme vous \u00eates, seul, en famille ou entre amis. Le Seigneur vous attend&#8230; et nous aussi !<\/span><\/p>\n<p><span style=\"color: #000000;\"><strong>Les livrets de l\u2019ann\u00e9e jubilaire sont disponibles\u00a0!<br \/><\/strong><strong>\u2018\u2019Vivre le jubil\u00e9 2025\u2019\u2019, sur les pas des t\u00e9moins de l\u2019esp\u00e9rance en Lorraine<\/strong>. Le livret est disponible au fond des \u00e9glises. N\u2019h\u00e9sitez pas \u00e0 la prendre\u00a0!! (Participation conseill\u00e9e = 1\u20ac)<\/span><\/p>\n<p><span style=\"color: #000000;\"><strong>Dons de d\u00e9cembre 2024 pour la paroisse Sainte-Jeanne-de-Chantal :<br \/><\/strong>\u00c0 la suite d\u2019un manque de dialogue entre l&rsquo;\u00e9conomat dioc\u00e9sain et l&rsquo;\u00e9conome paroissial, les ch\u00e8ques pour dons \u00e9mis fin d\u00e9cembre au titre de l&rsquo;ann\u00e9e 2024 n&rsquo;ont pas \u00e9t\u00e9 encaiss\u00e9s en temps et en heure. Ils feront l&rsquo;objet d&rsquo;un re\u00e7u pour l&rsquo;ann\u00e9e 2025, toutes nos excuses pour ce malencontreux dysfonctionnement\u00a0\u00bb.<\/span><\/p>\n<p><span style=\"color: #000000;\"><strong>Voyageurs chr\u00e9tiens :<br \/><\/strong>&#8211; Sortie en Alsace <strong>le mardi 8 juillet<\/strong> : visites guid\u00e9es de la biblioth\u00e8que humaniste, de la maison du pain et de l&rsquo;abbaye d&rsquo;Ebersmunster, chef-d\u2019\u0153uvre baroque. Inscriptions : Madame Chambon et Jean-Fran\u00e7ois au 03 83 56 34 31.<\/span><br \/><span style=\"color: #000000;\">\u00a0&#8211; D\u00e9couverte du patrimoine religieux et culturel des Hauts de France : Arras, Louvre-Lens, Notre Dame de Lorette, Roubaix. S\u00e9jour organis\u00e9 par les voyageurs chr\u00e9tiens <strong>du 4 au 8 ao\u00fbt.<\/strong><\/span><\/p>\n<p><span style=\"color: #000000;\"><strong>Autres Annonces :<br \/><\/strong><strong>\u00a0&#8211; La Basilique Saint-Epvre de Nancy vous ouvre ses portes :<br \/><\/strong><strong>Mercredi 21 mai \u00e0 20h30<\/strong>, laisser-vous guider par une visite spirituelle de ce joyau du patrimoine religieux nanc\u00e9en\u00a0: histoire, architecture, vitraux, th\u00e9ologie. Entr\u00e9e libre\u00a0: participation aux frais.<\/span><\/p>\n<p><span style=\"color: #000000;\"><strong>\u00a0&#8211; Conf\u00e9rence \u00e0 l\u2019Espace Ada :<br \/><\/strong><strong>Mardi 27 mai, <\/strong>conf\u00e9rence-d\u00e9bat sur le th\u00e8me :\u00a0\u00ab\u00a0<em>Les enjeux du suicide assist\u00e9.\u00a0Une d\u00e9route de la raison\u00a0<\/em>?\u00a0\u00bb, <strong>\u00e0 20h30 au domaine de l\u2019Asn\u00e9e<\/strong>, \u00e0 Villers-l\u00e8s-Nancy, par le conf\u00e9rencier, Fran\u00e7ois-Xavier Putallaz, ancien professeur de philosophie \u00e0 l\u2019universit\u00e9 de Fribourg.<\/span><\/p>\n<p><span style=\"color: #000000;\"><strong>\u00a0&#8211;\u00a0 P\u00e8lerinage \u00e0 Lourdes :<br \/><\/strong>Et si vous deveniez p\u00e8lerins d\u2019esp\u00e9rance avec Marie ?\u00a0Comme chaque ann\u00e9e, le\u00a0service des p\u00e8lerinages du dioc\u00e8se de Nancy et Toul vous propose un\u00a0p\u00e8lerinage dioc\u00e9sain \u00e0 Lourdes.\u00a0Il aura lieu\u00a0<strong>du lundi 14 au dimanche 20 juillet 2025<\/strong>, et sera pr\u00e9sid\u00e9 par Monseigneur Pierre-Yves Michel, \u00e9v\u00eaque de Nancy et Toul. Vous pouvez vous inscrire sur le site du dioc\u00e8se, ou prendre des bulletins au fond des \u00e9glises.<\/span><\/p>\n<p><span style=\"color: #000000;\"><strong>\u00a0&#8211; Journ\u00e9es Chr\u00e9tiennes de l\u2019\u00e9cologie :<br \/><\/strong>Le dioc\u00e8se organise <strong>le week-end du 24 \/25 mai<\/strong> un certain nombre de manifestations\u00a0; pour c\u00e9l\u00e9brer les 10 ans de Laudato Si. Voir les tracts au fond des \u00e9glises, ou sur le site du dioc\u00e8se.<\/span><\/p>\n<p><span style=\"color: #000000;\"><strong>\u00a0&#8211; Estime de soi et respect du corps : prendre soin de son corps\u2026 et de son \u00e2me ? :<br \/><\/strong><strong>Samedi 7 juin 2025 de 10h \u00e0 12h<\/strong> au domaine de l\u2019Asn\u00e9e, le service diaconie vous invite pour une matin\u00e9e de r\u00e9flexion autour de l\u2019image de soi et de la vision chr\u00e9tienne du corps, organis\u00e9e par le service diaconie du dioc\u00e8se. Contact 06 50 61 55 21<\/span><\/p>\n","protected":false},"excerpt":{"rendered":"<p>Bapt\u00eames, mariages:\u00a0Ce samedi 17 mai \u00e0 Ludres, mariage de Laura et Louis.Ce dimanche 18 mai \u00e0 Jarville, sept futurs baptis\u00e9s seront pr\u00e9sent\u00e9s \u00e0 la communaut\u00e9 paroissiale, El\u00e9na, L\u00e9on, Ad\u00e8le et Marcus, Kysslee, Victoria et Valentine. Dimanche 25 mai, bapt\u00eames \u00e0 Jarville de Hugo, Aurore et Lorella.Nous prions pour ces enfants, ce jeune couple et leurs&hellip; <br \/> <a class=\"read-more\" href=\"https:\/\/paroisses-nancy-sud.fr\/HOME\/annonces-de-saint-francois-de-sales-et-sainte-jeanne-de-chantal-du-18-mai\/\">Lire la suite<\/a><\/p>\n","protected":false},"author":5,"featured_media":2464,"comment_status":"closed","ping_status":"open","sticky":false,"template":"","format":"standard","meta":[],"categories":[7],"tags":[],"acf":[],"_links":{"self":[{"href":"https:\/\/paroisses-nancy-sud.fr\/HOME\/wp-json\/wp\/v2\/posts\/4680"}],"collection":[{"href":"https:\/\/paroisses-nancy-sud.fr\/HOME\/wp-json\/wp\/v2\/posts"}],"about":[{"href":"https:\/\/paroisses-nancy-sud.fr\/HOME\/wp-json\/wp\/v2\/types\/post"}],"author":[{"embeddable":true,"href":"https:\/\/paroisses-nancy-sud.fr\/HOME\/wp-json\/wp\/v2\/users\/5"}],"replies":[{"embeddable":true,"href":"https:\/\/paroisses-nancy-sud.fr\/HOME\/wp-json\/wp\/v2\/comments?post=4680"}],"version-history":[{"count":1,"href":"https:\/\/paroisses-nancy-sud.fr\/HOME\/wp-json\/wp\/v2\/posts\/4680\/revisions"}],"predecessor-version":[{"id":4681,"href":"https:\/\/paroisses-nancy-sud.fr\/HOME\/wp-json\/wp\/v2\/posts\/4680\/revisions\/4681"}],"wp:featuredmedia":[{"embeddable":true,"href":"https:\/\/paroisses-nancy-sud.fr\/HOME\/wp-json\/wp\/v2\/media\/2464"}],"wp:attachment":[{"href":"https:\/\/paroisses-nancy-sud.fr\/HOME\/wp-json\/wp\/v2\/media?parent=4680"}],"wp:term":[{"taxonomy":"category","embeddable":true,"href":"https:\/\/paroisses-nancy-sud.fr\/HOME\/wp-json\/wp\/v2\/categories?post=4680"},{"taxonomy":"post_tag","embeddable":true,"href":"https:\/\/paroisses-nancy-sud.fr\/HOME\/wp-json\/wp\/v2\/tags?post=4680"}],"curies":[{"name":"wp","href":"https:\/\/api.w.org\/{rel}","templated":true}]}}