{"id":4682,"date":"2025-05-16T18:28:45","date_gmt":"2025-05-16T16:28:45","guid":{"rendered":"https:\/\/paroisses-nancy-sud.fr\/HOME\/?p=4682"},"modified":"2025-05-16T18:28:45","modified_gmt":"2025-05-16T16:28:45","slug":"eucharistie-et-gratitude","status":"publish","type":"post","link":"https:\/\/paroisses-nancy-sud.fr\/HOME\/eucharistie-et-gratitude\/","title":{"rendered":"Eucharistie et Gratitude"},"content":{"rendered":"\n<p><span style=\"color: #000000;\">Eucharistie et Gratitude.<\/span><\/p>\n<p><span style=\"color: #000000;\">Source et sommet de la vie chr\u00e9tienne, l\u2019Eucharistie, sacrement de notre salut accompli par le Christ sur la croix, signifie \u00a0\u00bb action de gr\u00e2ce \u00ab\u00a0.<\/span><\/p>\n<p><span style=\"color: #000000;\">\u00ab\u00a0<em>Comment rendrai-je au Seigneur tout le bien qu&rsquo;il m&rsquo;a fait ? J&rsquo;\u00e9l\u00e8verai la coupe du salut, j\u2019invoquerai le nom du Seigneur<\/em>\u00a0\u00bb, dit le psalmiste.<\/span><\/p>\n<p><span style=\"color: #000000;\">Ainsi l&rsquo;offrande de nous- m\u00eames dans l\u2019Eucharistie est-elle une mani\u00e8re d&rsquo;exprimer notre gratitude pour tout ce que Dieu a fait pour nous : cr\u00e9ation, r\u00e9demption, sanctification. Cela va m\u00eame plus loin car nous sommes appel\u00e9s \u00e0 devenir avec le Christ \u00ab\u00a0<em>une louange de la gloire du P\u00e8re<\/em>\u00a0\u00bb (Eph\u00e9sien 1,12), c\u2019est-\u00e0-dire \u00e0 faire en sorte que tout notre \u00eatre soit une gratitude pour Dieu.<\/span><\/p>\n<p><span style=\"color: #000000;\">\u00ab\u00a0<em>Mon r\u00eave c\u2019est d\u2019\u00eatre la louange de sa gloire. C\u2019est dans saint Paul que j\u2019ai lu cela et mon \u00c9poux m\u2019a fait entendre que c\u2019\u00e9tait l\u00e0 ma vocation d\u00e8s l\u2019exil en attendant d\u2019aller chanter le Sanctus \u00e9ternel en la cit\u00e9 des saints\u00a0<\/em>\u00bb (sainte Elizabeth de la Trinit\u00e9)<\/span><\/p>\n<p><span style=\"color: #000000;\">Cela nous interroge de la mani\u00e8re de vivre la messe et d\u2019une mani\u00e8re plus g\u00e9n\u00e9rale sur la place de la louange et de l\u2019action de la gr\u00e2ce dans notre vie chr\u00e9tienne. Sans cesse nous pouvons revenir \u00e0 cette belle v\u00e9rit\u00e9\u00a0: ce que Dieu a fait dans la cr\u00e9ation du monde, et plus encore dans la r\u00e9demption, est absolument extraordinaire. Chaque jour nous pouvons nous en \u00e9merveiller et rendre gr\u00e2ce \u00e0 Dieu pour tout cela.<\/span><\/p>\n<p><span style=\"color: #000000;\">Rendons gr\u00e2ce au nom de la cr\u00e9ation enti\u00e8re\u00a0!<\/span><\/p>\n<p style=\"text-align: right;\"><span style=\"color: #000000;\"><em>D\u2019apr\u00e8s le livre \u00ab le miracle de la gratitude aux \u00e9ditions Emmanuel<br \/>Equipe liturgique Sainte-Jeanne-de-Chantal<\/em><\/span><\/p>\n<p>\u00a0<\/p>\n","protected":false},"excerpt":{"rendered":"<p>Eucharistie et Gratitude. Source et sommet de la vie chr\u00e9tienne, l\u2019Eucharistie, sacrement de notre salut accompli par le Christ sur la croix, signifie \u00a0\u00bb action de gr\u00e2ce \u00ab\u00a0. \u00ab\u00a0Comment rendrai-je au Seigneur tout le bien qu&rsquo;il m&rsquo;a fait ? J&rsquo;\u00e9l\u00e8verai la coupe du salut, j\u2019invoquerai le nom du Seigneur\u00a0\u00bb, dit le psalmiste. Ainsi l&rsquo;offrande de&hellip; <br \/> <a class=\"read-more\" href=\"https:\/\/paroisses-nancy-sud.fr\/HOME\/eucharistie-et-gratitude\/\">Lire la suite<\/a><\/p>\n","protected":false},"author":5,"featured_media":529,"comment_status":"closed","ping_status":"open","sticky":false,"template":"","format":"standard","meta":[],"categories":[6],"tags":[],"acf":[],"_links":{"self":[{"href":"https:\/\/paroisses-nancy-sud.fr\/HOME\/wp-json\/wp\/v2\/posts\/4682"}],"collection":[{"href":"https:\/\/paroisses-nancy-sud.fr\/HOME\/wp-json\/wp\/v2\/posts"}],"about":[{"href":"https:\/\/paroisses-nancy-sud.fr\/HOME\/wp-json\/wp\/v2\/types\/post"}],"author":[{"embeddable":true,"href":"https:\/\/paroisses-nancy-sud.fr\/HOME\/wp-json\/wp\/v2\/users\/5"}],"replies":[{"embeddable":true,"href":"https:\/\/paroisses-nancy-sud.fr\/HOME\/wp-json\/wp\/v2\/comments?post=4682"}],"version-history":[{"count":1,"href":"https:\/\/paroisses-nancy-sud.fr\/HOME\/wp-json\/wp\/v2\/posts\/4682\/revisions"}],"predecessor-version":[{"id":4683,"href":"https:\/\/paroisses-nancy-sud.fr\/HOME\/wp-json\/wp\/v2\/posts\/4682\/revisions\/4683"}],"wp:featuredmedia":[{"embeddable":true,"href":"https:\/\/paroisses-nancy-sud.fr\/HOME\/wp-json\/wp\/v2\/media\/529"}],"wp:attachment":[{"href":"https:\/\/paroisses-nancy-sud.fr\/HOME\/wp-json\/wp\/v2\/media?parent=4682"}],"wp:term":[{"taxonomy":"category","embeddable":true,"href":"https:\/\/paroisses-nancy-sud.fr\/HOME\/wp-json\/wp\/v2\/categories?post=4682"},{"taxonomy":"post_tag","embeddable":true,"href":"https:\/\/paroisses-nancy-sud.fr\/HOME\/wp-json\/wp\/v2\/tags?post=4682"}],"curies":[{"name":"wp","href":"https:\/\/api.w.org\/{rel}","templated":true}]}}