{"id":4684,"date":"2025-05-16T16:40:00","date_gmt":"2025-05-16T14:40:00","guid":{"rendered":"https:\/\/paroisses-nancy-sud.fr\/HOME\/?p=4684"},"modified":"2025-05-16T21:45:50","modified_gmt":"2025-05-16T19:45:50","slug":"annonces-de-la-visitation-du-18-mai","status":"publish","type":"post","link":"https:\/\/paroisses-nancy-sud.fr\/HOME\/annonces-de-la-visitation-du-18-mai\/","title":{"rendered":"Annonces de la Visitation du 18 mai"},"content":{"rendered":"\n<p><span style=\"color: #000000;\"><strong>Dimanche 25 mai, <\/strong>bapt\u00eames d\u2019Alba et Alec et de Victoria.<\/span><br \/><span style=\"color: #000000;\">La maman de Victoria, Nina, recevra les trois sacrements d\u2019initiation chr\u00e9tienne en l\u2019\u00e9glise de Neuves-Maisons.<\/span><br \/><span style=\"color: #000000;\">R\u00e9jouissons-nous et portons-les dans nos pri\u00e8res\u00a0!<\/span><\/p>\n<p><span style=\"color: #000000;\"><strong>Dimanche 18 mai \u00e0 15h00, <\/strong>en l\u2019\u00e9glise de Maron, concert \u00a0Gospel organis\u00e9 par le Secours Populaire de Neuves Maisons qui f\u00eate ses 80 ans, entr\u00e9e libre.<\/span><\/p>\n<p><span style=\"color: #000000;\"><strong>Samedi 24 mai<\/strong>, de 9h30 \u00e0 16h00, r\u00e9collection avant la confirmation pour les adultes. Ce temps de r\u00e9collection se fera en pr\u00e9sence de notre \u00e9v\u00eaque, Monseigneur Pierre-Yves Michel.<\/span><\/p>\n<p><span style=\"color: #000000;\"><strong>Le Jeudi de l\u2019Ascension, 29 mai, <\/strong><strong>rendez-vous est donn\u00e9 pour la journ\u00e9e familiale de p\u00e8lerinage de notre secteur vers Sion !<\/strong> <strong>Enfants, jeunes, adultes\u00a0<\/strong>sont invit\u00e9s \u00e0 cette\u00a0<strong>journ\u00e9e fraternelle<\/strong> en cette ann\u00e9e de jubil\u00e9 plac\u00e9e sous le th\u00e8me des \u2018<strong>\u2019p\u00e8lerins de l\u2019esp\u00e9rance\u2019\u2019.<\/strong><\/span><br \/><span style=\"color: #000000;\"><strong>\u2013 D\u00e9part \u00e0 pied \u00e0 9h \u00e0 They sous Vaud\u00e9mont\u00a0<\/strong>ou<strong>\u00a0d\u00e9part \u00e0 10h \u00e0 Vaud\u00e9mont\u00a0<\/strong>(les 2 groupes se retrouvent \u00e0 Vaud\u00e9mont et continuent ensemble)<\/span><br \/><span style=\"color: #000000;\"><strong>\u2013 Ap\u00e9ritif vers midi et demi \u00e0\u00a0<\/strong><em>l\u2019abri des p\u00e8lerins<\/em><strong>\u00a0<\/strong>puis<strong>\u00a0repas partag\u00e9<\/strong><\/span><br \/><span style=\"color: #000000;\"><strong>\u2013 14h00\u00a0<\/strong>un moment d \u2018enseignement pour les adultes<\/span><br \/><span style=\"color: #000000;\"><strong>\u2013 15h00\u00a0<\/strong>chants de louange \u00e0 la basilique et messe \u00e0 15h30<\/span><\/p>\n<p><span style=\"color: #000000;\"><strong>\u00a0<\/strong><strong>Samedi 31 mai<\/strong>, f\u00eate de la Bienheureuse Vierge Marie,\u00a0<strong>messe \u00e0 10h30<\/strong>\u00a0\u00e0 l&rsquo;\u00e9glise de Neuves-Maisons<\/span><\/p>\n<p><span style=\"color: #000000;\"><strong>Du\u00a001 mai\u00a0\u00e0 09h00\u00a0au\u00a030 juin 2025\u00a0\u00e0 18h00<\/strong>\u00a0; \u00c0 l\u2019occasion des 10 ans de l\u2019encyclique\u00a0<a style=\"color: #000000;\" href=\"https:\/\/www.vatican.va\/content\/francesco\/fr\/encyclicals\/documents\/papa-francesco_20150524_enciclica-laudato-si.html\"><em>Laudato Si\u2019<\/em><\/a>, dans laquelle le Pape Fran\u00e7ois proposait une vision chr\u00e9tienne de l\u2019\u00e9cologie li\u00e9e \u00e0 la fraternit\u00e9, notre dioc\u00e8se organise ses premi\u00e8res\u00a0Journ\u00e9es Chr\u00e9tiennes de l\u2019\u00c9cologie avec de nombreuses activit\u00e9s\u00a0; Plus d&rsquo;infos sur le site du dioc\u00e8s<em>e:\u00a0<strong><a style=\"color: #000000;\" href=\"https:\/\/www.catholique-nancy.fr\/sites\/service-diocesain-de-la-solidarite-et-de-la-diaconie\/agenda\/92590-journees-chretiennes-de-lecologie-10-ans-de-lencyclique-laudato-si\/\">https:\/\/www.catholique-nancy.fr\/sites\/service-diocesain-de-la-solidarite-et-de-la-diaconie\/agenda\/92590-journees-chretiennes-de-lecologie-10-ans-de-lencyclique-laudato-si\/<\/a><\/strong><\/em><\/span><\/p>\n<p><span style=\"color: #000000;\">\u2026Et si vous deveniez p\u00e8lerins d\u2019esp\u00e9rance avec Marie ?\u00a0Comme chaque ann\u00e9e, le\u00a0<a style=\"color: #000000;\" href=\"https:\/\/www.catholique-nancy.fr\/sites\/service-diocesain-des-pelerinages\/\">service des p\u00e8lerinages<\/a>\u00a0du dioc\u00e8se de Nancy et Toul vous propose un\u00a0p\u00e8lerinage dioc\u00e9sain \u00e0 Lourdes.\u00a0Cette ann\u00e9e, il aura lieu\u00a0du l<strong>undi 14 au dimanche 20 juillet 2025<\/strong>, et sera pr\u00e9sid\u00e9 par Monseigneur\u00a0Pierre-Yves Michel, \u00e9v\u00eaque de Nancy et Toul.<\/span><br \/><span style=\"color: #000000;\">Plus d\u2019informations, sur le site :\u00a0<a style=\"color: #000000;\" href=\"https:\/\/post.spmailtechn.com\/f\/a\/kI6KoM30rV3Dq9VLnP9DhA~~\/AAGv9hA~\/Ap96x4GqMta0TXlzHwGr1RYg-GeIv9qasQZcTdCBuI_f0Sby2Izzvk1cbm4nUH6XlWuC_d6gOWhWmFTSmKfIC-w1HF9oIGIaWKE0Ui0f8yfr2pl8ksK-By-Z613dqewA\">https:\/\/pelerin2025-lourdes.venio.fr\/fr<\/a><\/span><\/p>\n<p><span style=\"color: #000000;\"><strong>Messes \u00e0 la Visitation :<br \/><\/strong>Samedi 24 mai \u00e0 18h00 : Parey-Saint-C\u00e9zaire<\/span><br \/><span style=\"color: #000000;\">Dimanche 25 mai \u00e0 10h30\u00a0: Neuves Maisons<\/span><\/p>\n<p><span style=\"color: #000000;\"><strong>Messes en semaine.\u00a0<br \/><\/strong>Jeudi\u00a0: adoration \u00e0 16h00 et messe \u00e0 16h30 \u00e0 la chapelle.<\/span><br \/><span style=\"color: #000000;\">Vendredi : messe \u00e0 08h20 chez les s\u0153urs \u00e0 Bainville, 67 rue Jacques Callot.<\/span><\/p>\n<p><span style=\"color: #000000;\"><u><strong>Permanences<\/strong> \u00e0 <strong>la maison paroissiale<\/strong> :<\/u> <\/span><br \/><span style=\"color: #000000;\">Mardi de 14h \u00e0 16h30 et Samedi de 9h30 \u00e0 11h30<\/span><br \/><span style=\"color: #000000;\">tel : 03 83 47 25 54 \u2013 <em><strong>adresse mail<\/strong><\/em><strong> : <\/strong><a style=\"color: #000000;\" href=\"mailto:visitationmm@orange.fr\">visitationmm@orange.fr<\/a>\u00a0 <\/span><br \/><span style=\"color: #000000;\">Horaires des messes :\u00a0 <a style=\"color: #000000;\" href=\"https:\/\/messes.info\/\">messesinfo<\/a><em> (cliquer sur le lien)<\/em><\/span><\/p>\n","protected":false},"excerpt":{"rendered":"<p>Dimanche 25 mai, bapt\u00eames d\u2019Alba et Alec et de Victoria.La maman de Victoria, Nina, recevra les trois sacrements d\u2019initiation chr\u00e9tienne en l\u2019\u00e9glise de Neuves-Maisons.R\u00e9jouissons-nous et portons-les dans nos pri\u00e8res\u00a0! Dimanche 18 mai \u00e0 15h00, en l\u2019\u00e9glise de Maron, concert \u00a0Gospel organis\u00e9 par le Secours Populaire de Neuves Maisons qui f\u00eate ses 80 ans, entr\u00e9e libre.&hellip; <br \/> <a class=\"read-more\" href=\"https:\/\/paroisses-nancy-sud.fr\/HOME\/annonces-de-la-visitation-du-18-mai\/\">Lire la suite<\/a><\/p>\n","protected":false},"author":5,"featured_media":472,"comment_status":"closed","ping_status":"open","sticky":false,"template":"","format":"standard","meta":[],"categories":[10],"tags":[],"acf":[],"_links":{"self":[{"href":"https:\/\/paroisses-nancy-sud.fr\/HOME\/wp-json\/wp\/v2\/posts\/4684"}],"collection":[{"href":"https:\/\/paroisses-nancy-sud.fr\/HOME\/wp-json\/wp\/v2\/posts"}],"about":[{"href":"https:\/\/paroisses-nancy-sud.fr\/HOME\/wp-json\/wp\/v2\/types\/post"}],"author":[{"embeddable":true,"href":"https:\/\/paroisses-nancy-sud.fr\/HOME\/wp-json\/wp\/v2\/users\/5"}],"replies":[{"embeddable":true,"href":"https:\/\/paroisses-nancy-sud.fr\/HOME\/wp-json\/wp\/v2\/comments?post=4684"}],"version-history":[{"count":1,"href":"https:\/\/paroisses-nancy-sud.fr\/HOME\/wp-json\/wp\/v2\/posts\/4684\/revisions"}],"predecessor-version":[{"id":4685,"href":"https:\/\/paroisses-nancy-sud.fr\/HOME\/wp-json\/wp\/v2\/posts\/4684\/revisions\/4685"}],"wp:featuredmedia":[{"embeddable":true,"href":"https:\/\/paroisses-nancy-sud.fr\/HOME\/wp-json\/wp\/v2\/media\/472"}],"wp:attachment":[{"href":"https:\/\/paroisses-nancy-sud.fr\/HOME\/wp-json\/wp\/v2\/media?parent=4684"}],"wp:term":[{"taxonomy":"category","embeddable":true,"href":"https:\/\/paroisses-nancy-sud.fr\/HOME\/wp-json\/wp\/v2\/categories?post=4684"},{"taxonomy":"post_tag","embeddable":true,"href":"https:\/\/paroisses-nancy-sud.fr\/HOME\/wp-json\/wp\/v2\/tags?post=4684"}],"curies":[{"name":"wp","href":"https:\/\/api.w.org\/{rel}","templated":true}]}}