{"id":4687,"date":"2025-05-23T16:09:12","date_gmt":"2025-05-23T14:09:12","guid":{"rendered":"https:\/\/paroisses-nancy-sud.fr\/HOME\/?p=4687"},"modified":"2025-05-23T16:09:12","modified_gmt":"2025-05-23T14:09:12","slug":"annonces-de-la-visitation-du-25-mai","status":"publish","type":"post","link":"https:\/\/paroisses-nancy-sud.fr\/HOME\/annonces-de-la-visitation-du-25-mai\/","title":{"rendered":"Annonces de la Visitation du 25 mai"},"content":{"rendered":"\n<p><span style=\"color: #000000;\"><strong>Bapt\u00eames :<br \/><\/strong><strong>\u00a0&#8211; Samedi 31 mai<\/strong>, bapt\u00eame de Gabriel Klein en l\u2019\u00e9glise de Neuves-Maisons<\/span><br \/><span style=\"color: #000000;\"><strong>\u00a0&#8211; Dimanche 01 juin, <\/strong>bapt\u00eame de Fidji Dargent et de Lissandro Vaz en l\u2019\u00e9glise de Neuves-Maisons<\/span><br \/><span style=\"color: #000000;\">R\u00e9jouissons-nous et portons-les dans nos pri\u00e8res\u00a0!<\/span><\/p>\n<p><span style=\"color: #000000;\"><strong>Mardi 27 mai 2025\u00a0\u00e0 20h30 au domaine de l\u2019Asn\u00e9e, \u00e0 Villers-l\u00e8s-Nancy, <\/strong>conf\u00e9rence-d\u00e9bat organis\u00e9e par l\u2019<a style=\"color: #000000;\" href=\"https:\/\/espace-ada.fr\/\">Espace ADA<\/a> sur le th\u00e8me :\u00a0Les enjeux du suicide assist\u00e9.\u00a0Une d\u00e9route de la raison\u00a0?<\/span><br \/><span style=\"color: #000000;\"><em>Le vote de l\u2019Assembl\u00e9e Nationale sur les soins palliatifs et sa d\u00e9cision concernant l\u2019euthanasie en France ouvre une b\u00e9ance vertigineuse. Le sentiment d\u2019un basculement de civilisation induit une sourde inqui\u00e9tude, mais rarement expliqu\u00e9e : l\u2019ampleur de l\u2019\u00e9v\u00e9nement met en jeu notre commune humanit\u00e9<\/em>.<\/span><\/p>\n<p><span style=\"color: #000000;\"><strong>Le Jeudi de l\u2019Ascension, 29 mai, <\/strong><strong>rendez-vous est donn\u00e9 pour la journ\u00e9e familiale de p\u00e8lerinage de notre secteur vers Sion !<\/strong> <\/span><br \/><span style=\"color: #000000;\"><strong>Enfants, jeunes, adultes\u00a0<\/strong>sont invit\u00e9s \u00e0 cette\u00a0<strong>journ\u00e9e fraternelle<\/strong> en cette ann\u00e9e de jubil\u00e9 plac\u00e9e sous le th\u00e8me des \u2018<strong>\u2019p\u00e8lerins de l\u2019esp\u00e9rance\u2019\u2019.<\/strong><\/span><br \/><span style=\"color: #000000;\"><strong>\u2013 D\u00e9part \u00e0 pied \u00e0 9h de They sous Vaud\u00e9mont\u00a0<\/strong>ou<strong>\u00a0d\u00e9part \u00e0 10h de Vaud\u00e9mont\u00a0<\/strong>(les 2 groupes se retrouvent \u00e0 Vaud\u00e9mont et continuent ensemble)\u00a0; Covoiturage possible du parking de Sion situ\u00e9 en-dessous du \u00ab\u00a0restaurant de la colline\u00a0\u00bb\u00a0: RV au plus tard \u00e0 8h40 pour les p\u00e8lerins de They et 9h40 pour ceux de Vaud\u00e9mont.<\/span><br \/><span style=\"color: #000000;\"><strong>\u2013 Ap\u00e9ritif vers midi et demi \u00e0\u00a0<\/strong><em>l\u2019abri des p\u00e8lerins<\/em><strong>\u00a0<\/strong>puis<strong>\u00a0repas partag\u00e9<\/strong><\/span><br \/><span style=\"color: #000000;\"><strong>\u2013 14h00\u00a0<\/strong>un moment d \u2018enseignement pour les adultes<\/span><br \/><span style=\"color: #000000;\"><strong>\u2013 15h00\u00a0<\/strong>chants de louange \u00e0 la basilique et messe \u00e0 15h30<\/span><\/p>\n<p><span style=\"color: #000000;\"><strong>Du\u00a001 mai\u00a0\u00e0 09h00\u00a0au\u00a030 juin 2025\u00a0\u00e0 18h00<\/strong>\u00a0; \u00c0 l\u2019occasion des 10 ans de l\u2019encyclique\u00a0<a style=\"color: #000000;\" href=\"https:\/\/www.vatican.va\/content\/francesco\/fr\/encyclicals\/documents\/papa-francesco_20150524_enciclica-laudato-si.html\"><em>Laudato Si\u2019<\/em><\/a>, dans laquelle le Pape Fran\u00e7ois proposait une vision chr\u00e9tienne de l\u2019\u00e9cologie li\u00e9e \u00e0 la fraternit\u00e9, notre dioc\u00e8se organise ses premi\u00e8res\u00a0Journ\u00e9es Chr\u00e9tiennes de l\u2019\u00c9cologie avec de nombreuses activit\u00e9s\u00a0; Plus d&rsquo;infos sur le site du dioc\u00e8s<em>e:\u00a0<strong><a style=\"color: #000000;\" href=\"https:\/\/www.catholique-nancy.fr\/sites\/service-diocesain-de-la-solidarite-et-de-la-diaconie\/agenda\/92590-journees-chretiennes-de-lecologie-10-ans-de-lencyclique-laudato-si\/\">https:\/\/www.catholique-nancy.fr\/sites\/service-diocesain-de-la-solidarite-et-de-la-diaconie\/agenda\/92590-journees-chretiennes-de-lecologie-10-ans-de-lencyclique-laudato-si\/<\/a><\/strong><\/em><\/span><\/p>\n<p><span style=\"color: #000000;\">P\u00e8lerinage \u00e0 Lourdes:<\/span><br \/><span style=\"color: #000000;\">Et si vous deveniez p\u00e8lerins d\u2019esp\u00e9rance avec Marie ? Comme chaque ann\u00e9e, le <a style=\"color: #000000;\" href=\"https:\/\/www.catholique-nancy.fr\/sites\/service-diocesain-des-pelerinages\/\">service des p\u00e8lerinages<\/a>\u00a0du dioc\u00e8se de Nancy et Toul vous propose un\u00a0p\u00e8lerinage dioc\u00e9sain \u00e0 Lourdes.\u00a0Cette ann\u00e9e, il aura lieu\u00a0du l<strong>undi 14 au dimanche 20 juillet 2025<\/strong>, et sera pr\u00e9sid\u00e9 par Monseigneur\u00a0Pierre-Yves Michel, \u00e9v\u00eaque de Nancy et Toul. <strong><em>Informations :\u00a0<a style=\"color: #000000;\" href=\"https:\/\/post.spmailtechn.com\/f\/a\/kI6KoM30rV3Dq9VLnP9DhA~~\/AAGv9hA~\/Ap96x4GqMta0TXlzHwGr1RYg-GeIv9qasQZcTdCBuI_f0Sby2Izzvk1cbm4nUH6XlWuC_d6gOWhWmFTSmKfIC-w1HF9oIGIaWKE0Ui0f8yfr2pl8ksK-By-Z613dqewA\">https:\/\/pelerin2025-lourdes.venio.fr\/fr<\/a><\/em><\/strong><\/span><\/p>\n<p><span style=\"color: #000000;\"><strong>Messes \u00e0 la Visitation :<br \/><\/strong><strong>Jeudi de l\u2019Ascension, 29 mai \u00e0 10h30\u00a0: Neuves-Maisons<br \/><\/strong><strong>Samedi 31 mai \u00e0 10h30\u00a0: Neuves-Maisons, f\u00eate de la Bienheureuse Vierge Marie<br \/><\/strong><strong>Dimanche 01 juin \u00e0 10h30\u00a0: Neuves Maisons<\/strong><\/span><\/p>\n<p><span style=\"color: #000000;\"><strong>Messes en semaine :\u00a0<br \/><\/strong><strong>Vendredi\u00a0: messe \u00e0 08h20 chez les s\u0153urs \u00e0 Bainville, 67 rue Jacques Callot.<\/strong><\/span><\/p>\n","protected":false},"excerpt":{"rendered":"<p>Bapt\u00eames :\u00a0&#8211; Samedi 31 mai, bapt\u00eame de Gabriel Klein en l\u2019\u00e9glise de Neuves-Maisons\u00a0&#8211; Dimanche 01 juin, bapt\u00eame de Fidji Dargent et de Lissandro Vaz en l\u2019\u00e9glise de Neuves-MaisonsR\u00e9jouissons-nous et portons-les dans nos pri\u00e8res\u00a0! Mardi 27 mai 2025\u00a0\u00e0 20h30 au domaine de l\u2019Asn\u00e9e, \u00e0 Villers-l\u00e8s-Nancy, conf\u00e9rence-d\u00e9bat organis\u00e9e par l\u2019Espace ADA sur le th\u00e8me :\u00a0Les enjeux du&hellip; <br \/> <a class=\"read-more\" href=\"https:\/\/paroisses-nancy-sud.fr\/HOME\/annonces-de-la-visitation-du-25-mai\/\">Lire la suite<\/a><\/p>\n","protected":false},"author":5,"featured_media":472,"comment_status":"closed","ping_status":"open","sticky":false,"template":"","format":"standard","meta":[],"categories":[10],"tags":[],"acf":[],"_links":{"self":[{"href":"https:\/\/paroisses-nancy-sud.fr\/HOME\/wp-json\/wp\/v2\/posts\/4687"}],"collection":[{"href":"https:\/\/paroisses-nancy-sud.fr\/HOME\/wp-json\/wp\/v2\/posts"}],"about":[{"href":"https:\/\/paroisses-nancy-sud.fr\/HOME\/wp-json\/wp\/v2\/types\/post"}],"author":[{"embeddable":true,"href":"https:\/\/paroisses-nancy-sud.fr\/HOME\/wp-json\/wp\/v2\/users\/5"}],"replies":[{"embeddable":true,"href":"https:\/\/paroisses-nancy-sud.fr\/HOME\/wp-json\/wp\/v2\/comments?post=4687"}],"version-history":[{"count":2,"href":"https:\/\/paroisses-nancy-sud.fr\/HOME\/wp-json\/wp\/v2\/posts\/4687\/revisions"}],"predecessor-version":[{"id":4693,"href":"https:\/\/paroisses-nancy-sud.fr\/HOME\/wp-json\/wp\/v2\/posts\/4687\/revisions\/4693"}],"wp:featuredmedia":[{"embeddable":true,"href":"https:\/\/paroisses-nancy-sud.fr\/HOME\/wp-json\/wp\/v2\/media\/472"}],"wp:attachment":[{"href":"https:\/\/paroisses-nancy-sud.fr\/HOME\/wp-json\/wp\/v2\/media?parent=4687"}],"wp:term":[{"taxonomy":"category","embeddable":true,"href":"https:\/\/paroisses-nancy-sud.fr\/HOME\/wp-json\/wp\/v2\/categories?post=4687"},{"taxonomy":"post_tag","embeddable":true,"href":"https:\/\/paroisses-nancy-sud.fr\/HOME\/wp-json\/wp\/v2\/tags?post=4687"}],"curies":[{"name":"wp","href":"https:\/\/api.w.org\/{rel}","templated":true}]}}