{"id":4689,"date":"2025-05-25T10:00:00","date_gmt":"2025-05-25T08:00:00","guid":{"rendered":"https:\/\/paroisses-nancy-sud.fr\/HOME\/?p=4689"},"modified":"2025-05-23T16:22:48","modified_gmt":"2025-05-23T14:22:48","slug":"etre-un-en-celui-qui-est-un","status":"publish","type":"post","link":"https:\/\/paroisses-nancy-sud.fr\/HOME\/etre-un-en-celui-qui-est-un\/","title":{"rendered":"\u00catre un en celui qui est un"},"content":{"rendered":"\n<p class=\"Textbody\" style=\"margin-bottom: 5.65pt; text-align: justify;\"><span style=\"color: #000000;\"><b><span style=\"font-size: 15.5pt; font-family: Caladea;\">\u00catre un en celui qui est un<\/span><\/b><\/span><\/p>\n<p class=\"Textbody\" style=\"margin-bottom: 5.65pt; text-align: justify;\"><span style=\"font-size: 15.5pt; font-family: Caladea; color: #000000;\">Nous avons des histoires diff\u00e9rentes, des personnalit\u00e9s diff\u00e9rentes, des vocations diff\u00e9rentes. Ici et maintenant, nous sommes m\u00eame dans diff\u00e9rents \u00e9tats d&rsquo;esprit\u00a0: certains sont dans la joie et l&rsquo;action de gr\u00e2ce tandis que d&rsquo;autres sont attrist\u00e9s et inquiets\u00a0; certains sont bien pr\u00e9sents \u00e0 la c\u00e9l\u00e9bration tandis que d&rsquo;autres sont pr\u00e9occup\u00e9s et distraits. Diff\u00e9rents, nous avons cependant part \u00e0 une seule foi et un seul bapt\u00eame, nous avons re\u00e7u un unique Esprit Saint, nous avons entendu la m\u00eame parole et nous faisons corps avec le m\u00eame Christ.<\/span><\/p>\n<p class=\"Textbody\" style=\"margin-bottom: 5.65pt; text-align: justify;\"><span style=\"font-size: 15.5pt; font-family: Caladea; color: #000000;\">Il en va de notre communaut\u00e9 locale comme de l&rsquo;\u00c9glise tout enti\u00e8re telle qu&rsquo;elle est apparue en vision \u00e0 Jean dans l&rsquo;Apocalypse\u00a0: douze portes diff\u00e9rentes permettent d&rsquo;entrer dans J\u00e9rusalem, et pourtant c&rsquo;est une unique cit\u00e9 autour de l&rsquo;unique Seigneur Dieu et de l&rsquo;Agneau. \u00ab\u00a0Je crois en l&rsquo;\u00c9glise une&#8230;\u00a0\u00bb\u00a0: la premi\u00e8re chose que nous croyons \u00e0 propos de l&rsquo;\u00c9glise, c&rsquo;est qu&rsquo;elle est une, comme Dieu est un. Plus l&rsquo;\u00c9glise est visiblement une, mieux elle t\u00e9moigne du Dieu un. Le pape L\u00e9on a d&rsquo;ailleurs choisi comme devise\u00a0: \u00ab\u00a0I<i>n illo uno unum\u00a0\u00bb, <\/i>\u00ab\u00a0\u00catre un en celui qui est un\u00a0\u00bb.<\/span><\/p>\n<p class=\"Textbody\" style=\"margin-bottom: 5.65pt; text-align: justify;\"><span style=\"font-size: 15.5pt; font-family: Caladea; color: #000000;\">La premi\u00e8re lecture nous raconte comment nos p\u00e8res dans la foi sont parvenus \u00e0 maintenir l&rsquo;unit\u00e9 entre chr\u00e9tiens venus du juda\u00efsme et chr\u00e9tiens venus du paganisme. \u00ab\u00a0Attendu que certains&#8230; ont jet\u00e9 chez vous le trouble et le d\u00e9sarroi, nous avons pris la d\u00e9cision, \u00e0 l&rsquo;unanimit\u00e9, etc.\u00a0\u00bb Au trouble et au d\u00e9sarroi a r\u00e9pondu l&rsquo;unanimit\u00e9 des Ap\u00f4tres et des anciens de J\u00e9rusalem, et l&rsquo;unit\u00e9 entre t\u00e9moins du Dieu un a \u00e9t\u00e9 sauvegard\u00e9e, au moins pour un temps.<\/span><\/p>\n<p class=\"Textbody\" style=\"margin-bottom: 5.65pt; text-align: justify;\"><span style=\"color: #000000;\"><span style=\"font-size: 15.5pt; font-family: Caladea;\">\u00a0<\/span><span style=\"font-size: 15.5pt; font-family: Caladea;\">\u00ab\u00a0Je vous laisse la paix, je vous donne ma paix\u00a0; ce n&rsquo;est pas \u00e0 la mani\u00e8re du monde que je vous la donne.\u00a0\u00bb L&rsquo;\u00c9vangile de ce dimanche nous renvoie bien s\u00fbr \u00e0 la pri\u00e8re au Seigneur J\u00e9sus \u00e0 chaque messe\u00a0: \u00ab\u00a0Seigneur J\u00e9sus-Christ, tu as dit \u00e0 tes Ap\u00f4tres\u00a0: \u201cJe vous laisse la paix, je vous donne ma paix\u201d\u00a0; ne regarde pas nos p\u00e9ch\u00e9s, mais la foi de ton \u00c9glise\u00a0; pour que ta volont\u00e9 s&rsquo;accomplisse, donne-lui toujours cette paix, et conduis-la vers l&rsquo;unit\u00e9 parfaite.\u00a0\u00bb La paix et l&rsquo;unit\u00e9 sont donn\u00e9es d&#8217;embl\u00e9e et cependant il faut sans cesse demander la paix en vue de l&rsquo;unit\u00e9 parfaite. <i>In illo uno unum<\/i>, \u00ab\u00a0\u00catre un en celui qui est un\u00a0\u00bb<\/span><\/span><\/p>\n<p class=\"Textbody\" style=\"margin-bottom: 5.65pt; text-align: justify;\"><span style=\"font-size: 15.5pt; font-family: Caladea; color: #000000;\">La paix et l&rsquo;unit\u00e9 dans l&rsquo;\u00c9glise ne sont d&rsquo;abord l&rsquo;affaire des \u00e9v\u00eaques et du pape. \u00c0 chacun d&rsquo;y travailler \u00e0 notre niveau. La paix et l&rsquo;unit\u00e9 d&rsquo;une paroisse, d&rsquo;un groupe de pri\u00e8re, d&rsquo;un groupe d&rsquo;amis, d&rsquo;une famille chr\u00e9tienne, rendent t\u00e9moignage au Dieu un. Au contraire, la division fait toujours le jeu du diable, qui est le diviseur.<\/span><\/p>\n<p class=\"Textbody\" style=\"margin-bottom: 5.65pt; text-align: justify;\"><span style=\"font-size: 15.5pt; font-family: Caladea; color: #000000;\">L&rsquo;effort pour la paix et l&rsquo;unit\u00e9 concerne m\u00eame ma propre existence. Moi qui suis une personne unique, je dois jouer plusieurs r\u00f4les successivement et parfois en m\u00eame temps : avertir l&rsquo;un et consoler l&rsquo;autre, pleurer avec l&rsquo;un et me r\u00e9jouir avec l&rsquo;autre, parler \u00e0 l&rsquo;un et \u00e9couter l&rsquo;autre, \u00eatre p\u00e8re et fr\u00e8re, fils et ami, actif et contemplatif. Et cela vaut pour chacun ici. Comment ne pas \u00eatre divis\u00e9 ?<\/span><\/p>\n<p class=\"Textbody\" style=\"margin-bottom: 5.65pt; text-align: justify;\"><span style=\"color: #000000;\"><span style=\"font-size: 15.5pt; font-family: Caladea;\">\u00a0<\/span><span style=\"font-size: 15.5pt; font-family: Caladea;\">Nous avons besoin du Seigneur J\u00e9sus. La paix et l&rsquo;unit\u00e9 ne peuvent venir que de lui. \u00ab\u00a0Je vous laisse la paix, je vous donne ma paix\u00a0; ce n&rsquo;est pas \u00e0 la mani\u00e8re du monde que je vous la donne.\u00a0\u00bb<\/span><\/span><\/p>\n<p class=\"Textbody\" style=\"margin-bottom: 5.65pt; text-align: justify;\"><span style=\"font-size: 15.5pt; font-family: Caladea; color: #000000;\">La paix \u00e0 la mani\u00e8re du monde est une paix de surface. C&rsquo;est la fausse paix de l&#8217;empire romain qui ne tenait que par la force et la terreur. C&rsquo;est la fausse paix de Pilate et des autorit\u00e9s juives de l&rsquo;\u00e9poque de J\u00e9sus, capables de condamner \u00e0 mort l&rsquo;innocent pour pr\u00e9server leur tranquillit\u00e9. C&rsquo;est la paix apparente qui r\u00e8gne entre deux pays ennemis, par exemple les \u00c9tats-Unis et la Chine, qui attendent en r\u00e9alit\u00e9 l&rsquo;occasion de frapper le premier. C&rsquo;est la paix apparente qui refuse de regarder les probl\u00e8mes de notre pays et qui se convainc qu&rsquo;ils n&rsquo;existent pas. C&rsquo;est la paix apparente qui fait violence aux plus fragiles, et sp\u00e9cialement en ce moment les personnes malades et en fin de vie, pour pr\u00e9server la tranquillit\u00e9 de la majorit\u00e9. Le proph\u00e8te Ezekiel (Ez\u00a013) a compar\u00e9 cette fausse paix \u00e0 un badigeon dont on couvre un mur en ruine pour lui donner l&rsquo;apparence du neuf et de la solidit\u00e9.<\/span><\/p>\n<p class=\"Textbody\" style=\"margin-bottom: 5.65pt; text-align: justify;\"><span style=\"font-size: 15.5pt; font-family: Caladea; color: #000000;\">La vraie paix qui conduit \u00e0 l&rsquo;unit\u00e9 parfaite ne peut venir que du Christ J\u00e9sus. Dans la tradition latine, l&rsquo;\u00c9glise prie la pri\u00e8re eucharistique et demande au P\u00e8re de consacrer le pain et le vin par l&rsquo;Esprit Saint. C&rsquo;est seulement ensuite, une fois que le Christ, le Prince de la paix, est rendu pr\u00e9sent au milieu de nous, que nous pouvons nous donner la paix qui vient de lui. Le rite de la paix exprime notre d\u00e9sir d&rsquo;\u00eatre l&rsquo;\u00c9glise une du Dieu un. Alors nous pouvons communier, ne faire qu&rsquo;un dans l&rsquo;unique Christ. Enfin, nous sommes envoy\u00e9s \u00ab\u00a0dans la paix du Christ\u00a0\u00bb pour porter cette paix \u00e0 tous.<\/span><\/p>\n<p class=\"Textbody\" style=\"margin-bottom: 5.65pt; text-align: justify;\"><span style=\"font-size: 15.5pt; font-family: Caladea; color: #000000;\">La vraie paix qui conduit \u00e0 l&rsquo;unit\u00e9 parfaite ne peut venir que du Christ J\u00e9sus. <i>In illo uno unum<\/i>, \u00ab\u00a0\u00catre un en celui qui est un\u00a0\u00bb. Nous avons besoin de nous tenir chaque jour en sa pr\u00e9sence pour le laisser nous gu\u00e9rir, de lire chaque jour sa parole qui apaise, de nous laisser toucher par lui dans les sacrements\u00a0: \u00ab\u00a0Quand nous serons nourris de son Corps et de son Sang, accorde-nous d&rsquo;\u00eatre un seul corps et un seul esprit dans le Christ&#8230; Que Dieu notre P\u00e8re vous donne le pardon et la paix.\u00a0\u00bb<\/span><\/p>\n<p class=\"Textbody\" style=\"margin-bottom: 5.65pt; text-align: justify;\"><span style=\"color: #000000;\"><span style=\"font-size: 15.5pt; font-family: Caladea;\">\u00a0<\/span><span style=\"font-size: 15.5pt; font-family: Caladea;\">Gr\u00e2ce au Seigneur J\u00e9sus, nous nous d\u00e9couvrons aim\u00e9s par le P\u00e8re et r\u00e9concili\u00e9s avec lui. Lui seul peut gu\u00e9rir notre c\u0153ur au plus profond, r\u00e9tablir cette relation avec Dieu sans laquelle toute notre vie n&rsquo;est qu&rsquo;une maison b\u00e2tie sur le sable. De la paix avec Dieu na\u00eet la paix avec soi-m\u00eame\u00a0: je suis aim\u00e9\u00a0; avant toute chose, je suis une personne unique et pr\u00e9cieuse aux yeux de Dieu. De la paix avec soi-m\u00eame na\u00eet la paix avec les autres et avec la cr\u00e9ation enti\u00e8re\u00a0: je n&rsquo;ai pas \u00e0 \u00e9craser l&rsquo;autre pour exister\u00a0; l&rsquo;autre aussi est pr\u00e9cieux aux yeux de Dieu.<\/span><\/span><\/p>\n<p class=\"Textbody\" style=\"margin-bottom: 5.65pt; text-align: justify;\"><span style=\"font-size: 15.5pt; font-family: Caladea; color: #000000;\">\u00ab\u00a0Que votre c\u0153ur ne soit pas boulevers\u00e9 ni effray\u00e9.\u00a0\u00bb Le Seigneur J\u00e9sus sait qu&rsquo;il va passer par l&rsquo;abandon, la torture et la mort. C&rsquo;est pourtant lui qui pacifie ses amis gr\u00e2ce \u00e0 la paix qui est en lui. Il sait qu&rsquo;il a remis sa vie entre les mains d&rsquo;un plus grand que lui et que le P\u00e8re ne l&rsquo;abandonnera pas.<\/span><\/p>\n<p class=\"Textbody\" style=\"margin-bottom: 5.65pt; text-align: justify;\"><span style=\"font-size: 15.5pt; font-family: Caladea; color: #000000;\"> Fr\u00e8res et s\u0153urs, demandons au Seigneur J\u00e9sus de r\u00e9pandre en nous son Esprit de paix, afin que, dans notre existence, dans nos familles, dans nos communaut\u00e9s, dans notre \u00c9glise, nous soyons un en celui qui est un et qui vit pour les si\u00e8cles des si\u00e8cles. Amen.<\/span><\/p>\n<p style=\"text-align: right;\"><span style=\"color: #000000;\"><em>P\u00e8re Alexandre-Marie Valder<\/em><\/span><\/p>\n","protected":false},"excerpt":{"rendered":"<p>\u00catre un en celui qui est un Nous avons des histoires diff\u00e9rentes, des personnalit\u00e9s diff\u00e9rentes, des vocations diff\u00e9rentes. Ici et maintenant, nous sommes m\u00eame dans diff\u00e9rents \u00e9tats d&rsquo;esprit\u00a0: certains sont dans la joie et l&rsquo;action de gr\u00e2ce tandis que d&rsquo;autres sont attrist\u00e9s et inquiets\u00a0; certains sont bien pr\u00e9sents \u00e0 la c\u00e9l\u00e9bration tandis que d&rsquo;autres sont&hellip; <br \/> <a class=\"read-more\" href=\"https:\/\/paroisses-nancy-sud.fr\/HOME\/etre-un-en-celui-qui-est-un\/\">Lire la suite<\/a><\/p>\n","protected":false},"author":9,"featured_media":290,"comment_status":"closed","ping_status":"open","sticky":false,"template":"","format":"standard","meta":[],"categories":[9],"tags":[],"acf":[],"_links":{"self":[{"href":"https:\/\/paroisses-nancy-sud.fr\/HOME\/wp-json\/wp\/v2\/posts\/4689"}],"collection":[{"href":"https:\/\/paroisses-nancy-sud.fr\/HOME\/wp-json\/wp\/v2\/posts"}],"about":[{"href":"https:\/\/paroisses-nancy-sud.fr\/HOME\/wp-json\/wp\/v2\/types\/post"}],"author":[{"embeddable":true,"href":"https:\/\/paroisses-nancy-sud.fr\/HOME\/wp-json\/wp\/v2\/users\/9"}],"replies":[{"embeddable":true,"href":"https:\/\/paroisses-nancy-sud.fr\/HOME\/wp-json\/wp\/v2\/comments?post=4689"}],"version-history":[{"count":3,"href":"https:\/\/paroisses-nancy-sud.fr\/HOME\/wp-json\/wp\/v2\/posts\/4689\/revisions"}],"predecessor-version":[{"id":4696,"href":"https:\/\/paroisses-nancy-sud.fr\/HOME\/wp-json\/wp\/v2\/posts\/4689\/revisions\/4696"}],"wp:featuredmedia":[{"embeddable":true,"href":"https:\/\/paroisses-nancy-sud.fr\/HOME\/wp-json\/wp\/v2\/media\/290"}],"wp:attachment":[{"href":"https:\/\/paroisses-nancy-sud.fr\/HOME\/wp-json\/wp\/v2\/media?parent=4689"}],"wp:term":[{"taxonomy":"category","embeddable":true,"href":"https:\/\/paroisses-nancy-sud.fr\/HOME\/wp-json\/wp\/v2\/categories?post=4689"},{"taxonomy":"post_tag","embeddable":true,"href":"https:\/\/paroisses-nancy-sud.fr\/HOME\/wp-json\/wp\/v2\/tags?post=4689"}],"curies":[{"name":"wp","href":"https:\/\/api.w.org\/{rel}","templated":true}]}}