{"id":4691,"date":"2025-05-23T18:00:00","date_gmt":"2025-05-23T16:00:00","guid":{"rendered":"https:\/\/paroisses-nancy-sud.fr\/HOME\/?p=4691"},"modified":"2025-05-23T16:14:06","modified_gmt":"2025-05-23T14:14:06","slug":"jesus-fait-sa-demeure-en-chacun-dentre-nous","status":"publish","type":"post","link":"https:\/\/paroisses-nancy-sud.fr\/HOME\/jesus-fait-sa-demeure-en-chacun-dentre-nous\/","title":{"rendered":"J\u00e9sus fait sa demeure en chacun d&rsquo;entre nous"},"content":{"rendered":"\n<p><span style=\"color: #000000;\">Dans la continuit\u00e9 du pape Fran\u00e7ois, le pape L\u00e9on nous rappelle que \u00ab J\u00e9sus fait sa demeure en chacun d\u2019entre nous \u00bb<\/span><\/p>\n<p><span style=\"color: #000000;\">Le Seigneur ne veut pas seulement marcher \u00e0 nos c\u00f4t\u00e9s, mais il veut habiter en nous, non pas comme un h\u00f4te de passage, mais comme un ami fid\u00e8le, un compagnon int\u00e9rieur.<\/span><\/p>\n<p><span style=\"color: #000000;\">Sa pr\u00e9sence ne d\u00e9pend pas de nos comp\u00e9tences ou de nos m\u00e9rites. Elle est le fruit de son amour gratuit. Si Dieu fait sa demeure en chacun de nous, c\u2019est parce que chaque personne est sacr\u00e9e.<\/span><\/p>\n<p><span style=\"color: #000000;\">Le Seigneur ne fuit ni nos fragilit\u00e9s ni nos doutes, c\u2019est au contraire c\u2019est dans nos pauvret\u00e9s qu\u2019il choisit de se r\u00e9v\u00e9ler.<\/span><\/p>\n<p><span style=\"color: #000000;\">Sa pr\u00e9sence aimante nous oblige : faire de notre c\u0153ur une demeure accueillante, c\u2019est cultiver la paix, la charit\u00e9 et le pardon, c\u2019est reconna\u00eetre que J\u00e9sus est pr\u00e9sent dans les autres, dans tous les autres, m\u00eame ceux qui nous ne nous plaisent pas.<\/span><\/p>\n<p><span style=\"color: #000000;\">A ceux qui veulent exclure les plus petits, les exclus les souffrants en construisant des murs d\u2019indiff\u00e9rence et de haine, le pape L\u00e9on veut au contraire construire des ponts en leur disant :<\/span><\/p>\n<p><span style=\"color: #000000;\">\u00ab J\u00e9sus ne nous demande pas de classer notre amour pour les autres, il fait sa demeure dans chaque personne humaine, m\u00eame dans celle que le monde oublie ou rejette, son c\u0153ur bat dans chaque homme et surtout dans celui que nous ne voyons plus\u00a0\u00bb<\/span><\/p>\n<p><span style=\"color: #000000;\">Il propose une \u00c9glise qui ne juge pas mais qui accueille, rel\u00e8ve, r\u00e9chauffe, une \u00e9glise qui sait reconna\u00eetre la lumi\u00e8re de Dieu, m\u00eame dans les vies les plus bris\u00e9es.<\/span><\/p>\n<p><span style=\"color: #000000;\">Notre mission de baptis\u00e9, c\u2019est d\u2019aimer comme Dieu nous aime, sans condition, sans calcul et sans peur. C\u2019est surtout croire que, dans le c\u0153ur le plus obscur peut jaillir la lumi\u00e8re car Dieu s\u2019y trouve d\u00e9j\u00e0 !<\/span><\/p>\n<p style=\"text-align: right;\"><span style=\"color: #000000;\"><em>\u00c9quipe liturgique paroisse Saint-Fran\u00e7ois-de-Sales<\/em><\/span><\/p>\n","protected":false},"excerpt":{"rendered":"<p>Dans la continuit\u00e9 du pape Fran\u00e7ois, le pape L\u00e9on nous rappelle que \u00ab J\u00e9sus fait sa demeure en chacun d\u2019entre nous \u00bb Le Seigneur ne veut pas seulement marcher \u00e0 nos c\u00f4t\u00e9s, mais il veut habiter en nous, non pas comme un h\u00f4te de passage, mais comme un ami fid\u00e8le, un compagnon int\u00e9rieur. Sa pr\u00e9sence&hellip; <br \/> <a class=\"read-more\" href=\"https:\/\/paroisses-nancy-sud.fr\/HOME\/jesus-fait-sa-demeure-en-chacun-dentre-nous\/\">Lire la suite<\/a><\/p>\n","protected":false},"author":5,"featured_media":529,"comment_status":"closed","ping_status":"open","sticky":false,"template":"","format":"standard","meta":[],"categories":[6],"tags":[],"acf":[],"_links":{"self":[{"href":"https:\/\/paroisses-nancy-sud.fr\/HOME\/wp-json\/wp\/v2\/posts\/4691"}],"collection":[{"href":"https:\/\/paroisses-nancy-sud.fr\/HOME\/wp-json\/wp\/v2\/posts"}],"about":[{"href":"https:\/\/paroisses-nancy-sud.fr\/HOME\/wp-json\/wp\/v2\/types\/post"}],"author":[{"embeddable":true,"href":"https:\/\/paroisses-nancy-sud.fr\/HOME\/wp-json\/wp\/v2\/users\/5"}],"replies":[{"embeddable":true,"href":"https:\/\/paroisses-nancy-sud.fr\/HOME\/wp-json\/wp\/v2\/comments?post=4691"}],"version-history":[{"count":2,"href":"https:\/\/paroisses-nancy-sud.fr\/HOME\/wp-json\/wp\/v2\/posts\/4691\/revisions"}],"predecessor-version":[{"id":4694,"href":"https:\/\/paroisses-nancy-sud.fr\/HOME\/wp-json\/wp\/v2\/posts\/4691\/revisions\/4694"}],"wp:featuredmedia":[{"embeddable":true,"href":"https:\/\/paroisses-nancy-sud.fr\/HOME\/wp-json\/wp\/v2\/media\/529"}],"wp:attachment":[{"href":"https:\/\/paroisses-nancy-sud.fr\/HOME\/wp-json\/wp\/v2\/media?parent=4691"}],"wp:term":[{"taxonomy":"category","embeddable":true,"href":"https:\/\/paroisses-nancy-sud.fr\/HOME\/wp-json\/wp\/v2\/categories?post=4691"},{"taxonomy":"post_tag","embeddable":true,"href":"https:\/\/paroisses-nancy-sud.fr\/HOME\/wp-json\/wp\/v2\/tags?post=4691"}],"curies":[{"name":"wp","href":"https:\/\/api.w.org\/{rel}","templated":true}]}}