{"id":4697,"date":"2025-05-23T17:59:19","date_gmt":"2025-05-23T15:59:19","guid":{"rendered":"https:\/\/paroisses-nancy-sud.fr\/HOME\/?p=4697"},"modified":"2025-05-23T17:59:19","modified_gmt":"2025-05-23T15:59:19","slug":"annonces-de-saint-francois-de-sales-et-sainte-jeanne-de-chantal-du-25-mai","status":"publish","type":"post","link":"https:\/\/paroisses-nancy-sud.fr\/HOME\/annonces-de-saint-francois-de-sales-et-sainte-jeanne-de-chantal-du-25-mai\/","title":{"rendered":"Annonces de Saint-Fran\u00e7ois-de-Sales et Sainte-Jeanne-de-Chantal du 25 mai"},"content":{"rendered":"\n<p><span style=\"color: #000000;\"><strong>Bapt\u00eames, mariages.<br \/><\/strong><strong style=\"font-size: revert;\">Dimanche 25 mai<\/strong><span style=\"font-size: revert;\">, bapt\u00eames \u00e0 Jarville de Hugo, Aurore et Lorella.<br \/><\/span><strong>Dimanche 1<sup>er<\/sup> juin<\/strong>, \u00e0 Ludres, bapt\u00eame de El\u00e9na.<\/span><br \/><span style=\"color: #000000;\">Nous prions pour ces enfants, ce jeune couple et leurs familles.<\/span><\/p>\n<p><span style=\"color: #000000;\"><strong>Entr\u00e9e en cat\u00e9chum\u00e9nat :<br \/><\/strong><strong>Ce dimanche 25 mai, \u00e0 Jarville, \u00e0 la messe de 10h30<\/strong>, quatre adolescents, Julianne, Manon, Olivia, et Vannel qui demandent le bapt\u00eame pour P\u00e2ques 2026, feront leur entr\u00e9e en cat\u00e9chum\u00e9nat. R\u00e9jouissons-nous et accompagnons-les de notre pri\u00e8re. \u00a0A l\u2019issue de la messe, vous \u00eates cordialement invit\u00e9s \u00e0 un repas partag\u00e9, avec eux et leurs familles.<\/span><\/p>\n<p><span style=\"color: #000000;\"><strong>Mois de mai, mois de Marie :<br \/><\/strong><strong>Ce lundi 26 mai, \u00e0<\/strong> <strong>17h30 \u00e0 la crypte de Jarville,<\/strong> nous m\u00e9diterons le chapelet<\/span><\/p>\n<p><span style=\"color: #000000;\"><strong>Retraite des enfants qui se pr\u00e9parent \u00e0 la premi\u00e8re communion :<br \/><\/strong>Les enfants qui pr\u00e9parent leur premi\u00e8re communion (2<sup>\u00e8me<\/sup> ann\u00e9e cat\u00e9) ont rendez-vous d\u00e8s <strong>9h, le jeudi de l\u2019Ascension, 29 mai, salle Notre-Dame \u00e0 Sion<\/strong> avec le p\u00e8re Raj et leurs accompagnateurs. Ils retrouvent notre groupe de p\u00e8lerins de Nancy-sud pour l\u2019ap\u00e9ritif et le repas partag\u00e9 et le reste de la journ\u00e9e.<\/span><\/p>\n<p><span style=\"color: #000000;\"><strong>Journ\u00e9e de l\u2019Ascension \u00e0 Sion :<br \/><\/strong><strong>Le jeudi de l\u2019Ascension, le 29 mai, rendez-vous \u00e0 tous, pour la journ\u00e9e familiale de p\u00e8lerinage de notre secteur Nancy-Sud vers Sion !<br \/><\/strong><strong style=\"font-size: revert;\">Enfants, jeunes, adultes <\/strong><span style=\"font-size: revert;\">sont invit\u00e9s \u00e0 cette <\/span><strong style=\"font-size: revert;\">journ\u00e9e fraternelle, <\/strong><span style=\"font-size: revert;\">moment particuli\u00e8rement important en cette <\/span><strong style=\"font-size: revert;\">ann\u00e9e de Jubil\u00e9<\/strong><span style=\"font-size: revert;\"> plac\u00e9e sous le th\u00e8me des \u2018<\/span><strong style=\"font-size: revert;\">\u2019P\u00e8lerins de l\u2019esp\u00e9rance\u2019\u2019.<br \/><\/strong><strong>&#8211; Rendez-vous \u00e0 Sion \u00e0 8h40 pour un d\u00e9part \u00e0 pied \u00e0 9h de They sous Vaud\u00e9mont <\/strong>ou<\/span><br \/><span style=\"color: #000000;\"><strong>&#8211; Rendez-vous \u00e0 Sion \u00e0 9h40 pour un d\u00e9part \u00e0 10h \u00e0 l\u2019\u00e9glise de Vaud\u00e9mont<br \/><\/strong><span style=\"font-size: revert;\">Les 2 groupes se retrouvent \u00e0 Vaud\u00e9mont pour <\/span><strong style=\"font-size: revert;\">un temps d\u2019accueil et de de pri\u00e8re \u00e0 l\u2019\u00e9glise <\/strong><span style=\"font-size: revert;\">puis continuent ensemble.<br \/><\/span><strong>&#8211; Ap\u00e9ritif vers midi et demi \u00e0 \u2018\u2019<em>l\u2019abri des p\u00e8lerins\u2019\u2019<\/em> <\/strong>puis<strong> repas partag\u00e9 <br \/><\/strong><strong style=\"font-size: revert;\">&#8211; 14h <\/strong><span style=\"font-size: revert;\">un moment d \u2018enseignement pour les adultes, salle Notre-Dame<br \/><\/span><strong>&#8211; 15h <\/strong>chants de louange \u00e0 la basilique avec nos musiciens<\/span><br \/><span style=\"color: #000000;\"><strong>&#8211; 15h30 <\/strong>messe<\/span><br \/><span style=\"color: #000000;\">Contact\u00a0: Odile Bonmati 06 23 46 74 17<\/span><br \/><span style=\"color: #000000;\"><em>PS\u00a0: pour les d\u00e9parts il est conseill\u00e9 de laisser les voitures sur le parking de Sion (avec les pique- nique\u00a0!) \u00a0et de covoiturer jusque They sous Vaud\u00e9mont ou Vaud\u00e9mont) <\/em>!<\/span><\/p>\n<p><span style=\"color: #000000;\"><strong>Messes dominicales des 31 mai et 1<sup>er<\/sup> juin 2025 :<br \/><\/strong><strong>Samedi 31 mai\u00a0: 10h30 Neuves-Maisons, (f\u00eate de la Visitation) \u00a0\u00a0\u00a018h <\/strong>Heillecourt, Laneuveville<\/span><br \/><span style=\"color: #000000;\"><strong>Dimanche 1<sup>er<\/sup> juin<\/strong>\u00a0: <strong>10h<\/strong> Xeuilley\u00a0\u00a0\u00a0\u00a0 \u00a0\u00a0\u00a0<strong>10h30<\/strong> Jarville,\u00a0Neuves-Maisons\u00a0\u00a0 \u00a0\u00a0\u00a0\u00a0\u00a0\u00a0\u00a0\u00a0\u00a0\u00a0\u00a0\u00a0\u00a0\u00a0\u00a0\u00a0\u00a0\u00a0<strong>11h<\/strong> Ludres\u00a0\u00a0\u00a0\u00a0\u00a0\u00a0\u00a0<\/span><\/p>\n<p><span style=\"color: #000000;\"><strong>Eveil \u00e0 la Foi :<br \/><\/strong><strong>Dimanche 1<sup>er<\/sup> juin \u00e0 10h, Ludres, \u00e0 la Maion Paroissiale, <\/strong>en face de l\u2019\u00e9glise,<strong> les enfants de 3 \u00e0 7 ans <\/strong>sont invit\u00e9s, avec leurs parents \u00e0 ce temps de d\u00e9couverte. La rencontre se terminera par un go\u00fbter. N\u2019h\u00e9sitez pas \u00e0 venir m\u00eame si c\u2019est la premi\u00e8re fois\u00a0!<\/span><\/p>\n<p><span style=\"color: #000000;\"><strong>Profession de Foi des jeunes de notre secteur :<br \/><\/strong><strong>Le dimanche 8 juin, \u00e0 Jarville<\/strong>, huit jeunes de nos paroisses feront leur profession de Foi. <\/span><\/p>\n<p><span style=\"color: #000000;\"><strong>Vente au profit du jubil\u00e9 des jeunes :<br \/><\/strong>Il sera propos\u00e9 une vente (g\u00e2teaux maison et objets fait main) \u00e0 la sortie des messes les <strong>dimanche 1<sup>er<\/sup> juin \u00e0 Ludres<\/strong>, samedi 21 juin \u00e0 Heillecourt, samedi 28 juin \u00e0 Laneuveville, pour aider au financement du p\u00e8lerinage jeunes adultes, \u00e0 Rome du 25 juillet au 6 ao\u00fbt.<\/span><\/p>\n<p><span style=\"color: #000000;\"><strong>Soir\u00e9e de Louange :<br \/><\/strong><strong>Vendredi 6 juin \u00e0 20h30<\/strong>, <strong>\u00e0 l\u2019\u00e9glise du Sacr\u00e9-C\u0153ur \u00e0 Jarville<\/strong>, venez vivre un moment unique de pri\u00e8re en musique. Des fid\u00e8les de la communaut\u00e9 de Jarville se sont rassembl\u00e9s pour vous offrir une soir\u00e9e de louange, simple mais profonde, n\u00e9e du d\u00e9sir de prier ensemble par le chant. Il s\u2019agit d\u2019un temps de c\u0153ur \u00e0 c\u0153ur avec Dieu, dans la joie, l\u2019unit\u00e9 et la foi. Parce que le chant \u00e9l\u00e8ve l\u2019\u00e2me, ravive la foi et unit les c\u0153urs et comme saint Augustin l\u2019a sugg\u00e9r\u00e9 : \u00ab <em>Chanter, c\u2019est prier deux fois<\/em> \u00bb.<\/span><\/p>\n<p><span style=\"color: #000000;\"><strong>Rencontre AJC des Jeunes de notre secteur :<br \/><\/strong><strong>Le<\/strong> <strong>vendredi 6 juin \u00e0 20h30, \u00e0 l\u2019\u00e9glise de Jarville, <\/strong>chacun est invit\u00e9 \u00e0 venir pour une soir\u00e9e de chants et de louange, pour \u00e9couter, chanter, prier, c\u00e9l\u00e9brer. <strong>Le dimanche 22 juin, rencontre \u00e0 Saint Nicolas de Port \u00e0 partir de 10h <\/strong>(messe, visite de la basilique, d\u00e9marche jubilaire, pique-nique, jeux et marche)<\/span><\/p>\n<p><span style=\"color: #000000;\"><strong>Dons de d\u00e9cembre 2024 pour la paroisse Sainte-Jeanne-de-Chantal :<br \/><\/strong>\u00c0 la suite d\u2019un manque de dialogue entre l&rsquo;\u00e9conomat dioc\u00e9sain et l&rsquo;\u00e9conome paroissial, les ch\u00e8ques pour dons \u00e9mis fin d\u00e9cembre au titre de l&rsquo;ann\u00e9e 2024 n&rsquo;ont pas \u00e9t\u00e9 encaiss\u00e9s en temps et en heure. Ils feront l&rsquo;objet d&rsquo;un re\u00e7u pour l&rsquo;ann\u00e9e 2025, toutes nos excuses pour ce malencontreux dysfonctionnement.<\/span><\/p>\n<p><span style=\"color: #000000;\"><strong>Voyageurs chr\u00e9tiens :<br \/><\/strong>Sortie en Alsace <strong>le mardi 8 juillet<\/strong> : visites guid\u00e9es de la biblioth\u00e8que humaniste, de la maison du pain et de l&rsquo;abbaye d&rsquo;Ebersmunster, chef-d\u2019\u0153uvre baroque. Inscriptions : Madame Chambon et Jean-Fran\u00e7ois au 03 83 56 34 31. D\u00e9couverte du patrimoine religieux et culturel des Hauts de France : <em>Arras, Louvre-Lens, Notre Dame de Lorette, Roubaix<\/em>. Avec les voyageurs chr\u00e9tiens <strong>du 4 au 8 ao\u00fbt.<\/strong><\/span><\/p>\n<p><span style=\"color: #000000;\"><strong>Autres Annonces :<br \/><\/strong><strong>\u00a0&#8211; Conf\u00e9rence \u00e0 l\u2019Espace Ada<br \/><\/strong><strong style=\"font-size: revert;\">Mardi 27 mai, <\/strong><span style=\"font-size: revert;\">conf\u00e9rence-d\u00e9bat sur le th\u00e8me :\u00a0\u00ab\u00a0<\/span><em style=\"font-size: revert;\">Les enjeux du suicide assist\u00e9.\u00a0Une d\u00e9route de la raison\u00a0<\/em><span style=\"font-size: revert;\">?\u00a0\u00bb, <\/span><strong style=\"font-size: revert;\">\u00e0 20h30 au domaine de l\u2019Asn\u00e9e<\/strong><span style=\"font-size: revert;\">, \u00e0 Villers-l\u00e8s-Nancy, par le conf\u00e9rencier, Fran\u00e7ois-Xavier Putallaz, ancien professeur de philosophie \u00e0 l\u2019universit\u00e9 de Fribourg.<\/span><\/span><\/p>\n<p><span style=\"color: #000000;\"><strong>&#8211;\u00a0 Estime de soi et respect du corps : prendre soin de son corps\u2026 et de son \u00e2me ?<br \/><\/strong><strong>Samedi 7 juin 2025 de 10h \u00e0 12h<\/strong> au domaine de l\u2019Asn\u00e9e, le service diaconie vous invite pour une matin\u00e9e de r\u00e9flexion autour de l\u2019image de soi et de la vision chr\u00e9tienne du corps, organis\u00e9e par le service diaconie du dioc\u00e8se. Contact 06 50 61 55 21<\/span><\/p>\n<p><span style=\"color: #000000;\"><strong>\u00a0&#8211; Confirmation des adultes du dioc\u00e8se :<br \/><\/strong>Les confirmations des adultes de notre dioc\u00e8se, dont <strong>huit personnes de nos paroisses<\/strong>, auront lieu <strong>le\u00a0dimanche 8 juin 2025, \u00e0 15h, dans la cath\u00e9drale Saint-\u00c9tienne de Toul. <\/strong>Cette c\u00e9l\u00e9bration sera pr\u00e9sid\u00e9e par Monseigneur Pierre-Yves Michel, \u00e9v\u00eaque de Nancy et Toul.<br \/>Soyez tous les bienvenus pour les entourer, ou unissez-vous \u00e0 cette c\u00e9l\u00e9bration par la pri\u00e8re.<\/span><\/p>\n<p><span style=\"color: #000000;\"><strong>\u00a0&#8211; P\u00e8lerinage dioc\u00e9sain \u00e0 Lourdes :<br \/><\/strong>Et si vous deveniez p\u00e8lerins d\u2019esp\u00e9rance avec Marie ?\u00a0Comme chaque ann\u00e9e, le\u00a0service des p\u00e8lerinages du dioc\u00e8se de Nancy et Toul vous propose un\u00a0p\u00e8lerinage dioc\u00e9sain \u00e0 Lourdes.\u00a0Il aura lieu\u00a0<strong>du lundi 14 au dimanche 20 juillet 2025<\/strong>, et sera pr\u00e9sid\u00e9 par Monseigneur Pierre-Yves Michel, \u00e9v\u00eaque de Nancy et Toul. Vous pouvez vous inscrire sur le <strong>site du dioc\u00e8se<\/strong>, ou prendre des bulletins au <strong>fond des \u00e9glises<\/strong>.<\/span><\/p>\n<p><span style=\"color: #000000;\"><strong>\u00a0&#8211; Rassemblement dioc\u00e9sain des \u00e9quipes du Rosaire :<br \/><\/strong>Les \u00e9quipes du Rosaire se retrouvent pour f\u00eater leur 70<sup>\u00e8me<\/sup> anniversaire au Sanctuaire de <strong>Saint-Avold le 20 juin 2025. <\/strong>Bus 2, d\u00e9part Gare \/palais des congr\u00e8s \u00e0 7h20.<strong> T\u00e9l 06 64 95 71 20<\/strong><\/span><\/p>\n<p><span style=\"color: #000000;\"><strong>\u2018\u2019Ne restons pas silencieux \u2018\u2019 :<br \/><\/strong><strong>La Conf\u00e9rence des responsables de culte en France <\/strong>a publi\u00e9 une tribune pour alerter sur les \u2018\u2019graves d\u00e9rives \u2018\u2019 qu\u2019implique la proposition de <strong>loi sur l\u2019aide \u00e0 mourir<\/strong>. Vous pouvez agir : interpeller vos parlementaires en vue du vote pr\u00e9vu le 27 mai. Voir texte au fond des \u00e9glises ou sur\u00a0 le <a style=\"color: #000000;\" href=\"https:\/\/www.catholique-nancy.fr\/accueil\/93459-les-dangers-de-la-proposition-de-loi-sur-la-fin-de-vie\/\">site<\/a> du dioc\u00e8se.<\/span><\/p>\n<p><span style=\"color: #000000;\"><a style=\"color: #000000;\" href=\"https:\/\/oeuvre-orient.fr\/vivre-la-journee-des-chretiens-dorient-25-mai-2025\/\"><strong>Journ\u00e9e mondiale de pri\u00e8re pour les chr\u00e9tiens d\u2019Orient :<\/strong><\/a><\/span><br \/><span style=\"color: #000000;\">Dans le cadre de la <a style=\"color: #000000;\" href=\"https:\/\/oeuvre-orient.fr\/vivre-la-journee-des-chretiens-dorient-25-mai-2025\/\">journ\u00e9e mondiale de pri\u00e8re pour les chr\u00e9tiens d\u2019Orient<\/a>, une messe sera c\u00e9l\u00e9br\u00e9e pour eux <strong>dimanche 25 mai 2025 \u00e0 11h15 \u00e0 la cath\u00e9drale de Nancy<\/strong>. Elle sera pr\u00e9sid\u00e9e par le p\u00e8re Jacques Bombardier, d\u00e9l\u00e9gu\u00e9 \u00e9piscopal aux affaires culturelles du dioc\u00e8se<strong>.<\/strong><\/span><\/p>\n\n\n","protected":false},"excerpt":{"rendered":"<p>Bapt\u00eames, mariages.Dimanche 25 mai, bapt\u00eames \u00e0 Jarville de Hugo, Aurore et Lorella.Dimanche 1er juin, \u00e0 Ludres, bapt\u00eame de El\u00e9na.Nous prions pour ces enfants, ce jeune couple et leurs familles. Entr\u00e9e en cat\u00e9chum\u00e9nat :Ce dimanche 25 mai, \u00e0 Jarville, \u00e0 la messe de 10h30, quatre adolescents, Julianne, Manon, Olivia, et Vannel qui demandent le bapt\u00eame pour&hellip; <br \/> <a class=\"read-more\" href=\"https:\/\/paroisses-nancy-sud.fr\/HOME\/annonces-de-saint-francois-de-sales-et-sainte-jeanne-de-chantal-du-25-mai\/\">Lire la suite<\/a><\/p>\n","protected":false},"author":5,"featured_media":2464,"comment_status":"closed","ping_status":"open","sticky":false,"template":"","format":"standard","meta":[],"categories":[7],"tags":[],"acf":[],"_links":{"self":[{"href":"https:\/\/paroisses-nancy-sud.fr\/HOME\/wp-json\/wp\/v2\/posts\/4697"}],"collection":[{"href":"https:\/\/paroisses-nancy-sud.fr\/HOME\/wp-json\/wp\/v2\/posts"}],"about":[{"href":"https:\/\/paroisses-nancy-sud.fr\/HOME\/wp-json\/wp\/v2\/types\/post"}],"author":[{"embeddable":true,"href":"https:\/\/paroisses-nancy-sud.fr\/HOME\/wp-json\/wp\/v2\/users\/5"}],"replies":[{"embeddable":true,"href":"https:\/\/paroisses-nancy-sud.fr\/HOME\/wp-json\/wp\/v2\/comments?post=4697"}],"version-history":[{"count":2,"href":"https:\/\/paroisses-nancy-sud.fr\/HOME\/wp-json\/wp\/v2\/posts\/4697\/revisions"}],"predecessor-version":[{"id":4699,"href":"https:\/\/paroisses-nancy-sud.fr\/HOME\/wp-json\/wp\/v2\/posts\/4697\/revisions\/4699"}],"wp:featuredmedia":[{"embeddable":true,"href":"https:\/\/paroisses-nancy-sud.fr\/HOME\/wp-json\/wp\/v2\/media\/2464"}],"wp:attachment":[{"href":"https:\/\/paroisses-nancy-sud.fr\/HOME\/wp-json\/wp\/v2\/media?parent=4697"}],"wp:term":[{"taxonomy":"category","embeddable":true,"href":"https:\/\/paroisses-nancy-sud.fr\/HOME\/wp-json\/wp\/v2\/categories?post=4697"},{"taxonomy":"post_tag","embeddable":true,"href":"https:\/\/paroisses-nancy-sud.fr\/HOME\/wp-json\/wp\/v2\/tags?post=4697"}],"curies":[{"name":"wp","href":"https:\/\/api.w.org\/{rel}","templated":true}]}}