{"id":4700,"date":"2025-05-31T20:56:00","date_gmt":"2025-05-31T18:56:00","guid":{"rendered":"https:\/\/paroisses-nancy-sud.fr\/HOME\/?p=4700"},"modified":"2025-05-31T20:56:43","modified_gmt":"2025-05-31T18:56:43","slug":"annonces-de-la-visitation-du-1er-juin","status":"publish","type":"post","link":"https:\/\/paroisses-nancy-sud.fr\/HOME\/annonces-de-la-visitation-du-1er-juin\/","title":{"rendered":"Annonces de la Visitation du 1er juin"},"content":{"rendered":"\n<p><span style=\"color: #000000;\"><strong>Dimanche 8 juin, <\/strong>en l\u2019\u00e9glise de Neuves-Maisons,\u00a0Bapt\u00eames de L\u00e9o, Ka\u00efs et Gustave.<br \/>R\u00e9jouissons-nous et portons-les dans nos pri\u00e8res\u00a0!<\/span><\/p>\n<p><span style=\"color: #000000;\"><strong>P\u00e8lerinage et messe \u00e0 la chapelle de la M\u00e9daille Miraculeuse \u00e0 Paris<\/strong> : <br \/>Il reste quelques places pour participer au p\u00e8lerinage de la rue du Bac <strong>le jeudi 26 juin<\/strong>\u00a0avec la visite de la cath\u00e9drale Notre-Dame pr\u00e9vue l\u2019apr\u00e8s-midi\u00a0; R-V sur le parking des transports n\u00e9odomiens \u00e0 04h30, retour vers 22h30.<br \/>Co\u00fbt 50\u20ac. Renseignements et inscriptions\u00a0 aupr\u00e8s de Marie-Rose Reibel au 06 82 72 84 77.<\/span><\/p>\n<p><span style=\"color: #000000;\"><strong>Confirmations<\/strong> \u00e0 <strong>Toul<\/strong> :<\/span><br \/><span style=\"color: #000000;\">Les confirmations des adultes de notre dioc\u00e8se auront lieu le\u00a0<strong>dimanche 8 juin 2025<\/strong>, \u00e0 15h, dans la cath\u00e9drale de Toul. Cette c\u00e9l\u00e9bration sera pr\u00e9sid\u00e9e par Mgr Pierre-Yves Michel, \u00e9v\u00eaque de Nancy et Toul. Soyez tous les bienvenus pour les entourer, ou unissez-vous \u00e0 cette c\u00e9l\u00e9bration par la pri\u00e8re.<\/span><\/p>\n<p><span style=\"color: #000000;\"><strong>\u00a0Lundi de Pentec\u00f4te :<br \/><\/strong>Cette ann\u00e9e, la traditionnelle procession de la Saint-Nicolas d\u2019\u00e9t\u00e9 se pare des couleurs de l\u2019ann\u00e9e jubilaire 2025. Venez vivre le Jubil\u00e9 avec saint Nicolas lors d\u2019un grand \u00e9v\u00e9nement dioc\u00e9sain qui se d\u00e9roulera\u00a0<strong>le lundi 9 juin 2025, le lundi de Pentec\u00f4te, \u00e0 la basilique St-Nicolas de St-Nicolas-de-Port<\/strong>. Outre la procession, plusieurs autres belles propositions rythmeront cette journ\u00e9e : conf\u00e9rence, grand jeu et messe. Ce temps fort sera aussi l\u2019occasion de\u00a0f\u00eater\u00a0<a style=\"color: #000000;\" href=\"https:\/\/eglise.catholique.fr\/approfondir-sa-foi\/535825-le-concile-de-nicee\/\"><strong>les 1700 ans du Concile de Nic\u00e9e<\/strong><\/a>\u00a0<\/span><\/p>\n<p><span style=\"color: #000000;\"><strong>Jeudi 12 juin \u00e0 14h00<\/strong>, rencontre de formation biblique \u00e0 la salle paroissiale de Neuves-Maisons\u00a0; Le th\u00e8me en sera la Communion des Saints\u00a0; animation assur\u00e9e par Mr. Patrice Kelche. Une collation sera offerte \u00e0 l\u2019issue de la rencontre pour remercier le conf\u00e9rencier et marquer la fin du semestre.<\/span><\/p>\n<p><span style=\"color: #000000;\"><strong>Lundi 16 juin, <\/strong>\u00e0 14h15, rencontres des groupes de lecture suivie du parcours biblique \u00ab\u00a0P\u00e8lerins des \u00c9critures\u00a0\u00bb, soit \u00e0 Bainville, chez les S\u0153urs, soit \u00e0 Neuves-Maisons, \u00a0salle du RDC du presbyt\u00e8re.<\/span><\/p>\n<p><span style=\"color: #000000;\"><strong>Du\u00a001 mai\u00a0\u00e0 09h00\u00a0au\u00a030 juin 2025\u00a0\u00e0 18h00<\/strong>\u00a0; \u00c0 l\u2019occasion des 10 ans de l\u2019encyclique\u00a0<a style=\"color: #000000;\" href=\"https:\/\/www.vatican.va\/content\/francesco\/fr\/encyclicals\/documents\/papa-francesco_20150524_enciclica-laudato-si.html\"><em>Laudato Si\u2019<\/em><\/a>, dans laquelle le Pape Fran\u00e7ois proposait une vision chr\u00e9tienne de l\u2019\u00e9cologie li\u00e9e \u00e0 la fraternit\u00e9, notre dioc\u00e8se organise ses premi\u00e8res\u00a0Journ\u00e9es Chr\u00e9tiennes de l\u2019\u00c9cologie avec de nombreuses activit\u00e9s\u00a0; Plus d&rsquo;infos sur le site du dioc\u00e8s<em>e:\u00a0<strong><a style=\"color: #000000;\" href=\"https:\/\/www.catholique-nancy.fr\/sites\/service-diocesain-de-la-solidarite-et-de-la-diaconie\/agenda\/92590-journees-chretiennes-de-lecologie-10-ans-de-lencyclique-laudato-si\/\">https:\/\/www.catholique-nancy.fr\/sites\/service-diocesain-de-la-solidarite-et-de-la-diaconie\/agenda\/92590-journees-chretiennes-de-lecologie-10-ans-de-lencyclique-laudato-si\/<\/a><\/strong><\/em><\/span><\/p>\n<p><span style=\"color: #000000;\"><strong>P\u00e8lerinage<\/strong> \u00e0 <strong>Lourdes<\/strong> :<br \/>\u2026Et si vous deveniez p\u00e8lerins d\u2019esp\u00e9rance avec Marie ? Comme chaque ann\u00e9e, le <a style=\"color: #000000;\" href=\"https:\/\/www.catholique-nancy.fr\/sites\/service-diocesain-des-pelerinages\/\">service des p\u00e8lerinages<\/a>\u00a0du dioc\u00e8se de Nancy et Toul vous propose un\u00a0p\u00e8lerinage dioc\u00e9sain \u00e0 Lourdes.\u00a0Cette ann\u00e9e, il aura lieu\u00a0du l<strong>undi 14 au dimanche 20 juillet 2025<\/strong>, et sera pr\u00e9sid\u00e9 par Monseigneur\u00a0Pierre-Yves Michel, \u00e9v\u00eaque de Nancy et Toul. <strong><em>Informations :\u00a0<a style=\"color: #000000;\" href=\"https:\/\/post.spmailtechn.com\/f\/a\/kI6KoM30rV3Dq9VLnP9DhA~~\/AAGv9hA~\/Ap96x4GqMta0TXlzHwGr1RYg-GeIv9qasQZcTdCBuI_f0Sby2Izzvk1cbm4nUH6XlWuC_d6gOWhWmFTSmKfIC-w1HF9oIGIaWKE0Ui0f8yfr2pl8ksK-By-Z613dqewA\">https:\/\/pelerin2025-lourdes.venio.fr\/fr<\/a><br \/><\/em><\/strong><em>Les inscriptions sont ouvertes jusqu\u2019au mercredi 11 juin. <\/em>Je m&rsquo;inscris via le formulaire en ligne<\/span><\/p>\n<p><span style=\"color: #000000;\"><strong>Messes \u00e0 la Visitation :<br \/><\/strong>Samedi 07 juin \u00e0 18h00\u00a0: Bainville<br \/>Dimanche 08 juin \u00e0 10h30\u00a0: Neuves Maisons<\/span><\/p>\n<p><span style=\"color: #000000;\"><strong>Messes en semaine.<br \/><\/strong>Jeudi\u00a0: adoration \u00e0 16h00 et messe \u00e0 16h30 \u00e0 la chapelle.<br \/>Vendredi\u00a0: messe \u00e0 08h20 chez les s\u0153urs \u00e0 Bainville, 67 rue Jacques Callot.<\/span><\/p>\n<p><span style=\"color: #000000;\"><u><strong>Permanences<\/strong> \u00e0 <strong>la maison paroissiale<\/strong> :<\/u> <\/span><br \/><span style=\"color: #000000;\">Mardi de 14h \u00e0 16h30 et Samedi de 9h30 \u00e0 11h30<\/span><br \/><span style=\"color: #000000;\">tel : 03 83 47 25 54 \u2013 <em><strong>adresse mail<\/strong><\/em><strong> : <\/strong><a style=\"color: #000000;\" href=\"mailto:visitationmm@orange.fr\">visitationmm@orange.fr<\/a>\u00a0 <\/span><br \/><span style=\"color: #000000;\">Horaires des messes :\u00a0 <a style=\"color: #000000;\" href=\"https:\/\/messes.info\/\">messesinfo<\/a><em> (cliquer sur le lien)<\/em><\/span><\/p>\n<p><span style=\"color: #000000;\"><strong>\u00a0<\/strong><\/span><\/p>\n","protected":false},"excerpt":{"rendered":"<p>Dimanche 8 juin, en l\u2019\u00e9glise de Neuves-Maisons,\u00a0Bapt\u00eames de L\u00e9o, Ka\u00efs et Gustave.R\u00e9jouissons-nous et portons-les dans nos pri\u00e8res\u00a0! P\u00e8lerinage et messe \u00e0 la chapelle de la M\u00e9daille Miraculeuse \u00e0 Paris : Il reste quelques places pour participer au p\u00e8lerinage de la rue du Bac le jeudi 26 juin\u00a0avec la visite de la cath\u00e9drale Notre-Dame pr\u00e9vue l\u2019apr\u00e8s-midi\u00a0;&hellip; <br \/> <a class=\"read-more\" href=\"https:\/\/paroisses-nancy-sud.fr\/HOME\/annonces-de-la-visitation-du-1er-juin\/\">Lire la suite<\/a><\/p>\n","protected":false},"author":5,"featured_media":472,"comment_status":"closed","ping_status":"open","sticky":false,"template":"","format":"standard","meta":[],"categories":[10],"tags":[],"acf":[],"_links":{"self":[{"href":"https:\/\/paroisses-nancy-sud.fr\/HOME\/wp-json\/wp\/v2\/posts\/4700"}],"collection":[{"href":"https:\/\/paroisses-nancy-sud.fr\/HOME\/wp-json\/wp\/v2\/posts"}],"about":[{"href":"https:\/\/paroisses-nancy-sud.fr\/HOME\/wp-json\/wp\/v2\/types\/post"}],"author":[{"embeddable":true,"href":"https:\/\/paroisses-nancy-sud.fr\/HOME\/wp-json\/wp\/v2\/users\/5"}],"replies":[{"embeddable":true,"href":"https:\/\/paroisses-nancy-sud.fr\/HOME\/wp-json\/wp\/v2\/comments?post=4700"}],"version-history":[{"count":3,"href":"https:\/\/paroisses-nancy-sud.fr\/HOME\/wp-json\/wp\/v2\/posts\/4700\/revisions"}],"predecessor-version":[{"id":4708,"href":"https:\/\/paroisses-nancy-sud.fr\/HOME\/wp-json\/wp\/v2\/posts\/4700\/revisions\/4708"}],"wp:featuredmedia":[{"embeddable":true,"href":"https:\/\/paroisses-nancy-sud.fr\/HOME\/wp-json\/wp\/v2\/media\/472"}],"wp:attachment":[{"href":"https:\/\/paroisses-nancy-sud.fr\/HOME\/wp-json\/wp\/v2\/media?parent=4700"}],"wp:term":[{"taxonomy":"category","embeddable":true,"href":"https:\/\/paroisses-nancy-sud.fr\/HOME\/wp-json\/wp\/v2\/categories?post=4700"},{"taxonomy":"post_tag","embeddable":true,"href":"https:\/\/paroisses-nancy-sud.fr\/HOME\/wp-json\/wp\/v2\/tags?post=4700"}],"curies":[{"name":"wp","href":"https:\/\/api.w.org\/{rel}","templated":true}]}}