{"id":4702,"date":"2025-06-01T10:00:00","date_gmt":"2025-06-01T08:00:00","guid":{"rendered":"https:\/\/paroisses-nancy-sud.fr\/HOME\/?p=4702"},"modified":"2025-05-31T21:14:13","modified_gmt":"2025-05-31T19:14:13","slug":"bien-mourir-pour-les-debutants","status":"publish","type":"post","link":"https:\/\/paroisses-nancy-sud.fr\/HOME\/bien-mourir-pour-les-debutants\/","title":{"rendered":"Bien mourir pour les d\u00e9butants"},"content":{"rendered":"\n<p class=\"Textbody\" style=\"margin-bottom: 5.65pt; text-align: justify;\"><span style=\"color: #000000;\"><b><span style=\"font-size: 15.5pt; font-family: Caladea;\">Bien mourir pour les d\u00e9butants<\/span><\/b><\/span><\/p>\n<p class=\"Textbody\" style=\"margin-bottom: 5.65pt; text-align: justify;\"><span style=\"font-size: 15.5pt; font-family: Caladea; color: #000000;\">Notre pays s&rsquo;est donc engag\u00e9 sur la voie du \u00ab\u00a0droit \u00e0 l&rsquo;aide \u00e0 mourir\u00a0\u00bb, expression qui est un double euph\u00e9misme. L&rsquo;expression \u00ab\u00a0aide \u00e0 mourir\u00a0\u00bb cache le mot \u00ab\u00a0euthanasie\u00a0\u00bb qui lui m\u00eame signifie \u00ab\u00a0bonne mort\u00a0\u00bb. La notion de bonne mort appartient d\u00e9j\u00e0 au tr\u00e9sor de la sagesse chr\u00e9tienne. Les chr\u00e9tiens ne demandent pas l&rsquo;euthanasie aux hommes\u00a0; par contre, nous prions le Seigneur de nous accorder une bonne mort. Avec vous, \u00e0 partir de l&rsquo;actualit\u00e9 et des lectures de ce dimanche, je voudrais m\u00e9diter sur la notion de bonne mort et de bien mourir.<\/span><\/p>\n<p class=\"Textbody\" style=\"margin-bottom: 5.65pt; text-align: justify;\"><span style=\"font-size: 15.5pt; font-family: Caladea; color: #000000;\">Au risque d&rsquo;\u00eatre provocant, disons que bien mourir n&rsquo;est pas un droit de l&rsquo;homme, mais un devoir pour toute personne. Bien mourir, cela se pr\u00e9pare, d&rsquo;autant qu&rsquo;on n&rsquo;a pas de seconde chance, sauf si l&rsquo;on s&rsquo;appelle Lazare. Je vous propose trois mots-cl\u00e9s\u00a0: humilit\u00e9, esp\u00e9rance et simplicit\u00e9.<\/span><\/p>\n<p class=\"Textbody\" style=\"margin-bottom: 5.65pt; text-align: justify;\"><span style=\"color: #000000;\"><span style=\"font-size: 15.5pt; font-family: Caladea;\">\u00a0<\/span><span style=\"font-size: 15.5pt; font-family: Caladea;\"><strong>Humilit\u00e9.<\/strong> Ces derni\u00e8res semaines, nous avons entendu des extraits du livre de l&rsquo;Apocalypse. Les visions de saint Jean sont difficiles \u00e0 comprendre. Peut-\u00eatre faut-il d&rsquo;abord en retenir la le\u00e7on suivante\u00a0: tout cela \u2013 le projet de Dieu pour l&rsquo;humanit\u00e9, la promesse du Ciel, le d\u00e9cha\u00eenement des forces du mal et le triomphe final de Dieu \u2013 nous d\u00e9passe, et c&rsquo;est normal. Seul le Seigneur qui tient toute chose en sa main peut dire\u00a0: \u00ab\u00a0Moi, je suis l\u2019alpha et l\u2019om\u00e9ga, le premier et le dernier, le commencement et la fin.\u00a0\u00bb<\/span><\/span><\/p>\n<p class=\"Textbody\" style=\"margin-bottom: 5.65pt; text-align: justify;\"><span style=\"font-size: 15.5pt; font-family: Caladea; color: #000000;\">Ainsi, ce serait illusion, folie et orgueil de me prendre pour l&rsquo;alpha et l&rsquo;om\u00e9ga, de croire qu&rsquo;il me faudra mourir en disant\u00a0: \u00ab\u00a0Tout est accompli.\u00a0\u00bb. Non, tout n&rsquo;a pas commenc\u00e9 avec moi et tout ne finira pas avec moi. Le P.\u00a0Guy Gilbert le dit joliment\u00a0: \u00ab\u00a0Seigneur, apprends-moi \u00e0 me reposer. Apprends-moi \u00e0 laisser les choses en suspens, \u00e0 ne pas vouloir r\u00e9gler toutes les affaires avant de dormir. Apprends-moi \u00e0 accepter d\u2019\u00eatre fatigu\u00e9. Apprends-moi \u00e0 finir une journ\u00e9e. Autrement je ne saurai pas mourir\u2026 Car il reste encore du travail apr\u00e8s moi\u00a0! Apprends-moi \u00e0 accepter\u2026 De n\u2019\u00eatre pas Toi.\u00a0\u00bb<\/span><\/p>\n<p class=\"Textbody\" style=\"margin-bottom: 5.65pt; text-align: justify;\"><span style=\"font-size: 15.5pt; font-family: Caladea; color: #000000;\">Ma mort ne mettra pas un point final \u00e0 l&rsquo;histoire de l&rsquo;humanit\u00e9. Pourtant, bien mourir, c&rsquo;est aussi se pr\u00e9parer \u00e0 mettre un point final \u00e0 mon histoire. Comme le disent les enseignants \u00e0 la fin des devoirs surveill\u00e9s\u00a0: \u00ab\u00a0Il est temps de relire et de conclure.\u00a0\u00bb<\/span><\/p>\n<p class=\"Textbody\" style=\"margin-bottom: 5.65pt; text-align: justify;\"><span style=\"font-size: 15.5pt; font-family: Caladea; color: #000000;\">Chaque soir, l&rsquo;office des complies m&rsquo;apprend \u00e0 bien mourir. Je relis ma journ\u00e9e pour y discerner la pr\u00e9sence de l&rsquo;Esprit Saint et je rends gr\u00e2ce pour le bien dont j&rsquo;ai \u00e9t\u00e9 acteur, b\u00e9n\u00e9ficiaire ou simple t\u00e9moin. \u00ab\u00a0Seigneur, aujourd&rsquo;hui tu as \u00e9t\u00e9 \u00e0 l&rsquo;\u0153uvre dans le monde, comme tu l&rsquo;\u00e9tais hier et le seras demain, comme tu l&rsquo;\u00e9tais avant moi et le seras apr\u00e8s moi. Je te demande pardon pour mes r\u00e9sistances \u00e0 ton action, pour mes p\u00e9ch\u00e9s, toi qui n&rsquo;es qu&rsquo;amour et mis\u00e9ricorde.\u00a0\u00bb<\/span><\/p>\n<p class=\"Textbody\" style=\"margin-bottom: 5.65pt; text-align: justify;\"><span style=\"font-size: 15.5pt; font-family: Caladea; color: #000000;\">Puis la pri\u00e8re de l&rsquo;\u00c9glise met dans ma bouche les paroles du vieux Sym\u00e9on\u00a0: \u00ab\u00a0Maintenant, \u00f4 Ma\u00eetre souverain, tu peux laisser ton serviteur s&rsquo;en aller en paix, selon ta parole, car mes yeux ont vu le salut que tu pr\u00e9parais \u00e0 la face des peuples.\u00a0\u00bb C&rsquo;est le Seigneur, et lui seul, qui est le Ma\u00eetre souverain, lui qui m&rsquo;a donn\u00e9 la vie aujourd&rsquo;hui et me la redemandera un jour, comme il voudra, quand il voudra. \u00ab\u00a0Je suis \u00e0 toi, Seigneur, et me voici entre de bonnes mains.\u00a0\u00bb<\/span><\/p>\n<p class=\"Textbody\" style=\"margin-bottom: 5.65pt; text-align: justify;\"><span style=\"color: #000000;\"><span style=\"font-size: 15.5pt; font-family: Caladea;\">\u00a0<\/span><span style=\"font-size: 15.5pt; font-family: Caladea;\"><strong>Humilit\u00e9 et esp\u00e9rance.<\/strong> \u00ab\u00a0Mes yeux ont vu le salut\u00a0\u00bb, chante le vieux Sym\u00e9on. Bien que l&rsquo;ensemble du dessein de Dieu me reste voil\u00e9, j&rsquo;en ai vu les pr\u00e9mices dans ma vie et dans la vie des autres. Dans la P\u00e2que du Christ, le salut est d\u00e9j\u00e0 donn\u00e9 en esp\u00e9rance. Lorsque je mourrai, je para\u00eetrai devant celui qui nous dit aujourd&rsquo;hui\u00a0: \u00ab\u00a0J\u2019apporte avec moi le salaire que je vais donner \u00e0 chacun selon ce qu\u2019il a fait.\u00a0\u00bb<\/span><\/span><\/p>\n<p class=\"Textbody\" style=\"margin-bottom: 5.65pt; text-align: justify;\"><span style=\"font-size: 15.5pt; font-family: Caladea; color: #000000;\">Bien s\u00fbr, chacun aura le grave devoir de rendre compte du mal qu&rsquo;il aura commis. Mais entendons d&rsquo;abord l&rsquo;aspect positif\u00a0: la r\u00e9compense promise \u00e0 ceux qui auront pers\u00e9v\u00e9r\u00e9 fid\u00e8lement. Nous esp\u00e9rons \u00eatre de ce nombre, non pas d&rsquo;abord par nos propres forces, mais par le don de l&rsquo;Esprit Saint.<\/span><\/p>\n<p class=\"Textbody\" style=\"margin-bottom: 5.65pt; text-align: justify;\"><span style=\"font-size: 15.5pt; font-family: Caladea; color: #000000;\">Je vis aujourd&rsquo;hui dans l&rsquo;esp\u00e9rance de vivre avec Dieu pour toujours. Cela m&rsquo;aide \u00e0 ne pas avoir peur de vivre ni de mourir. Baptis\u00e9 dans le Christ, confirm\u00e9 par le don de l&rsquo;Esprit Saint, nourri de l&rsquo;eucharistie, je suis de ceux dont le Seigneur J\u00e9sus parle dans l&rsquo;\u00c9vangile\u00a0: \u00ab\u00a0P\u00e8re, ceux que tu m\u2019as donn\u00e9s, je veux que l\u00e0 o\u00f9 je suis, ils soient eux aussi avec moi, et qu\u2019ils contemplent ma gloire.\u00a0\u00bb<\/span><\/p>\n<p class=\"Textbody\" style=\"margin-bottom: 5.65pt; text-align: justify;\"><span style=\"font-size: 15.5pt; font-family: Caladea; color: #000000;\">La sagesse de l&rsquo;\u00c9vangile nous fait aimer cette vie-ci, qui est toujours belle et pr\u00e9cieuse et b\u00e9nie de Dieu. Elle nous donne en m\u00eame temps le d\u00e9sir ardent de la vie \u00e9ternelle, du repos aupr\u00e8s du Seigneur. Chaque heure qui nous \u00e9loigne de notre jeunesse nous rapproche surtout de l&rsquo;\u00e9ternelle jeunesse de Dieu.<\/span><\/p>\n<p class=\"Textbody\" style=\"margin-bottom: 5.65pt; text-align: justify;\"><span style=\"color: #000000;\"><span style=\"font-size: 15.5pt; font-family: Caladea;\">\u00a0<\/span><span style=\"font-size: 15.5pt; font-family: Caladea;\"><strong>Humilit\u00e9, esp\u00e9rance et simplicit\u00e9.<\/strong> \u00ab\u00a0Heureux ceux qui lavent leurs v\u00eatements\u00a0: ils auront droit d\u2019acc\u00e8s \u00e0 l\u2019arbre de la vie et, par les portes, ils entreront dans la ville.\u00a0\u00bb Le v\u00eatement peut \u00eatre le symbole du para\u00eetre, de la relation \u00e0 l&rsquo;autre. Laver son v\u00eatement, ce serait alors assainir ses relations. Apr\u00e8s la mort, il sera trop tard pour se r\u00e9concilier avec nos fr\u00e8res et s\u0153urs et avec Dieu notre P\u00e8re.<\/span><\/span><\/p>\n<p class=\"Textbody\" style=\"margin-bottom: 5.65pt; text-align: justify;\"><span style=\"font-size: 15.5pt; font-family: Caladea; color: #000000;\">Pour d\u00e9signer les derniers instants avant la mort, on parle d&rsquo;agonie, c&rsquo;est-\u00e0-dire de combat. Ce combat, je le sais, est trop difficile pour moi. En tout simplicit\u00e9, j&rsquo;appelle \u00e0 l&rsquo;aide d\u00e8s maintenant. Par le signe de la croix, fait et refait chaque jour, je m&rsquo;habille de l&rsquo;amour sauveur du Christ. Je recours aux sacrements du pardon et de l&rsquo;eucharistie qui me pr\u00e9parent d\u00e8s aujourd&rsquo;hui \u00e0 la rencontre avec le Seigneur. J&rsquo;esp\u00e8re avoir la gr\u00e2ce, le moment venu, d&rsquo;\u00eatre consol\u00e9 par l&rsquo;onction des malades et le viatique. Sans me lasser, je prie saint Joseph, patron de la bonne mort, ainsi que la Vierge Marie, de m&rsquo;assister \u00ab\u00a0maintenant et \u00e0 l&rsquo;heure de notre mort.\u00a0\u00bb<\/span><\/p>\n<p class=\"Textbody\" style=\"margin-bottom: 5.65pt; text-align: justify;\"><span style=\"color: #000000;\"><span style=\"font-size: 15.5pt; font-family: Caladea;\">\u00a0<\/span><span style=\"font-size: 15.5pt; font-family: Caladea;\">Humilit\u00e9 de savoir que je ne suis pas le commencement et la fin de toute chose\u00a0; esp\u00e9rance et d\u00e9sir de la rencontre avec celui qui a pri\u00e9 pour nous tous la veille de sa mort\u00a0; simplicit\u00e9 d&rsquo;appeler \u00e0 l&rsquo;aide pour bien mourir, \u00e0 la gr\u00e2ce de Dieu. Amen.<\/span><\/span><\/p>\n<p style=\"text-align: right;\"><span style=\"color: #000000;\"><em>P\u00e8re Alexandre-Marie Valder<\/em><\/span><\/p>\n","protected":false},"excerpt":{"rendered":"<p>Bien mourir pour les d\u00e9butants Notre pays s&rsquo;est donc engag\u00e9 sur la voie du \u00ab\u00a0droit \u00e0 l&rsquo;aide \u00e0 mourir\u00a0\u00bb, expression qui est un double euph\u00e9misme. L&rsquo;expression \u00ab\u00a0aide \u00e0 mourir\u00a0\u00bb cache le mot \u00ab\u00a0euthanasie\u00a0\u00bb qui lui m\u00eame signifie \u00ab\u00a0bonne mort\u00a0\u00bb. La notion de bonne mort appartient d\u00e9j\u00e0 au tr\u00e9sor de la sagesse chr\u00e9tienne. Les chr\u00e9tiens ne&hellip; <br \/> <a class=\"read-more\" href=\"https:\/\/paroisses-nancy-sud.fr\/HOME\/bien-mourir-pour-les-debutants\/\">Lire la suite<\/a><\/p>\n","protected":false},"author":9,"featured_media":290,"comment_status":"closed","ping_status":"open","sticky":false,"template":"","format":"standard","meta":[],"categories":[9],"tags":[],"acf":[],"_links":{"self":[{"href":"https:\/\/paroisses-nancy-sud.fr\/HOME\/wp-json\/wp\/v2\/posts\/4702"}],"collection":[{"href":"https:\/\/paroisses-nancy-sud.fr\/HOME\/wp-json\/wp\/v2\/posts"}],"about":[{"href":"https:\/\/paroisses-nancy-sud.fr\/HOME\/wp-json\/wp\/v2\/types\/post"}],"author":[{"embeddable":true,"href":"https:\/\/paroisses-nancy-sud.fr\/HOME\/wp-json\/wp\/v2\/users\/9"}],"replies":[{"embeddable":true,"href":"https:\/\/paroisses-nancy-sud.fr\/HOME\/wp-json\/wp\/v2\/comments?post=4702"}],"version-history":[{"count":3,"href":"https:\/\/paroisses-nancy-sud.fr\/HOME\/wp-json\/wp\/v2\/posts\/4702\/revisions"}],"predecessor-version":[{"id":4714,"href":"https:\/\/paroisses-nancy-sud.fr\/HOME\/wp-json\/wp\/v2\/posts\/4702\/revisions\/4714"}],"wp:featuredmedia":[{"embeddable":true,"href":"https:\/\/paroisses-nancy-sud.fr\/HOME\/wp-json\/wp\/v2\/media\/290"}],"wp:attachment":[{"href":"https:\/\/paroisses-nancy-sud.fr\/HOME\/wp-json\/wp\/v2\/media?parent=4702"}],"wp:term":[{"taxonomy":"category","embeddable":true,"href":"https:\/\/paroisses-nancy-sud.fr\/HOME\/wp-json\/wp\/v2\/categories?post=4702"},{"taxonomy":"post_tag","embeddable":true,"href":"https:\/\/paroisses-nancy-sud.fr\/HOME\/wp-json\/wp\/v2\/tags?post=4702"}],"curies":[{"name":"wp","href":"https:\/\/api.w.org\/{rel}","templated":true}]}}