{"id":4704,"date":"2025-05-31T21:02:24","date_gmt":"2025-05-31T19:02:24","guid":{"rendered":"https:\/\/paroisses-nancy-sud.fr\/HOME\/?p=4704"},"modified":"2025-05-31T21:02:24","modified_gmt":"2025-05-31T19:02:24","slug":"annonces-de-saint-francois-de-sales-et-sainte-jeanne-de-chantal-du-1er-juin","status":"publish","type":"post","link":"https:\/\/paroisses-nancy-sud.fr\/HOME\/annonces-de-saint-francois-de-sales-et-sainte-jeanne-de-chantal-du-1er-juin\/","title":{"rendered":"Annonces de Saint-Fran\u00e7ois-de-Sales et Sainte-Jeanne-de-Chantal du 1er juin"},"content":{"rendered":"\n<p><span style=\"color: #000000;\"><strong>Bapt\u00eames, mariages.<br \/><\/strong><strong style=\"font-size: revert;\">Dimanche 1<sup>er<\/sup> juin, \u00e0 Ludres, bapt\u00eame<\/strong><span style=\"font-size: revert;\"> de El\u00e9na.<br \/><\/span><strong>Samedi 7 juin, \u00e0 Ludres, \u00e0 16h mariage de <\/strong>Elodie et de Guillaume.<\/span><br \/><span style=\"color: #000000;\"><strong>Dimanche 8 juin, \u00e0 Fl\u00e9ville bapt\u00eame <\/strong>de Victoria.<\/span><br \/><span style=\"color: #000000;\">Nous prions pour ces enfants, ce jeune couple et leurs familles.<\/span><\/p>\n<p><span style=\"color: #000000;\"><strong>Eveil \u00e0 la Foi :<br \/><\/strong><strong>Ce dimanche 1<sup>er<\/sup> juin \u00e0 10h, \u00e0 Ludres, \u00e0 la Maion Paroissiale, <\/strong>en face de l\u2019\u00e9glise,<strong> les enfants de 3 \u00e0 7 ans <\/strong>sont invit\u00e9s, avec leurs parents \u00e0 ce temps de d\u00e9couverte. La rencontre se terminera par un go\u00fbter. N\u2019h\u00e9sitez pas \u00e0 venir m\u00eame si c\u2019est la premi\u00e8re fois\u00a0!<\/span><\/p>\n<p><span style=\"color: #000000;\"><strong>Qu\u00eate suppl\u00e9mentaire du premier dimanche du mois<br \/><\/strong><strong>Ce samedi 31 mai et dimanche 1<sup>er<\/sup> juin, <\/strong>vous sera propos\u00e9e la qu\u00eate suppl\u00e9mentaire du premier dimanche du mois \u00e0 la sortie des messes. Merci de votre g\u00e9n\u00e9rosit\u00e9.<\/span><\/p>\n<p><span style=\"color: #000000;\"><strong>Vente au profit du jubil\u00e9 des jeunes<br \/><\/strong><strong>Ce dimanche 1<sup>er<\/sup> juin \u00e0 Ludres<\/strong>, puis samedi 21 juin \u00e0 Heillecourt, samedi 28 juin \u00e0 Laneuveville, Il sera propos\u00e9 une vente (g\u00e2teaux maison et objets fait main) \u00e0 la sortie des messes pour aider au financement du p\u00e8lerinage jeunes adultes, \u00e0 Rome du 25 juillet au 6 ao\u00fbt.<\/span><\/p>\n<p><span style=\"color: #000000;\"><strong>Changements \u00e0 la rentr\u00e9e dans nos paroisses :<br \/><\/strong>\u00a0&#8211; A compter du 1<sup>er<\/sup> septembre 2025, <strong>le p\u00e8re Raj<\/strong> sera \u00e0 Paris, pour des \u00e9tudes sur la cat\u00e9ch\u00e8se, \u00e0 la demande de son \u00e9v\u00eaque. Il ne sera donc plus parmi nous sauf pendant les vacances scolaires o\u00f9 il r\u00e9sidera \u00e0 Jarville. Nous prendrons le temps de le remercier dans les semaines \u00e0 venir. Il ne sera pas remplac\u00e9.<br \/><strong>\u00a0&#8211; Le p\u00e8re Alexandre-Marie<\/strong> est nomm\u00e9 responsable de l\u2019aum\u00f4nerie des \u00e9tudiants \u00e0 Nancy, tout en gardant ses autres fonctions dans nos paroisses.<\/span><\/p>\n<p><span style=\"color: #000000;\"><strong>Equipe d\u2019animation pastorale (EAP) :<br \/><\/strong>Les \u00e9quipes d\u2019animation pastorale de nos paroisses se r\u00e9unissent\u00a0: paroisse Sainte-Jeanne-de-Chantal <strong>mercredi 4 juin<\/strong>, paroisse Saint-Fran\u00e7ois-de-Sales <strong>jeudi 12 juin.<\/strong><\/span><\/p>\n<p><span style=\"color: #000000;\"><strong>Temps de pri\u00e8re du premier jeudi du mois :<br \/><\/strong><strong>Jeudi 5 juin \u00e0 17h \u00e0 Jarville, pri\u00e8re d\u2019intercession <\/strong>pour les malades et les personnes souffrantes, les familles, les groupes en difficult\u00e9.<\/span><\/p>\n<p><span style=\"color: #000000;\"><strong>Profession de Foi des jeunes de notre secteur : <br \/><\/strong><strong>Le dimanche 8 juin, dimanche de la Pentec\u00f4te \u00e0 Jarville<\/strong>, huit jeunes de nos paroisses, Agathe, Cl\u00e9mence, Eva, Jean-Baptiste, Lea, Lo\u00eblys, Mathis, Samuel, Sarah (qui fera aussi sa 1<sup>\u00e8re<\/sup> communion), Sophie, feront leur profession de Foi. Prions pour ces jeunes et leurs familles.<\/span><\/p>\n<p><span style=\"color: #000000;\"><strong>Soir\u00e9e de Louange\u00a0<br \/><\/strong><strong>Vendredi 6 juin \u00e0 20h30<\/strong>, \u00e0 l\u2019\u00e9glise du Sacr\u00e9-C\u0153ur \u00e0 Jarville, venez vivre un moment unique de pri\u00e8re en musique. Des fid\u00e8les de la communaut\u00e9 de Jarville se sont rassembl\u00e9s pour vous offrir une soir\u00e9e de louange, simple mais profonde, n\u00e9e du d\u00e9sir de prier ensemble par le chant. Il s\u2019agit d\u2019un temps de c\u0153ur \u00e0 c\u0153ur avec Dieu, dans la joie, et la foi. Parce que le chant \u00e9l\u00e8ve l\u2019\u00e2me, ravive la foi et unit les c\u0153urs et comme saint Augustin l\u2019a sugg\u00e9r\u00e9 : \u00ab Chanter, c\u2019est prier deux fois \u00bb.<\/span><\/p>\n<p><span style=\"color: #000000;\"><strong>Rencontre AJC des Jeunes de notre secteur :<br \/><\/strong><strong>Le vendredi 6 juin \u00e0 20h30, \u00e0 l\u2019\u00e9glise de Jarville<\/strong>, chacun est invit\u00e9 \u00e0 venir pour une soir\u00e9e de chants et de louange, pour \u00e9couter, chanter, prier, c\u00e9l\u00e9brer. Le dimanche 22 juin, rencontre \u00e0 Saint Nicolas de Port \u00e0 partir de 10h (messe, visite de la basilique, d\u00e9marche jubilaire, pique-nique, jeux et marche.<\/span><\/p>\n<p><span style=\"color: #000000;\"><strong>Table ouverte\u00a0<br \/><\/strong><strong>Attention<\/strong>, exceptionnellement, la table ouverte sera <strong>le dimanche 15 juin.<\/strong><\/span><\/p>\n<p><span style=\"color: #000000;\"><strong>Confirmation des adultes :<br \/><\/strong>Les confirmations des adultes de notre dioc\u00e8se, dont <strong>huit personnes de nos paroisses<\/strong>, auront lieu <strong>le\u00a0dimanche 8 juin 2025, \u00e0 15h<\/strong>, dans la cath\u00e9drale Saint-\u00c9tienne de Toul. Cette c\u00e9l\u00e9bration sera pr\u00e9sid\u00e9e par Monseigneur Pierre-Yves Michel, \u00e9v\u00eaque de Nancy et Toul.<\/span><\/p>\n<p><span style=\"color: #000000;\"><strong>Messes dominicales des 7 et 8 juin 2025 : F\u00eate de la Pentec\u00f4te :<br \/><\/strong><strong>Samedi 7 juin\u00a0: 18h <\/strong>Heillecourt, Laneuveville, Bainville<\/span><br \/><span style=\"color: #000000;\"><strong>Dimanche 8 juin<\/strong>\u00a0: <strong>10h<\/strong> Flavigny, Fl\u00e9ville\u00a0\u00a0\u00a0\u00a0\u00a0\u00a0\u00a0\u00a0\u00a0\u00a0\u00a0\u00a0\u00a0\u00a0\u00a0\u00a0 \u00a0\u00a0\u00a0\u00a0\u00a0\u00a0\u00a0<strong>10h30<\/strong> Jarville, Neuves-Maisons\u00a0 \u00a0 \u00a0 \u00a0 <\/span><br \/><span style=\"color: #000000;\">\u00a0 \u00a0 \u00a0 \u00a0<strong>Attention, <\/strong>pas de messe \u00e0 Flavigny le 22 juin, mais messe \u00e0 Ludres \u00e0 11h<\/span><\/p>\n<p><span style=\"color: #000000;\"><strong>Repas des b\u00e9n\u00e9voles, Sainte-Jeanne-de-Chantal :<br \/><\/strong><strong>Dimanche 22 juin, \u00e0 Ludres,<\/strong> \u00e0 l\u2019issue de la messe, ap\u00e9ritif offert, pour tous les paroissiens, puis barbecue pour les b\u00e9n\u00e9voles de la paroisse.<\/span><\/p>\n<p><span style=\"color: #000000;\"><strong>Voyageurs chr\u00e9tiens :<br \/><\/strong>Sortie en Alsace <strong>le mardi 8 juillet<\/strong> : visites guid\u00e9es de la biblioth\u00e8que humaniste, de la maison du pain et de l&rsquo;abbaye d&rsquo;Ebersmunster, chef-d\u2019\u0153uvre baroque. Inscriptions : Madame Chambon et Jean-Fran\u00e7ois au 03 83 56 34 31. <strong>Du 4 au 8 ao\u00fbt<\/strong>, d\u00e9couverte du patrimoine religieux et culturel des Hauts de France : Arras, Louvre-Lens, Notre Dame de Lorette, Roubaix.<\/span><\/p>\n<p><span style=\"color: #000000;\"><strong>Autres Annonces :<br \/><\/strong><strong>\u00a0&#8211; Estime de soi et respect du corps : prendre soin de son corps\u2026 et de son \u00e2me ?<br \/><\/strong><strong>Samedi 7 juin 2025 de 10h \u00e0 12h<\/strong> au domaine de l\u2019Asn\u00e9e, le service diaconie vous invite pour une matin\u00e9e de r\u00e9flexion autour de l\u2019image de soi et de la vision chr\u00e9tienne du corps, organis\u00e9e par le service diaconie du dioc\u00e8se. Contact 06 50 61 55 21<\/span><\/p>\n<p><span style=\"color: #000000;\"><strong>Vivons le Jubil\u00e9 avec saint Nicolas :<\/strong><\/span><\/p>\n<table>\n<tbody>\n<tr>\n<td width=\"717\">\n<p><span style=\"color: #000000;\"><strong>Le lundi 9 juin, lundi de Pentec\u00f4te, \u00e0 la basilique Saint-Nicolas de Saint-Nicolas-de-Port, <\/strong>venez vivre la traditionnelle procession de la Saint-Nicolas d\u2019\u00e9t\u00e9. Outre la procession, plusieurs autres belles propositions rythmeront cette journ\u00e9e :<\/span><\/p>\n<p><span style=\"color: #000000;\">\u00b7\u00a0\u00a0\u00a0\u00a0\u00a0\u00a0 <strong>10h, conf\u00e9rence\u00a0<\/strong>sur le th\u00e8me \u00ab\u00a0<em>Le Concile de Nic\u00e9e : histoire et importance<\/em>\u00a0\u00bb, anim\u00e9e par le p\u00e8re Jacques Bombardier, oratorien., La conf\u00e9rence sera suivie d<strong>\u2018un temps de confessions et d\u2019un temps d\u2019adoration eucharistique. <\/strong><\/span><\/p>\n<p><span style=\"color: #000000;\">\u00b7\u00a0\u00a0\u00a0\u00a0\u00a0\u00a0 <strong>12h30<\/strong>\u00a0:\u00a0<strong>pique-nique<\/strong>\u00a0sur le \u00ab\u00a0pr\u00e9\u00a0\u00bb, dans la cour devant la salle des p\u00e8lerins. Chacun est invit\u00e9 \u00e0 apporter son repas.<\/span><\/p>\n<p><span style=\"color: #000000;\">\u00b7\u00a0\u00a0\u00a0\u00a0\u00a0\u00a0 <strong>13h30 :<\/strong>\u00a0<strong>grand jeu<\/strong>\u00a0sur le th\u00e8me de la \u00ab <em>d\u00e9couverte de la basilique<\/em> \u00bb organis\u00e9 par le p\u00e8re Pierre Binsinger, responsable dioc\u00e9sain de la pastorale des r\u00e9alit\u00e9s du tourisme et des loisirs,<\/span><\/p>\n<p><span style=\"color: #000000;\">\u00b7\u00a0\u00a0\u00a0\u00a0\u00a0\u00a0 <strong>14h30<\/strong>\u00a0:\u00a0<strong>temps de confessions<\/strong>.<\/span><\/p>\n<ul>\n<li><span style=\"color: #000000;\"><strong>15h30 :<\/strong>\u00a0<strong>messe<\/strong>.<\/span><\/li>\n<li><span style=\"color: #000000;\">La messe sera suivie de la traditionnelle\u00a0<strong>procession de la Saint-Nicolas d\u2019\u00e9t\u00e9<\/strong>. Elle aura lieu \u00e0 l\u2019ext\u00e9rieur si la m\u00e9t\u00e9o le permet.<\/span><\/li>\n<li><span style=\"color: #000000;\"><strong>Imposition de la manne<\/strong>\u00a0propos\u00e9e \u00e0 ceux qui le souhaitent. La manne est un liquide (dit huile) recueilli sur la tombe de saint Nicolas dans la basilique Saint-Nicolas de Bari (Italie).<\/span><\/li>\n<\/ul>\n<\/td>\n<\/tr>\n<\/tbody>\n<\/table>\n<p><span style=\"color: #000000;\"><strong>P\u00e8lerinage dioc\u00e9sain \u00e0 Lourdes :<br \/><\/strong>Avec Marie, soyez p\u00e8lerin d\u2019esp\u00e9rance \u00e0 Lourdes.\u00a0Comme chaque ann\u00e9e, le\u00a0service des p\u00e8lerinages du dioc\u00e8se de Nancy et Toul vous propose un\u00a0p\u00e8lerinage dioc\u00e9sain \u00e0 Lourdes.\u00a0Il aura lieu\u00a0<strong>du lundi 14 au dimanche 20 juillet 2025<\/strong>, et sera pr\u00e9sid\u00e9 par Monseigneur Pierre-Yves Michel, \u00e9v\u00eaque de Nancy et Toul. Vous pouvez vous inscrire sur le <strong>site du dioc\u00e8se<\/strong>, ou prendre des bulletins au <strong>fond des \u00e9glises<\/strong>.<\/span><\/p>\n<p><span style=\"color: #000000;\"><strong>Rassemblement dioc\u00e9sain des \u00e9quipes du Rosaire :<br \/><\/strong>Les \u00e9quipes du Rosaire se retrouvent pour f\u00eater leur 70<sup>\u00e8me<\/sup> anniversaire au Sanctuaire de <strong>Saint-Avold le 20 juin 2025. <\/strong>Bus 2, d\u00e9part Gare \/palais des congr\u00e8s \u00e0 7h20.<strong> T\u00e9l 06 64 95 71 20<\/strong><\/span><\/p>\n","protected":false},"excerpt":{"rendered":"<p>Bapt\u00eames, mariages.Dimanche 1er juin, \u00e0 Ludres, bapt\u00eame de El\u00e9na.Samedi 7 juin, \u00e0 Ludres, \u00e0 16h mariage de Elodie et de Guillaume.Dimanche 8 juin, \u00e0 Fl\u00e9ville bapt\u00eame de Victoria.Nous prions pour ces enfants, ce jeune couple et leurs familles. Eveil \u00e0 la Foi :Ce dimanche 1er juin \u00e0 10h, \u00e0 Ludres, \u00e0 la Maion Paroissiale, en&hellip; <br \/> <a class=\"read-more\" href=\"https:\/\/paroisses-nancy-sud.fr\/HOME\/annonces-de-saint-francois-de-sales-et-sainte-jeanne-de-chantal-du-1er-juin\/\">Lire la suite<\/a><\/p>\n","protected":false},"author":5,"featured_media":2464,"comment_status":"closed","ping_status":"open","sticky":false,"template":"","format":"standard","meta":[],"categories":[7],"tags":[],"acf":[],"_links":{"self":[{"href":"https:\/\/paroisses-nancy-sud.fr\/HOME\/wp-json\/wp\/v2\/posts\/4704"}],"collection":[{"href":"https:\/\/paroisses-nancy-sud.fr\/HOME\/wp-json\/wp\/v2\/posts"}],"about":[{"href":"https:\/\/paroisses-nancy-sud.fr\/HOME\/wp-json\/wp\/v2\/types\/post"}],"author":[{"embeddable":true,"href":"https:\/\/paroisses-nancy-sud.fr\/HOME\/wp-json\/wp\/v2\/users\/5"}],"replies":[{"embeddable":true,"href":"https:\/\/paroisses-nancy-sud.fr\/HOME\/wp-json\/wp\/v2\/comments?post=4704"}],"version-history":[{"count":2,"href":"https:\/\/paroisses-nancy-sud.fr\/HOME\/wp-json\/wp\/v2\/posts\/4704\/revisions"}],"predecessor-version":[{"id":4709,"href":"https:\/\/paroisses-nancy-sud.fr\/HOME\/wp-json\/wp\/v2\/posts\/4704\/revisions\/4709"}],"wp:featuredmedia":[{"embeddable":true,"href":"https:\/\/paroisses-nancy-sud.fr\/HOME\/wp-json\/wp\/v2\/media\/2464"}],"wp:attachment":[{"href":"https:\/\/paroisses-nancy-sud.fr\/HOME\/wp-json\/wp\/v2\/media?parent=4704"}],"wp:term":[{"taxonomy":"category","embeddable":true,"href":"https:\/\/paroisses-nancy-sud.fr\/HOME\/wp-json\/wp\/v2\/categories?post=4704"},{"taxonomy":"post_tag","embeddable":true,"href":"https:\/\/paroisses-nancy-sud.fr\/HOME\/wp-json\/wp\/v2\/tags?post=4704"}],"curies":[{"name":"wp","href":"https:\/\/api.w.org\/{rel}","templated":true}]}}