{"id":4745,"date":"2025-06-20T16:17:03","date_gmt":"2025-06-20T14:17:03","guid":{"rendered":"https:\/\/paroisses-nancy-sud.fr\/HOME\/?p=4745"},"modified":"2025-06-20T16:17:03","modified_gmt":"2025-06-20T14:17:03","slug":"annonces-de-sainte-jeanne-de-chantal-et-saint-francois-de-sales-du-22-juin","status":"publish","type":"post","link":"https:\/\/paroisses-nancy-sud.fr\/HOME\/annonces-de-sainte-jeanne-de-chantal-et-saint-francois-de-sales-du-22-juin\/","title":{"rendered":"Annonces de Sainte-Jeanne-de-Chantal et Saint-Fran\u00e7ois-de-Sales du 22 juin"},"content":{"rendered":"\n<p><span style=\"color: #000000;\"><strong>Bapt\u00eames et accueil bapt\u00eame :<br \/><\/strong><strong>Dimanche 22 juin \u00e0 Ludres<\/strong> bapt\u00eame de L\u00e9on et nous accueillerons Simon futur baptis\u00e9 et sa famille.<\/span><br \/><span style=\"color: #000000;\"><strong>Dimanche 29 juin \u00e0 Ludres<\/strong>, bapt\u00eame de Ad\u00e8le et Marcus<\/span><br \/><span style=\"color: #000000;\">Nous prions pour ces enfants et leurs familles.<\/span><\/p>\n<p><span style=\"color: #000000;\"><strong>Premi\u00e8res communions et bapt\u00eames :<br \/><\/strong><strong>Ce dimanche 22 juin \u00e0 Jarville treize enfants, <\/strong>des groupes de 2<sup>\u00e8me<\/sup> ann\u00e9e de cat\u00e9 de nos paroisses vont faire leur premi\u00e8re communion\u00a0: Alphonse, Axel, Cl\u00e9mence, Lana, Lianah, Lisa, Lola, Lou, Louis, Louise, Mathilde, Noah, Rose. Trois d\u2019entre eux, Lisa, Lou, et Noah seront <strong>baptis\u00e9s.<\/strong><\/span><\/p>\n<p><span style=\"color: #000000;\"><strong>Moment convivial et repas des b\u00e9n\u00e9voles, Sainte-Jeanne-de-Chantal :<br \/><\/strong><strong>Dimanche 22 juin, \u00e0 Ludres,<\/strong> \u00e0 l\u2019issue de la messe, <strong>ap\u00e9ritif offert pour tous<\/strong> les paroissiens, puis barbecue pour les b\u00e9n\u00e9voles de la paroisse.<\/span><\/p>\n<p><span style=\"color: #000000;\"><strong>Vente au profit du jubil\u00e9 des jeunes :<br \/><\/strong><strong>Samedi 21 juin \u00e0 Heillecourt, samedi 28 juin \u00e0 Laneuveville<\/strong>, Il sera propos\u00e9 une vente (g\u00e2teaux maison et objets fait main) \u00e0 la sortie des messes pour aider au financement du p\u00e8lerinage jeunes adultes, \u00e0 Rome du 25 juillet au 6 ao\u00fbt.<\/span><\/p>\n<p><span style=\"color: #000000;\"><strong>F\u00eate du Sacr\u00e9-C\u0153ur de J\u00e9sus :<br \/><\/strong><strong>Vendredi 27 juin <\/strong>messe \u00e0 19h \u00e0 Jarville et <strong>samedi 28 juin<\/strong>, messe \u00e0 18h \u00e0 Heillecourt<\/span><\/p>\n<p><span style=\"color: #000000;\"><strong>Inter EAP :<br \/><\/strong><strong>Mercredi 25 juin<\/strong>, les trois \u00c9quipes d\u2019Animation Pastorale se retrouvent \u00e0 Ludres\u00a0: \u00e0 18h, messe d\u2019actions de gr\u00e2ces, puis r\u00e9union, (bilan de l\u2019ann\u00e9e et projets) suivie du repas partag\u00e9.<\/span><\/p>\n<p><span style=\"color: #000000;\"><strong>Proposition du Sacrement des malades :<br \/><\/strong>Le samedi <strong>28 juin<\/strong>, \u00e0 <strong>18h \u00e0 Heillecourt, <\/strong>\u00e0 l\u2019occasion de la f\u00eate du Sacr\u00e9 C\u0153ur de J\u00e9sus, la paroisse Sainte-Jeanne-de-Chantal pr\u00e9voit de donner le <strong>sacrement des malades<\/strong> \u00e0 ceux qui sont pr\u00eats \u00e0 le recevoir, lors des messes dominicales. Sont invit\u00e9es \u00e0 le recevoir les <strong>personnes confront\u00e9es \u00e0 une maladie critique ou un grand affaiblissement<\/strong> d\u00fb au grand \u00e2ge. Il convient de bien r\u00e9fl\u00e9chir \u00e0 cette invitation et <strong>d\u2019indiquer sa volont\u00e9 de le recevoir \u00e0 un pr\u00eatre de la paroisse ou un membre du SEM.<\/strong><\/span><\/p>\n<p><span style=\"color: #000000;\"><strong>Changements \u00e0 la rentr\u00e9e dans nos paroisses :<br \/><\/strong>A compter du 1<sup>er<\/sup> septembre 2025, <br \/><strong>\u00a0&#8211; Le p\u00e8re Raj<\/strong> sera \u00e0 Paris, pour des \u00e9tudes sur la cat\u00e9ch\u00e8se, \u00e0 la demande de son \u00e9v\u00eaque. Il ne sera donc plus parmi nous sauf pendant les vacances scolaires o\u00f9 il r\u00e9sidera \u00e0 Jarville. Nous prendrons le temps de le remercier dans les semaines \u00e0 venir. Il ne sera pas remplac\u00e9.<br \/><strong style=\"font-size: revert;\">\u00a0&#8211; Le p\u00e8re Alexandre-Marie<\/strong><span style=\"font-size: revert;\"> est nomm\u00e9 responsable de l\u2019aum\u00f4nerie des \u00e9tudiants \u00e0 Nancy, tout en gardant ses autres fonctions dans nos paroisses.<\/span><\/span><\/p>\n<p><span style=\"color: #000000;\"><strong>Changement des horaires de messes dominicales \u00e0 la rentr\u00e9e :<br \/><\/strong>A partir du <strong>1<sup>er<\/sup> septembre 2025,<\/strong> certains horaires des messes vont \u00eatre modifi\u00e9s :<br \/>&#8211; <strong>Flavigny, Fl\u00e9ville, messe \u00e0 9h30 au lieu de 10h<br \/><\/strong>&#8211; <strong>Jarville messe \u00e0 11h au lieu de 10h30<br \/><\/strong>Pas de changement d\u2019horaire pour les messes du samedi soir, ni pour la messe \u00e0 Ludres.<br \/>Ces nouveaux horaires permettent \u00e0 un m\u00eame pr\u00eatre de c\u00e9l\u00e9brer deux messes dans la matin\u00e9e.<\/span><\/p>\n<p><span style=\"color: #000000;\"><strong>Remercier le p\u00e8re Raj :<br \/><\/strong><strong>\u00a0&#8211; A Heillecourt le samedi 21 juin, u<\/strong>n moment convivial est pr\u00e9vu apr\u00e8s la messe, salle Arc en Ciel, autour d\u2019un verre et de quoi grignoter. Chacun peut apporter de quoi partager.<br \/><strong>\u00a0&#8211; A Jarville, le dimanche 24 ao\u00fbt, <\/strong>le secteur paroissial remerciera plus chaleureusement le p\u00e8re Raj un ap\u00e9ritif permettra d\u2019\u00e9changer avec lui \u00e0 l\u2019issue de la messe.<br \/>Vous trouverez une urne au fond des \u00e9glises, <strong>collecte<\/strong> organis\u00e9e dans nos paroisses pour remercier le p\u00e8re Raj de sa pr\u00e9sence durant ces quatre derni\u00e8res ann\u00e9es.<\/span><\/p>\n<p><span style=\"color: #000000;\"><strong>Concert \u00e0 Heillecourt :<br \/><\/strong><strong>Vendredi 27 juin, \u00e0 20h30,<\/strong> concert \u00e0 l\u2019\u00e9glise d\u2019Heillecourt par la chorale les \u00ab\u00a0Voix-ci les Voix-l\u00e0\u00a0\u00bb, Entr\u00e9e libre.<\/span><\/p>\n<p><span style=\"color: #000000;\"><strong>Messes dominicales des 28 et 29 juin 2025 :<br \/><\/strong><strong>Samedi 28 juin\u00a0: 18h <\/strong>Heillecourt, Laneuveville, Th\u00e9lod<br \/><strong>Dimanche 29 juin<\/strong>: <strong>10h30<\/strong> Jarville,\u00a0Neuves-Maisons <strong>11h <\/strong>Ludres\u00a0 \u00a0 \u00a0 \u00a0 \u00a0<\/span><\/p>\n<p><span style=\"color: #000000;\"><strong>Fleurissement \u00e9glise de Jarville :<br \/><\/strong>Suite \u00e0 des soucis de sant\u00e9, Odile qui assurait le fleurissement de l\u2019\u00e9glise de Jarville depuis 30 ans arr\u00eate sa mission. Nous la remercions encore. En cette p\u00e9riode d\u2019\u00e9t\u00e9, certains paroissiens doivent avoir dans leur jardin des fleurs et pourraient les offrir pour l\u2019\u00e9glise. Nous vous proposons de les d\u00e9poser au fond de l\u2019\u00e9glise, c\u00f4t\u00e9 biblioth\u00e8que, dans un sceau, le vendredi ou le samedi matin. Merci d\u2019avance<\/span><\/p>\n<p><span style=\"color: #000000;\"><strong>Voyageurs chr\u00e9tiens :<br \/><\/strong>Sortie en Alsace <strong>le mardi 8 juillet<\/strong> : visites guid\u00e9es de la biblioth\u00e8que humaniste, de la maison du pain et de l&rsquo;abbaye d&rsquo;Ebersmunster, chef-d\u2019\u0153uvre baroque. Inscriptions : Madame Chambon et Jean-Fran\u00e7ois au 03 83 56 34 31. <strong>Du 4 au 8 ao\u00fbt<\/strong>, d\u00e9couverte du patrimoine religieux et culturel des Hauts de France : Arras, Louvre-Lens, Notre Dame de Lorette, Roubaix.<\/span><\/p>\n<p><span style=\"color: #000000;\"><strong>Mouvement chr\u00e9tien des retrait\u00e9s :<br \/><\/strong>Le groupe \u00ab\u00a0Chr\u00e9tien des retrait\u00e9s de Heillecourt, organise <strong>le 15 juillet 2025<\/strong>, une visite de <strong>la cath\u00e9drale<\/strong> <strong>de Toul<\/strong>, visite comment\u00e9e par le P\u00e8re Bombardier, historien reconnu et appr\u00e9ci\u00e9 ; Si vous \u00eates int\u00e9ress\u00e9s, n&rsquo;h\u00e9sitez pas \u00e0 venir nous rejoindre ; Vous serez les bienvenus. Le rendez-vous est fix\u00e9 au <strong>15 juillet \u00e0 14h30<\/strong> devant la cath\u00e9drale de Toul. Le d\u00e9placement est pr\u00e9vu\u00a0 \u00a0par co-voiturage. La messe, c\u00e9l\u00e9br\u00e9e par le P\u00e8re Houot, notre aum\u00f4nier, cl\u00f4turera ce bel apr\u00e8s-midi. <\/span><br \/><span style=\"color: #000000;\"><em>Contact<\/em>\u00a0: Marie-Th\u00e9r\u00e8se Stevenin 03 83 51 56 43.<\/span><\/p>\n<p><span style=\"color: #000000;\"><strong>Voyage \u00e0 Paris :<br \/><\/strong>Un voyage est organis\u00e9 \u00e0 <strong>Paris le jeudi 9 octobre<\/strong> par diff\u00e9rents groupes dont deux groupes de pri\u00e8res de Jarville\u00a0: Visite guid\u00e9e de la cath\u00e9drale Notre-Dame de Paris, int\u00e9rieur et ext\u00e9rieur, d\u00e9jeuner au restaurant, croisi\u00e8re comment\u00e9e sur la Seine, temps libre. Prix 149 \u20ac par personne. Pour tout renseignement, s\u2019adresser \u00e0 Chantal Marchand, 06 59 72 55 71 (date limite d\u2019inscription 20 juin).<\/span><\/p>\n<p><span style=\"color: #000000;\"><strong>Autres Annonces :\u00a0<br \/><\/strong><strong>\u00a0&#8211; Temps festif pour les jubilaires :<br \/><\/strong>Notre \u00e9v\u00eaque vous invite \u00e0 un temps festif \u00e0 Nancy\u00a0<strong>le dimanche 22 juin 2025<\/strong>. Une belle occasion de nous rassembler pour f\u00eater les pr\u00eatres et diacres jubilaires, et accompagner de notre pri\u00e8re les nouveaux chanoines. <br \/><strong>\u00a0&#8211; 16h : rendez-vous \u00e0 l\u2019\u00e9glise Saint-S\u00e9bastien de Nancy<\/strong>, <strong>pour l\u2019envoi liturgique de la procession du Saint-Sacrement,<\/strong> organis\u00e9 par le secteur pastoral de Nancy-Ville \u00e0 l\u2019occasion de la F\u00eate-Dieu.\u00a0; <br \/><strong>\u00a0&#8211; 17h : la procession vous m\u00e8nera jusqu\u2019\u00e0 la cath\u00e9drale<\/strong> pour <strong>les v\u00eapres solennelles en action de gr\u00e2ce <\/strong>pour les pr\u00eatres et diacres jubilaires, suivies de <strong>l\u2019installation de cinq nouveaux chanoines pour notre dioc\u00e8se<\/strong> de Nancy et Toul.<\/span><\/p>\n<p><span style=\"color: #000000;\"><strong>P\u00e8lerinage dioc\u00e9sain \u00e0 Lourdes :<br \/><\/strong>Avec Marie, soyez p\u00e8lerin d\u2019esp\u00e9rance \u00e0 Lourdes.\u00a0Comme chaque ann\u00e9e, le\u00a0service des p\u00e8lerinages du dioc\u00e8se de Nancy et Toul vous propose un\u00a0p\u00e8lerinage dioc\u00e9sain \u00e0 Lourdes.\u00a0Il aura lieu\u00a0<strong>du lundi 14 au dimanche 20 juillet 2025<\/strong>, et sera pr\u00e9sid\u00e9 par Monseigneur Pierre-Yves Michel, \u00e9v\u00eaque de Nancy et Toul. Vous pouvez vous inscrire sur le <strong>site du dioc\u00e8se<\/strong>, ou prendre des bulletins au <strong>fond des \u00e9glises.<\/strong><\/span><\/p>\n<p><span style=\"color: #000000;\"><strong>P\u00e8lerinage dioc\u00e9sain \u00e0 Sion :<br \/><\/strong>Notre \u00e9v\u00eaque, Monseigneur Pierre-Yves Michel, vous invite \u00e0 participer au p\u00e8lerinage dioc\u00e9sain \u00e0 Notre-Dame de Sion, qui ouvrira l\u2019ann\u00e9e pastorale, le\u00a0<strong>samedi 6 septembre 2025, \u00e0 partir de 9h30.\u00a0<\/strong>C\u2019est le grand rendez-vous de rentr\u00e9e pour notre dioc\u00e8se. Pour r\u00e9server des repas et des places dans un bus, inscrivez-vous\u00a0<strong>au plus tard le samedi 23 ao\u00fbt 2025.\u00a0<\/strong>Renseignements dur le site du dioc\u00e8se.<\/span><\/p>\n<p><span style=\"color: #000000;\"><strong>Nuit des \u00e9glises :<br \/><\/strong>L\u2019\u00e9dition 2025 de la\u00a0<a style=\"color: #000000;\" href=\"https:\/\/www.narthex.fr\/nuit-des-eglises\">Nuit des \u00e9glises<\/a>\u00a0se tiendra <strong>du 27 juin au 7 juillet 2025<\/strong> partout en France. D\u00e9couvrez toutes les belles animations propos\u00e9es par les \u00e9glises en Meurthe-et-Moselle, sur le site de notre dioc\u00e8se.<\/span><\/p>\n<p><span style=\"color: #000000;\"><strong>\u00a0<\/strong><\/span><\/p>\n","protected":false},"excerpt":{"rendered":"<p>Bapt\u00eames et accueil bapt\u00eame :Dimanche 22 juin \u00e0 Ludres bapt\u00eame de L\u00e9on et nous accueillerons Simon futur baptis\u00e9 et sa famille.Dimanche 29 juin \u00e0 Ludres, bapt\u00eame de Ad\u00e8le et MarcusNous prions pour ces enfants et leurs familles. Premi\u00e8res communions et bapt\u00eames :Ce dimanche 22 juin \u00e0 Jarville treize enfants, des groupes de 2\u00e8me ann\u00e9e de&hellip; <br \/> <a class=\"read-more\" href=\"https:\/\/paroisses-nancy-sud.fr\/HOME\/annonces-de-sainte-jeanne-de-chantal-et-saint-francois-de-sales-du-22-juin\/\">Lire la suite<\/a><\/p>\n","protected":false},"author":5,"featured_media":2464,"comment_status":"closed","ping_status":"open","sticky":false,"template":"","format":"standard","meta":[],"categories":[7],"tags":[],"acf":[],"_links":{"self":[{"href":"https:\/\/paroisses-nancy-sud.fr\/HOME\/wp-json\/wp\/v2\/posts\/4745"}],"collection":[{"href":"https:\/\/paroisses-nancy-sud.fr\/HOME\/wp-json\/wp\/v2\/posts"}],"about":[{"href":"https:\/\/paroisses-nancy-sud.fr\/HOME\/wp-json\/wp\/v2\/types\/post"}],"author":[{"embeddable":true,"href":"https:\/\/paroisses-nancy-sud.fr\/HOME\/wp-json\/wp\/v2\/users\/5"}],"replies":[{"embeddable":true,"href":"https:\/\/paroisses-nancy-sud.fr\/HOME\/wp-json\/wp\/v2\/comments?post=4745"}],"version-history":[{"count":5,"href":"https:\/\/paroisses-nancy-sud.fr\/HOME\/wp-json\/wp\/v2\/posts\/4745\/revisions"}],"predecessor-version":[{"id":4754,"href":"https:\/\/paroisses-nancy-sud.fr\/HOME\/wp-json\/wp\/v2\/posts\/4745\/revisions\/4754"}],"wp:featuredmedia":[{"embeddable":true,"href":"https:\/\/paroisses-nancy-sud.fr\/HOME\/wp-json\/wp\/v2\/media\/2464"}],"wp:attachment":[{"href":"https:\/\/paroisses-nancy-sud.fr\/HOME\/wp-json\/wp\/v2\/media?parent=4745"}],"wp:term":[{"taxonomy":"category","embeddable":true,"href":"https:\/\/paroisses-nancy-sud.fr\/HOME\/wp-json\/wp\/v2\/categories?post=4745"},{"taxonomy":"post_tag","embeddable":true,"href":"https:\/\/paroisses-nancy-sud.fr\/HOME\/wp-json\/wp\/v2\/tags?post=4745"}],"curies":[{"name":"wp","href":"https:\/\/api.w.org\/{rel}","templated":true}]}}