{"id":4748,"date":"2025-06-20T16:08:22","date_gmt":"2025-06-20T14:08:22","guid":{"rendered":"https:\/\/paroisses-nancy-sud.fr\/HOME\/?p=4748"},"modified":"2025-06-20T16:09:09","modified_gmt":"2025-06-20T14:09:09","slug":"4748-2","status":"publish","type":"post","link":"https:\/\/paroisses-nancy-sud.fr\/HOME\/4748-2\/","title":{"rendered":"Annonces de la Visitation du 22 juin"},"content":{"rendered":"\n<p><span style=\"color: #000000;\"><strong>Dimanche 29 juin :<br \/><\/strong>\u00a0 \u00a0&#8211; B<strong>apt\u00eames<\/strong> de Lyam, Lilou et Axel.<\/span><br \/><span style=\"color: #000000;\"><strong>\u00a0 \u00a0&#8211; Premi\u00e8res communions<\/strong>\u00a0 : Amaury, Lilas, No\u00e9mie, Lesly, Baptiste, Paul, Lucille et Axel,\u00a0en l\u2019\u00e9glise de Neuves-Maisons<\/span><\/p>\n<p><span style=\"color: #000000;\"><strong>Samedi 05 juillet, <br \/><\/strong>en l\u2019\u00e9glise de Chaligny : <strong>Mariages<\/strong> d\u2019Ulysse et Iris ; De Thomas et Alyson.<strong>\u00a0<\/strong><\/span><\/p>\n<p><span style=\"color: #000000;\">R\u00e9jouissons-nous et portons-les dans nos pri\u00e8res\u00a0!<\/span><\/p>\n<p><span style=\"color: #000000;\"><strong>Vendredi 27 juin \u00e0 20 heures \u00e0 la salle des f\u00eates de Marthemont\u00a0: <\/strong>Pour les personnes qui le souhaitent et qui le peuvent : Pr\u00e9paration de la messe du 15 ao\u00fbt.<\/span><\/p>\n<p><span style=\"color: #000000;\"><strong>\u00a0<\/strong><strong>Dimanche 29 juin<\/strong>, <strong>messe d&rsquo;action de gr\u00e2ce pour le jubil\u00e9 sacerdotal d&rsquo;argent du P\u00e8re G\u00e9rard.\u00a0<\/strong>Les paroissiens pourront le f\u00e9liciter et \u00e9changer avec lui lors d&rsquo;un ap\u00e9ritif offert apr\u00e8s la c\u00e9l\u00e9bration ; Puis, pour ceux qui le d\u00e9sirent, barbecue sous les\u00a0 marabouts qui seront dress\u00e9s aux abords de la salle paroissiale. Chacun apporte son repas, en particulier les aliments \u00e0 cuire.<\/span><br \/><span style=\"color: #000000;\"><strong><em>Glaci\u00e8re pour la viande, assiettes et verres en carton, tables et bancs seront \u00e0 disposition, apporter ses couverts.<\/em><\/strong><\/span><\/p>\n<p><span style=\"color: #000000;\"><strong>Dimanche 22 juin 2025<\/strong>, notre \u00e9v\u00eaque vous invite \u00e0 un temps festif \u00e0 Nancy.\u00a0 Une belle occasion de nous rassembler pour f\u00eater les pr\u00eatres et diacres jubilaires, et accompagner de notre pri\u00e8re les nouveaux chanoines.<\/span><br \/><span style=\"color: #000000;\"><strong>16h<\/strong> :\u00a0rendez-vous \u00e0\u00a0l\u2019\u00e9glise Saint-S\u00e9bastien de Nancy, pour l\u2019envoi liturgique de la procession du Saint-Sacrement, \u00e0 l\u2019occasion de la F\u00eate-Dieu.<\/span><br \/><span style=\"color: #000000;\"><strong>17h<\/strong>\u00a0: la procession vous m\u00e8nera jusqu\u2019\u00e0 la cath\u00e9drale o\u00f9 se d\u00e9rouleront les v\u00eapres solennelles en action de gr\u00e2ce pour les pr\u00eatres et diacres jubilaires. Cinq nouveaux chanoines seront \u00e9galement install\u00e9s pour notre dioc\u00e8se de Nancy et Toul.<\/span><\/p>\n<p><span style=\"color: #000000;\"><em>\u00a0<\/em><strong>Messes \u00e0 la Visitation :<br \/><\/strong>Samedi 28 juin \u00e0 18h00 : Th\u00e9lod, f\u00eate patronale\u00a0<\/span><br \/><span style=\"color: #000000;\">Dimanche 29 juin \u00e0 10h30 : Neuves Maisons<\/span><\/p>\n<p><span style=\"color: #000000;\"><strong>Messes en semaine :<br \/><\/strong>Jeudi\u00a0: adoration \u00e0 16h00 et messe \u00e0 16h30 \u00e0 la chapelle.<\/span><br \/><span style=\"color: #000000;\">Vendredi\u00a0: messe \u00e0 08h20 chez les s\u0153urs \u00e0 Bainville, 67 rue Jacques Callot.<\/span><\/p>\n<p><span style=\"color: #000000;\"><strong>P\u00e9riode estivale :<br \/>Du 05 juillet au 31 ao\u00fbt\u00a0: Mess<\/strong>es <strong>uniquement<\/strong> \u00e0 <strong>Neuves-Maisons les dimanches,<\/strong><\/span><br \/><span style=\"color: #000000;\"><strong>Pas de messes les samedis.<\/strong><\/span><\/p>\n<p><span style=\"color: #000000;\"><u><strong>Permanences<\/strong> \u00e0 <strong>la maison paroissiale<\/strong> :<\/u> <\/span><br \/><span style=\"color: #000000;\">Mardi de 14h \u00e0 16h30 et Samedi de 9h30 \u00e0 11h30<\/span><br \/><span style=\"color: #000000;\">tel : 03 83 47 25 54 \u2013 <em><strong>adresse mail<\/strong><\/em><strong> : <\/strong><a style=\"color: #000000;\" href=\"mailto:visitationmm@orange.fr\">visitationmm@orange.fr<\/a>\u00a0 <\/span><br \/><span style=\"color: #000000;\">Horaires des messes :\u00a0 <a style=\"color: #000000;\" href=\"https:\/\/messes.info\/\">messesinfo<\/a><em> (cliquer sur le lien)<\/em><\/span><\/p>\n","protected":false},"excerpt":{"rendered":"<p>Dimanche 29 juin :\u00a0 \u00a0&#8211; Bapt\u00eames de Lyam, Lilou et Axel.\u00a0 \u00a0&#8211; Premi\u00e8res communions\u00a0 : Amaury, Lilas, No\u00e9mie, Lesly, Baptiste, Paul, Lucille et Axel,\u00a0en l\u2019\u00e9glise de Neuves-Maisons Samedi 05 juillet, en l\u2019\u00e9glise de Chaligny : Mariages d\u2019Ulysse et Iris ; De Thomas et Alyson.\u00a0 R\u00e9jouissons-nous et portons-les dans nos pri\u00e8res\u00a0! Vendredi 27 juin \u00e0 20&hellip; <br \/> <a class=\"read-more\" href=\"https:\/\/paroisses-nancy-sud.fr\/HOME\/4748-2\/\">Lire la suite<\/a><\/p>\n","protected":false},"author":5,"featured_media":472,"comment_status":"closed","ping_status":"open","sticky":false,"template":"","format":"standard","meta":[],"categories":[10],"tags":[],"acf":[],"_links":{"self":[{"href":"https:\/\/paroisses-nancy-sud.fr\/HOME\/wp-json\/wp\/v2\/posts\/4748"}],"collection":[{"href":"https:\/\/paroisses-nancy-sud.fr\/HOME\/wp-json\/wp\/v2\/posts"}],"about":[{"href":"https:\/\/paroisses-nancy-sud.fr\/HOME\/wp-json\/wp\/v2\/types\/post"}],"author":[{"embeddable":true,"href":"https:\/\/paroisses-nancy-sud.fr\/HOME\/wp-json\/wp\/v2\/users\/5"}],"replies":[{"embeddable":true,"href":"https:\/\/paroisses-nancy-sud.fr\/HOME\/wp-json\/wp\/v2\/comments?post=4748"}],"version-history":[{"count":3,"href":"https:\/\/paroisses-nancy-sud.fr\/HOME\/wp-json\/wp\/v2\/posts\/4748\/revisions"}],"predecessor-version":[{"id":4751,"href":"https:\/\/paroisses-nancy-sud.fr\/HOME\/wp-json\/wp\/v2\/posts\/4748\/revisions\/4751"}],"wp:featuredmedia":[{"embeddable":true,"href":"https:\/\/paroisses-nancy-sud.fr\/HOME\/wp-json\/wp\/v2\/media\/472"}],"wp:attachment":[{"href":"https:\/\/paroisses-nancy-sud.fr\/HOME\/wp-json\/wp\/v2\/media?parent=4748"}],"wp:term":[{"taxonomy":"category","embeddable":true,"href":"https:\/\/paroisses-nancy-sud.fr\/HOME\/wp-json\/wp\/v2\/categories?post=4748"},{"taxonomy":"post_tag","embeddable":true,"href":"https:\/\/paroisses-nancy-sud.fr\/HOME\/wp-json\/wp\/v2\/tags?post=4748"}],"curies":[{"name":"wp","href":"https:\/\/api.w.org\/{rel}","templated":true}]}}