{"id":4755,"date":"2025-06-20T16:32:01","date_gmt":"2025-06-20T14:32:01","guid":{"rendered":"https:\/\/paroisses-nancy-sud.fr\/HOME\/?p=4755"},"modified":"2025-06-20T16:32:01","modified_gmt":"2025-06-20T14:32:01","slug":"le-sacrement-des-malades-ou-onction-des-malades","status":"publish","type":"post","link":"https:\/\/paroisses-nancy-sud.fr\/HOME\/le-sacrement-des-malades-ou-onction-des-malades\/","title":{"rendered":"Le Sacrement des malades ou Onction des malades"},"content":{"rendered":"\n<p><span style=\"color: #000000;\"><strong>Le sacrement des malades ou onction des malades<\/strong><\/span><\/p>\n<p><span style=\"color: #000000;\">Quand l\u2019Eglise prend soin des malades, elle sert le Christ dans les membres souffrants du corps. <strong>Le sacrement des malades est une<\/strong> <strong>gr\u00e2ce du Saint Esprit dont l\u2019onction soulage et fortifie l\u2019\u00e2me de la personne qui le demande. Cette gr\u00e2ce efface les p\u00e9ch\u00e9s et permet d\u2019avoir, ainsi, une plus grande confiance dans le Seigneur mis\u00e9ricordieux. <\/strong><\/span><\/p>\n<p><span style=\"color: #000000;\"><strong>La personne supporte plus ais\u00e9ment, les peines, les souffrances et les fatigues dues \u00e0 la maladie ou \u00e0 l\u2019\u00e2ge.<br \/><\/strong><strong style=\"font-size: revert;\">Ce sacrement agit au c\u0153ur m\u00eame de la personne. <\/strong><span style=\"font-size: revert;\">Voici quelques t\u00e9moignages.<\/span><\/span><\/p>\n<p><span style=\"color: #000000;\">&#8211; <u>Bernard 72 ans<\/u>, gravement atteint\u00a0:\u00a0 je le visite le lendemain du sacrement et, il me dit ceci \u00ab Sylvie, je me sens un homme nouveau de l\u2019int\u00e9rieur, j\u2019ai eu l\u2019impression qu\u2019une lumi\u00e8re avait p\u00e9n\u00e9tr\u00e9 en moi. Je me sens plein d\u2019\u00e9nergie. Je n\u2019ai plus peur de rien. Je suis en paix\u2026la maladie est toujours l\u00e0 \u00e9videmment mais, mon \u00e2me est comme gu\u00e9rie\u00a0\u00bb\u2026\u00a0 Alors nous pouvons rendre gr\u00e2ce \u00e0 Dieu et nous avons pri\u00e9 ensemble\u2026<\/span><\/p>\n<p><span style=\"color: #000000;\">&#8211; <u>Monique 71 ans<\/u> gravement atteinte elle aussi me disait\u00a0: \u00ab\u00a0Sylvie je ressens un grand calme en moi avec de la force pour rejoindre le p\u00e8re. Je n\u2019ai plus peur. Je suis g\u00e2t\u00e9e je crois, c\u2019est incroyable\u00a0\u00bb. Nous avons r\u00e9cit\u00e9 un notre P\u00e8re\u00a0\u2026. Monique a rejoint la maison du P\u00e8re, r\u00e9ellement en paix.<\/span><\/p>\n<p><span style=\"color: #000000;\"><u>&#8211; Simone 59 ans<\/u>\u00a0: \u00ab\u00a0incroyable, j\u2019en ai eu les larmes aux yeux, tellement c\u2019\u00e9tait fort. Il ne peut plus rien m\u2019arriver de grave, J\u2019ai mis toute ma confiance dans le Seigneur alors !\u00a0 Je vais expliquer tout \u00e7a \u00e0 mes enfants qui n\u2019ont pas voulu m\u2019accompagner dans cette d\u00e9marche\u00a0\u00bb<\/span><\/p>\n<p><span style=\"color: #000000;\">Comme il est dit dans Eph\u00e9siens 3,20\u00a0: \u00ab <em>Dieu peut faire infiniment au-del\u00e0 de ce que nous pouvons lui demander\u00a0\u00bb <\/em>n\u2019h\u00e9sitez pas, faites comme Bernard, Monique, Simone et bien d\u2019autres, osez demander ce sacrement et le Seigneur vous r\u00e9confortera dans sa grande bont\u00e9, vous ne serez plus seul \u00e0 marcher avec votre fardeau. \u00ab\u00a0<em>Prenez sur vous mon joug, et recevez mes le\u00e7ons, car je suis doux et humble de c\u0153ur ; et vous trouverez le repos de vos \u00e2mes. Car mon joug est doux et mon fardeau l\u00e9ger.\u00a0\u00bb Mt 11,28-30.<\/em><\/span><\/p>\n<p style=\"text-align: right;\"><span style=\"color: #000000;\"><em>Sylvie Legrand, aum\u00f4nier au SSR de Flavigny<\/em><\/span><\/p>\n","protected":false},"excerpt":{"rendered":"<p>Le sacrement des malades ou onction des malades Quand l\u2019Eglise prend soin des malades, elle sert le Christ dans les membres souffrants du corps. Le sacrement des malades est une gr\u00e2ce du Saint Esprit dont l\u2019onction soulage et fortifie l\u2019\u00e2me de la personne qui le demande. Cette gr\u00e2ce efface les p\u00e9ch\u00e9s et permet d\u2019avoir, ainsi,&hellip; <br \/> <a class=\"read-more\" href=\"https:\/\/paroisses-nancy-sud.fr\/HOME\/le-sacrement-des-malades-ou-onction-des-malades\/\">Lire la suite<\/a><\/p>\n","protected":false},"author":5,"featured_media":523,"comment_status":"closed","ping_status":"open","sticky":false,"template":"","format":"standard","meta":[],"categories":[6],"tags":[],"acf":[],"_links":{"self":[{"href":"https:\/\/paroisses-nancy-sud.fr\/HOME\/wp-json\/wp\/v2\/posts\/4755"}],"collection":[{"href":"https:\/\/paroisses-nancy-sud.fr\/HOME\/wp-json\/wp\/v2\/posts"}],"about":[{"href":"https:\/\/paroisses-nancy-sud.fr\/HOME\/wp-json\/wp\/v2\/types\/post"}],"author":[{"embeddable":true,"href":"https:\/\/paroisses-nancy-sud.fr\/HOME\/wp-json\/wp\/v2\/users\/5"}],"replies":[{"embeddable":true,"href":"https:\/\/paroisses-nancy-sud.fr\/HOME\/wp-json\/wp\/v2\/comments?post=4755"}],"version-history":[{"count":1,"href":"https:\/\/paroisses-nancy-sud.fr\/HOME\/wp-json\/wp\/v2\/posts\/4755\/revisions"}],"predecessor-version":[{"id":4756,"href":"https:\/\/paroisses-nancy-sud.fr\/HOME\/wp-json\/wp\/v2\/posts\/4755\/revisions\/4756"}],"wp:featuredmedia":[{"embeddable":true,"href":"https:\/\/paroisses-nancy-sud.fr\/HOME\/wp-json\/wp\/v2\/media\/523"}],"wp:attachment":[{"href":"https:\/\/paroisses-nancy-sud.fr\/HOME\/wp-json\/wp\/v2\/media?parent=4755"}],"wp:term":[{"taxonomy":"category","embeddable":true,"href":"https:\/\/paroisses-nancy-sud.fr\/HOME\/wp-json\/wp\/v2\/categories?post=4755"},{"taxonomy":"post_tag","embeddable":true,"href":"https:\/\/paroisses-nancy-sud.fr\/HOME\/wp-json\/wp\/v2\/tags?post=4755"}],"curies":[{"name":"wp","href":"https:\/\/api.w.org\/{rel}","templated":true}]}}