{"id":4758,"date":"2025-06-27T16:43:09","date_gmt":"2025-06-27T14:43:09","guid":{"rendered":"https:\/\/paroisses-nancy-sud.fr\/HOME\/?p=4758"},"modified":"2025-06-27T16:43:09","modified_gmt":"2025-06-27T14:43:09","slug":"annonces-de-la-visitation-du-29-juin","status":"publish","type":"post","link":"https:\/\/paroisses-nancy-sud.fr\/HOME\/annonces-de-la-visitation-du-29-juin\/","title":{"rendered":"Annonces de la Visitation du 29 juin"},"content":{"rendered":"\n<p><\/p>\n\n\n\n<p><span style=\"color: #000000;\"><strong>\u00a0&#8211; Dimanche 29 juin<\/strong>, <strong>bapt\u00eames<\/strong> de, Lilou et Axel<\/span><br \/><span style=\"color: #000000;\"><strong>\u00a0&#8211; Premi\u00e8res communions<\/strong> d\u2019Amaury, Lilas Moine, No\u00e9mie,\u00a0Lesly, Baptiste, Paul, Lucille et Axel\u00a0en l\u2019\u00e9glise de Neuves-Maisons<\/span><br \/><span style=\"color: #000000;\"><strong>\u00a0&#8211; Samedi 05 juillet, <\/strong>en l\u2019\u00e9glise de Chaligny : <strong>Mariages<\/strong> d\u2019Ulysse et Iris ; De Thomas et Alyson.<strong>\u00a0<\/strong><\/span><\/p>\n<p><span style=\"color: #000000;\">R\u00e9jouissons-nous et portons-les dans nos pri\u00e8res\u00a0!<\/span><\/p>\n<p><span style=\"color: #000000;\"><strong>P\u00e8lerinage<\/strong> \u00e0 <strong>Rome<\/strong> :<\/span><br \/><span style=\"color: #000000;\">En cette ann\u00e9e jubilaire, plusieurs p\u00e8lerinages vers Rome sont organis\u00e9s au sein de notre dioc\u00e8se de Nancy et Toul. Ils seront une centaine de jeunes \u00e0 participer au <strong>Jubil\u00e9 des jeunes du 25 juillet au 6 ao\u00fbt 2025<\/strong> et 35 personnes en pr\u00e9carit\u00e9 \u00e0 partir au <strong>p\u00e8lerinage Fratello du 13 au 16 novembre 2025.<br \/><\/strong>Afin de leur permettre de vivre cette exp\u00e9rience unique et fraternelle \u00e0 la rencontre de la mis\u00e9ricorde de Dieu et de faire la connaissance de notre nouveau Pape L\u00e9on XIV, la\u00a0<a style=\"color: #000000;\" href=\"https:\/\/www.catholique-nancy.fr\/sites\/pastorale-des-jeunes\/\">pastorale des jeunes du dioc\u00e8se<\/a>\u00a0et le\u00a0<a style=\"color: #000000;\" href=\"https:\/\/www.catholique-nancy.fr\/sites\/service-diocesain-de-la-solidarite-et-de-la-diaconie\/\">service dioc\u00e9sain de la diaconie et de l\u2019\u00e9cologie int\u00e9grale<\/a>\u00a0s\u2019associent pour solliciter votre aide.<\/span><br \/><span style=\"color: #000000;\">Notre dioc\u00e8se a choisi pour ces p\u00e8lerinages de proposer aux participants un tarif plus r\u00e9duit que le co\u00fbt r\u00e9el afin de permettre au plus grand nombre de partir. Afin de financer cet abaissement et de participer \u00e0 la prise en charge d\u2019une partie des frais du voyage, nous faisons appel \u00e0 votre g\u00e9n\u00e9rosit\u00e9 !\u00a0Soutenez-les par votre don et soutenez-les aussi spirituellement\u00a0en vous engageant \u00e0 prier la pri\u00e8re du Jubil\u00e9 2025. N\u2019h\u00e9sitez pas aussi \u00e0 leur confier vos intentions de pri\u00e8re : elles seront port\u00e9es par ces p\u00e8lerins jusqu\u2019\u00e0 la cit\u00e9 \u00e9ternelle. Nous vous remercions par avance pour votre soutien !<\/span><\/p>\n<p><span style=\"color: #000000;\">Je fais un don par ch\u00e8que : Je fais mon ch\u00e8que \u00e0 l\u2019ordre de \u00ab Association dioc\u00e9saine de Nancy \u2013 Jubil\u00e9 \u00bb. Je le renvoie \u00e0 l\u2019adresse suivante : Pastorale des jeunes \u2013 Domaine de l\u2019Asn\u00e9e \u2013 11 rue de Laxou CS 10091 54603 VILLERS-LES-NANCY Cedex.<\/span><br \/><span style=\"color: #000000;\">Je pr\u00e9cise si je donne pour les personnes en situation de pr\u00e9carit\u00e9 (p\u00e8lerinage Fratello), pour les jeunes (Jubil\u00e9 des jeunes) ou pour les deux p\u00e8lerinages.<\/span><br \/><span style=\"color: #000000;\">Pour recevoir un re\u00e7u fiscal par mail, je transmets mon adresse mail avec le ch\u00e8que.<\/span><\/p>\n<p><span style=\"color: #000000;\"><strong>Attention !\u00a0<br \/><\/strong><strong>\u00c0 compter du mois de septembre, les horaires des messes dominicales changent<br \/><\/strong><strong>\u00c9glise Saint Antoine de Padoue \u00e0 Neuves-Maisons\u00a0: 11h00<br \/><\/strong><strong>\u00c9glises de Frolois, Pulligny et Xeuilley\u00a0: 9h30<\/strong><\/span><\/p>\n<p><span style=\"color: #000000;\"><strong>Messes \u00e0 la Visitation :<br \/><\/strong>Dimanche 05 juillet \u00e0 10h30\u00a0: Neuves Maisons,<\/span><\/p>\n<p><span style=\"color: #000000;\"><strong>Messes en semaine.<\/strong> <strong>P\u00e9riode estivale<br \/><\/strong>Du 05 juillet au 31 ao\u00fbt\u00a0: Messes uniquement \u00e0 Neuves-Maisons les dimanches.<\/span><br \/><span style=\"color: #000000;\">Pas de messes les samedis ni en semaine.<\/span><\/p>\n","protected":false},"excerpt":{"rendered":"<p>\u00a0&#8211; Dimanche 29 juin, bapt\u00eames de, Lilou et Axel\u00a0&#8211; Premi\u00e8res communions d\u2019Amaury, Lilas Moine, No\u00e9mie,\u00a0Lesly, Baptiste, Paul, Lucille et Axel\u00a0en l\u2019\u00e9glise de Neuves-Maisons\u00a0&#8211; Samedi 05 juillet, en l\u2019\u00e9glise de Chaligny : Mariages d\u2019Ulysse et Iris ; De Thomas et Alyson.\u00a0 R\u00e9jouissons-nous et portons-les dans nos pri\u00e8res\u00a0! P\u00e8lerinage \u00e0 Rome :En cette ann\u00e9e jubilaire, plusieurs p\u00e8lerinages&hellip; <br \/> <a class=\"read-more\" href=\"https:\/\/paroisses-nancy-sud.fr\/HOME\/annonces-de-la-visitation-du-29-juin\/\">Lire la suite<\/a><\/p>\n","protected":false},"author":5,"featured_media":472,"comment_status":"closed","ping_status":"open","sticky":false,"template":"","format":"standard","meta":[],"categories":[10],"tags":[],"acf":[],"_links":{"self":[{"href":"https:\/\/paroisses-nancy-sud.fr\/HOME\/wp-json\/wp\/v2\/posts\/4758"}],"collection":[{"href":"https:\/\/paroisses-nancy-sud.fr\/HOME\/wp-json\/wp\/v2\/posts"}],"about":[{"href":"https:\/\/paroisses-nancy-sud.fr\/HOME\/wp-json\/wp\/v2\/types\/post"}],"author":[{"embeddable":true,"href":"https:\/\/paroisses-nancy-sud.fr\/HOME\/wp-json\/wp\/v2\/users\/5"}],"replies":[{"embeddable":true,"href":"https:\/\/paroisses-nancy-sud.fr\/HOME\/wp-json\/wp\/v2\/comments?post=4758"}],"version-history":[{"count":1,"href":"https:\/\/paroisses-nancy-sud.fr\/HOME\/wp-json\/wp\/v2\/posts\/4758\/revisions"}],"predecessor-version":[{"id":4759,"href":"https:\/\/paroisses-nancy-sud.fr\/HOME\/wp-json\/wp\/v2\/posts\/4758\/revisions\/4759"}],"wp:featuredmedia":[{"embeddable":true,"href":"https:\/\/paroisses-nancy-sud.fr\/HOME\/wp-json\/wp\/v2\/media\/472"}],"wp:attachment":[{"href":"https:\/\/paroisses-nancy-sud.fr\/HOME\/wp-json\/wp\/v2\/media?parent=4758"}],"wp:term":[{"taxonomy":"category","embeddable":true,"href":"https:\/\/paroisses-nancy-sud.fr\/HOME\/wp-json\/wp\/v2\/categories?post=4758"},{"taxonomy":"post_tag","embeddable":true,"href":"https:\/\/paroisses-nancy-sud.fr\/HOME\/wp-json\/wp\/v2\/tags?post=4758"}],"curies":[{"name":"wp","href":"https:\/\/api.w.org\/{rel}","templated":true}]}}