{"id":4760,"date":"2025-06-25T10:40:46","date_gmt":"2025-06-25T08:40:46","guid":{"rendered":"https:\/\/paroisses-nancy-sud.fr\/HOME\/?p=4760"},"modified":"2025-07-04T22:07:24","modified_gmt":"2025-07-04T20:07:24","slug":"le-repos-de-lame","status":"publish","type":"post","link":"https:\/\/paroisses-nancy-sud.fr\/HOME\/le-repos-de-lame\/","title":{"rendered":"Le repos de l&rsquo;\u00e2me"},"content":{"rendered":"\n<p><span style=\"color: #000000;\"><strong>Le repos de l\u2019\u00e2me<\/strong><\/span><\/p>\n<p><span style=\"color: #000000;\"><strong>\u00a0<\/strong><em>En cette fin d\u2019ann\u00e9e et d\u00e9but d\u2019une p\u00e9riode de repos \u00e9coutons sainte Th\u00e9r\u00e8se de Lisieux\u00a0:<\/em><\/span><\/p>\n<p><span style=\"color: #000000;\">Th\u00e9r\u00e8se comprend que <strong>la mis\u00e9ricorde<\/strong> est l\u2019attribut qui d\u00e9finit le mieux Dieu. Il est avant tout l\u2019amour mis\u00e9ricordieux, sinon Il n\u2019est pas. Il n\u2019existe qu\u2019en n\u2019aimant, qu\u2019en se donnant, qu\u2019en d\u00e9bordant. Th\u00e9r\u00e8se le r\u00e9v\u00e8le en chantant par sa vie ce qu\u2019elle doit \u2018\u2019redire \u00e9ternellement\u00a0: les mis\u00e9ricordes du Seigneur\u2019\u2019. Toutes les perfections divines lui semblent rayonner de l\u2019amour mis\u00e9ricordieux. Sa mission consiste \u00e0 <strong>faire conna\u00eetre cette mis\u00e9ricorde<\/strong> <strong>qui lui donne d\u2019aimer Dieu \u00e0 la folie<\/strong>. Pour quoi le craindre ou trembler devant Lui\u00a0? <em>(A l\u2019\u00e9cole de Th\u00e9r\u00e8se de Lisieux, de Jacques Gauthier \u00e9d Arp\u00e8ge)<\/em><\/span><\/p>\n<p><span style=\"color: #000000;\">\u2018\u2019\u00d4 ma M\u00e8re, ch\u00e9rie\u00a0! apr\u00e8s tant de gr\u00e2ces ne puis-je pas chanter avec le psalmiste\u00a0: <strong>\u2018\u2019Que le Seigneur est <em>bon, <\/em>que sa<em> mis\u00e9ricorde <\/em>est \u00e9ternelle\u00a0!\u2019\u2019<\/strong>. Il me semble que si toutes (les) cr\u00e9atures avaient les m\u00eames gr\u00e2ces que moi, le Bon Dien ne serait craint de personne, mais aim\u00e9 jusqu\u2019\u00e0 la folie, et que par amour et non pas en tremblant, <strong>jamais aucune \u00e2me ne consentirait \u00e0 lui faire de la peine\u2026<\/strong><\/span><\/p>\n<p><span style=\"color: #000000;\">Je comprends cependant que toutes les \u00e2mes ne peuvent se ressembler, il faut qu\u2019il y en ait de diff\u00e9rentes familles<\/span><\/p>\n<p><span style=\"color: #000000;\">A moi, Il a donn\u00e9 sa <em>Mis\u00e9ricorde infinie <\/em>et c\u2019est <em>\u00e0 travers <\/em>elle que je contemple et adore les autres perfections Divines\u00a0!&#8230; Alors toute ma paresse rayonnante <em>d\u2019amour, la <\/em>Justice m\u00eame (et peut-\u00eatre encore plus que tout autre) me semble rev\u00eatue <em>d\u2019amour<\/em>\u2026 (\u2026)\u00a0<\/span><\/p>\n<p><span style=\"color: #000000;\">Quelle douce joie de penser que <strong>le Bon Dieu est <em>Juste<\/em><\/strong><em>, <\/em>c\u2019est-\u00e0-dire qu\u2019Il tient compte de nos faiblesses, qu\u2019il connait parfaitement la nature de nos fragilit\u00e9s.\u00a0 De quoi donc aurais-je peur\u00a0?<\/span><\/p>\n<p><span style=\"color: #000000;\">Ah\u00a0! le Dieu infiniment juste, qui daigna pardonner avec tant de bont\u00e9 toutes les fautes de l\u2019enfant prodigue, ne doit-il pas \u00eatre Juste aussi envers moi qui \u2018\u2019 suis toujours avec Lui \u2018\u2019\u00a0?<\/span><\/p>\n<p><span style=\"color: #000000;\"><em>\u00a0<\/em><em>J\u00e9sus doux et humble de c\u0153ur \u2018\u2019nous promet ainsi, en s\u2019appuyant sur Lui, le repos pour notre \u00e2me. <\/em><\/span><\/p>\n<p style=\"text-align: right;\"><span style=\"color: #000000;\"><em>Anne-Sophie, Sainte-Jeanne-de-Chantal<\/em><\/span><\/p>\n","protected":false},"excerpt":{"rendered":"<p>Le repos de l\u2019\u00e2me \u00a0En cette fin d\u2019ann\u00e9e et d\u00e9but d\u2019une p\u00e9riode de repos \u00e9coutons sainte Th\u00e9r\u00e8se de Lisieux\u00a0: Th\u00e9r\u00e8se comprend que la mis\u00e9ricorde est l\u2019attribut qui d\u00e9finit le mieux Dieu. Il est avant tout l\u2019amour mis\u00e9ricordieux, sinon Il n\u2019est pas. Il n\u2019existe qu\u2019en n\u2019aimant, qu\u2019en se donnant, qu\u2019en d\u00e9bordant. Th\u00e9r\u00e8se le r\u00e9v\u00e8le en chantant&hellip; <br \/> <a class=\"read-more\" href=\"https:\/\/paroisses-nancy-sud.fr\/HOME\/le-repos-de-lame\/\">Lire la suite<\/a><\/p>\n","protected":false},"author":5,"featured_media":529,"comment_status":"closed","ping_status":"open","sticky":false,"template":"","format":"standard","meta":[],"categories":[6],"tags":[],"acf":[],"_links":{"self":[{"href":"https:\/\/paroisses-nancy-sud.fr\/HOME\/wp-json\/wp\/v2\/posts\/4760"}],"collection":[{"href":"https:\/\/paroisses-nancy-sud.fr\/HOME\/wp-json\/wp\/v2\/posts"}],"about":[{"href":"https:\/\/paroisses-nancy-sud.fr\/HOME\/wp-json\/wp\/v2\/types\/post"}],"author":[{"embeddable":true,"href":"https:\/\/paroisses-nancy-sud.fr\/HOME\/wp-json\/wp\/v2\/users\/5"}],"replies":[{"embeddable":true,"href":"https:\/\/paroisses-nancy-sud.fr\/HOME\/wp-json\/wp\/v2\/comments?post=4760"}],"version-history":[{"count":1,"href":"https:\/\/paroisses-nancy-sud.fr\/HOME\/wp-json\/wp\/v2\/posts\/4760\/revisions"}],"predecessor-version":[{"id":4761,"href":"https:\/\/paroisses-nancy-sud.fr\/HOME\/wp-json\/wp\/v2\/posts\/4760\/revisions\/4761"}],"wp:featuredmedia":[{"embeddable":true,"href":"https:\/\/paroisses-nancy-sud.fr\/HOME\/wp-json\/wp\/v2\/media\/529"}],"wp:attachment":[{"href":"https:\/\/paroisses-nancy-sud.fr\/HOME\/wp-json\/wp\/v2\/media?parent=4760"}],"wp:term":[{"taxonomy":"category","embeddable":true,"href":"https:\/\/paroisses-nancy-sud.fr\/HOME\/wp-json\/wp\/v2\/categories?post=4760"},{"taxonomy":"post_tag","embeddable":true,"href":"https:\/\/paroisses-nancy-sud.fr\/HOME\/wp-json\/wp\/v2\/tags?post=4760"}],"curies":[{"name":"wp","href":"https:\/\/api.w.org\/{rel}","templated":true}]}}