{"id":4762,"date":"2025-06-28T10:36:24","date_gmt":"2025-06-28T08:36:24","guid":{"rendered":"https:\/\/paroisses-nancy-sud.fr\/HOME\/?p=4762"},"modified":"2025-06-28T10:36:24","modified_gmt":"2025-06-28T08:36:24","slug":"annonces-de-saint-francois-de-sales-et-sainte-jeanne-de-chantal-du-29-juin","status":"publish","type":"post","link":"https:\/\/paroisses-nancy-sud.fr\/HOME\/annonces-de-saint-francois-de-sales-et-sainte-jeanne-de-chantal-du-29-juin\/","title":{"rendered":"Annonces de Saint-Fran\u00e7ois-de-Sales et Sainte-Jeanne-de-Chantal du 29 juin"},"content":{"rendered":"\n<p><\/p>\n<p><span style=\"color: #000000;\"><strong>Bapt\u00eames et mariages de cet \u00e9t\u00e9 :\u00a0<br \/><\/strong><strong>&#8211; Dimanche 29 juin \u00e0 Ludres<\/strong>, <strong>bapt\u00eames<\/strong> de Ad\u00e8le et Marcus<\/span><br \/><span style=\"color: #000000;\"><strong>&#8211; Samedi 5 juillet \u00e0 15h30 \u00e0 Ludres, mariage <\/strong>de Mandy et Patrick.<\/span><br \/><span style=\"color: #000000;\"><strong>\u00a0&#8211; Dimanche 6 juillet \u00e0 Ludres<\/strong> <strong>bapt\u00eame <\/strong>de Simon.<\/span><br \/><span style=\"color: #000000;\"><strong>\u00a0&#8211; Dimanche 13 juillet \u00e0 Fl\u00e9ville bapt\u00eame <\/strong>de Marceau et <strong>\u00e0 Jarville bapt\u00eame<\/strong> de Valentine.<\/span><br \/><span style=\"color: #000000;\"><strong>\u00a0&#8211; Samedi 19 juillet \u00e0 Richardm\u00e9nil, mariage \u00e0 15h30 de <\/strong>Emeline et de Th\u00e9o<\/span><br \/><span style=\"color: #000000;\">\u00a0&#8211; <strong>Samedi 19 juillet<\/strong> <strong>\u00e0 Heillecourt bapt\u00eame <\/strong>de Silva <strong>.<br \/><\/strong><strong>\u00a0&#8211; Dimanche 20 juillet \u00e0 Ludres bapt\u00eames<\/strong> de Kyslee et Donovan.<\/span><br \/><span style=\"color: #000000;\"><strong><em>\u00a0&#8211; Samedi 9 ao\u00fbt mariage<\/em><\/strong><em> de M\u00e9lanie et Antoine (r\u00e9sidants de Ludres) \u00e0 l\u2019ext\u00e9rieur.<br \/><\/em><strong><em>\u00a0&#8211; Vendredi 15 ao\u00fbt mariage<\/em><\/strong><em> de Catia et Miguel ( r\u00e9sidants de Jarville) au Portugal.<br \/><\/em><strong>\u00a0&#8211; Dimanche 17 ao\u00fbt \u00e0 Ludres bapt\u00eame<\/strong> de Maxence.<\/span><br \/><span style=\"color: #000000;\"><strong>\u00a0&#8211; Samedi 30 ao\u00fbt \u00e0 Laneuveville bapt\u00eame<\/strong> de Elio.<\/span><br \/><span style=\"color: #000000;\"><strong>\u00a0&#8211; Dimanche 31 ao\u00fbt \u00e0 Ludres bapt\u00eame<\/strong> de Mirina.<\/span><\/p>\n<p><span style=\"color: #000000;\"><em>Nous prions pour ces enfants, ces jeunes couples et leurs familles.<\/em><\/span><\/p>\n<p><span style=\"color: #000000;\"><strong>Vente au profit du jubil\u00e9 des jeunes :<br \/><\/strong><strong>Samedi 28 juin \u00e0 Laneuveville<\/strong>, Il sera propos\u00e9 une vente (g\u00e2teaux maison et objets fait main) \u00e0 la sortie des messes pour aider au financement du p\u00e8lerinage jeunes adultes, \u00e0 Rome du 25 juillet au 6 ao\u00fbt.<\/span><\/p>\n<p><span style=\"color: #000000;\"><strong>Pri\u00e8re du 1<sup>er<\/sup> jeudi du mois :<br \/><\/strong><strong>17h \u00e0 Jarville <\/strong>pri\u00e8re pour les malades et les personnes en difficult\u00e9<strong>.<\/strong><\/span><\/p>\n<p><span style=\"color: #000000;\"><strong>Table ouverte :<br \/><\/strong><strong>Dimanche 13 juillet, \u00e0 Jarville, <\/strong>table ouverte. Interruption en ao\u00fbt et reprise le 14 septembre<\/span><\/p>\n<p><span style=\"color: #000000;\"><strong>Attention quelques messes supprim\u00e9es pendant ces vacances :<br \/><\/strong><strong>\u00a0&#8211; Dimanche 27 juillet <\/strong>pas de messe \u00e0 Fl\u00e9ville<strong> <br \/>&#8211; samedi 2 ao\u00fbt <\/strong>pas de messe \u00e0 Laneuveville<strong> <br \/>&#8211; dimanche 3 ao\u00fbt <\/strong>pas de messe \u00e0 Ludres<strong> <br \/>&#8211; dimanche 10 ao\u00fbt <\/strong>pas de messe \u00e0 Fl\u00e9ville<\/span><\/p>\n<p><span style=\"color: #000000;\"><strong>Inscriptions au cat\u00e9chisme et r\u00e9unions de rentr\u00e9e des diff\u00e9rents niveaux :<br \/><\/strong>Les parents des enfants inscrits pour le cat\u00e9chisme sont invit\u00e9s <strong>aux r\u00e9unions de rentr\u00e9e \u00e0 Ludres \u00e0 20h30 les mardis suivants<\/strong>: :<br \/><strong>&#8211; Mardi 9 septembre rencontre des parents de 2<sup>\u00e8me<\/sup> ann\u00e9e de cat\u00e9<br \/><\/strong><strong>&#8211; Mardi 16 septembre rencontre des parents de 3<sup>\u00e8me<\/sup> et 4<sup>\u00e8me<\/sup> ann\u00e9e de cat\u00e9<br \/><\/strong><strong>&#8211; Mardi 23 septembre 1<sup>\u00e8re<\/sup> ann\u00e9e de cat\u00e9<br \/><\/strong><strong>&#8211; Mardi 30 septembre 5<sup>\u00e8me<\/sup> ann\u00e9e de cat\u00e9<\/strong><\/span><\/p>\n<p><span style=\"color: #000000;\"><strong>Pour s\u2019inscrire, <\/strong>il y aura des feuilles d\u2019inscription au fond des \u00e9glises, aux permanences de nos paroisses et sur le site de nos paroisses\u00a0: <strong>paroisses Nancy sud <\/strong>puis rubrique GRANDIR puis CATECHISME<\/span><\/p>\n<p><span style=\"color: #000000;\"><strong><u>Quelques pr\u00e9cisions :<br \/><\/u><\/strong><strong>\u00a0&#8211; Le cat\u00e9chisme d\u00e9marre en CE2,<br \/><\/strong><strong>\u00a0&#8211; La premi\u00e8re communion est propos\u00e9e au bout de la 2<sup>\u00e8me<\/sup> ann\u00e9e de cat\u00e9<br \/><\/strong><strong>\u00a0&#8211; Les enfants pr\u00e9parent la profession de foi en 5<sup>\u00e8me<\/sup> ann\u00e9e.<br \/><\/strong><strong>\u00a0&#8211; Les jeunes de 4-3<sup>\u00e8me<\/sup> et lyc\u00e9e <\/strong>se retrouvent une fois par mois et pr\u00e9parent le sacrement de la Confirmation \u00e0 partir de la 4<sup>\u00e8me<\/sup><\/span><\/p>\n<p><span style=\"color: #000000;\"><strong>Pour les petits de 3 \u00e0 7 ans, \u2018\u2018l\u2019\u00e9veil \u00e0 la foi \u2018\u2019<\/strong> <strong>est propos\u00e9 1 fois par trimestre un dimanche matin avant la messe \u00e0 Ludres ou \u00e0 Jarville.\u00a0\u00a0 <\/strong><\/span><\/p>\n<p><span style=\"color: #000000;\"><strong>Messes de rentr\u00e9e :<br \/><\/strong><strong>\u00a0&#8211; 14 septembre \u00e0 Neuves-Maisons \u00e0 11h <\/strong>pour la paroisse de la Visitation sur Moselle et Madon<br \/><strong>\u00a0&#8211; 21 septembre \u00e0 Ludres \u00e0 11h <\/strong>pour la paroisse de Sainte-Jeanne-de-Chantal<br \/><strong>\u00a0&#8211; 28 septembre \u00e0 Jarville \u00e0 11h <\/strong>pour la paroisse de Saint-Fran\u00e7ois-de-Sales<br \/><strong>\u00a0&#8211; 12 octobre \u00e0 11h \u00e0 Jarville messe des familles et de rentr\u00e9e de tous les groupes cat\u00e9.<\/strong><\/span><\/p>\n<p><span style=\"color: #000000;\"><strong>Vendredi 15 ao\u00fbt Assomption de Marie : <br \/><\/strong><strong>10h30 messes \u00e0 Laneuveville, Heillecourt et Marthemont<\/strong><\/span><\/p>\n<p><span style=\"color: #000000;\"><strong>Messes dominicales des 5 et 6 juillet 2025 : <br \/><\/strong><strong>Samedi 5 juillet\u00a0: 18h <\/strong>Heillecourt, Laneuveville.<br \/><strong>Dimanche 6 juillet<\/strong>: <strong>10h30<\/strong> Jarville,\u00a0Neuves-Maisons <strong>11h <\/strong>Ludres\u00a0 \u00a0 \u00a0 \u00a0 \u00a0<\/span><\/p>\n<p><span style=\"color: #000000;\"><strong>Voyageurs chr\u00e9tiens :<br \/><\/strong>Sortie en Alsace <strong>le mardi 8 juillet<\/strong> : visites guid\u00e9es de la biblioth\u00e8que humaniste, de la maison du pain et de l&rsquo;abbaye d&rsquo;Ebersmunster, chef-d\u2019\u0153uvre baroque. Inscriptions : Madame Chambon et Jean-Fran\u00e7ois au 03 83 56 34 31. <strong>Du 4 au 8 ao\u00fbt<\/strong>, d\u00e9couverte du patrimoine religieux des Hauts de France<\/span><\/p>\n<p><span style=\"color: #000000;\"><strong>Mouvement chr\u00e9tien des retrait\u00e9s :<br \/><\/strong>Le groupe\u00a0Chr\u00e9tien des retrait\u00e9s\u00a0de Heillecourt, organise <strong>le 15 juillet 2025<\/strong>, une visite de <strong>la cath\u00e9drale<\/strong> <strong>de Toul.<\/strong> Le rendez-vous est fix\u00e9 au <strong>15 juillet \u00e0 14h30<\/strong> devant la cath\u00e9drale de Toul. Contact\u00a0:Marie-Th\u00e9r\u00e8se St\u00e9venin 03 83 51 56 43.<\/span><\/p>\n<p><span style=\"color: #000000;\"><strong>Changements \u00e0 la rentr\u00e9e dans nos paroisses :\u00a0<br \/><\/strong>\u00a0&#8211; A compter du 1<sup>er<\/sup> septembre 2025, <strong>le p\u00e8re Raj<\/strong> sera \u00e0 Paris, pour des \u00e9tudes sur la cat\u00e9ch\u00e8se, \u00e0 la demande de son \u00e9v\u00eaque. Il ne sera donc plus parmi nous sauf pendant les vacances scolaires o\u00f9 il r\u00e9sidera \u00e0 Jarville. Nous prendrons le temps de le remercier dans les semaines \u00e0 venir. Il ne sera pas remplac\u00e9.<br \/><strong style=\"font-size: revert;\">&#8211; Le p\u00e8re Alexandre-Marie<\/strong><span style=\"font-size: revert;\"> est nomm\u00e9 responsable de l\u2019aum\u00f4nerie des \u00e9tudiants \u00e0 Nancy, tout en gardant ses autres fonctions dans nos paroisses.<br \/><\/span><strong>A Jarville, le dimanche 24 ao\u00fbt, <\/strong>le secteur paroissial remerciera plus chaleureusement le p\u00e8re Raj\u00a0: un <strong>ap\u00e9ritif<\/strong> permettra d\u2019\u00e9changer avec lui \u00e0 l\u2019issue de la messe et <strong>ceux qui le souhaitent pourront rester pour un repas partag\u00e9<\/strong>. Vous trouverez une urne au fond des \u00e9glises, <strong>collecte<\/strong> organis\u00e9e dans nos paroisses pour remercier le p\u00e8re Raj de sa pr\u00e9sence durant ces quatre derni\u00e8res ann\u00e9es<\/span><\/p>\n<p><span style=\"color: #000000;\"><strong>Changement des horaires de messes dominicales \u00e0 la rentr\u00e9e :<br \/><\/strong>A partir du <strong>1<sup>er<\/sup> septembre 2025,<\/strong> certains horaires des messes vont \u00eatre modifi\u00e9s :<br \/>&#8211; <strong>Flavigny, Fl\u00e9ville, messe \u00e0 9h30 au lieu de 10h &#8211; <\/strong><strong>Jarville messe \u00e0 11h au lieu de 10h30<br \/><\/strong>&#8211; Pas de changement d\u2019horaire pour les messes du samedi soir, ni pour la messe \u00e0 Ludres.<br \/>Ces nouveaux horaires permettent \u00e0 un m\u00eame pr\u00eatre de c\u00e9l\u00e9brer deux messes dans la matin\u00e9e.<\/span><\/p>\n<p><span style=\"color: #000000;\"><strong>Autres Annonces :<br \/><\/strong><strong>P\u00e8lerinage dioc\u00e9sain \u00e0 Lourdes :<br \/><\/strong>Avec Marie, soyez p\u00e8lerin d\u2019esp\u00e9rance \u00e0 Lourdes.\u00a0Comme chaque ann\u00e9e, le\u00a0service des p\u00e8lerinages du dioc\u00e8se de Nancy et Toul vous propose un\u00a0p\u00e8lerinage dioc\u00e9sain \u00e0 Lourdes.\u00a0Il aura lieu\u00a0<strong>du lundi 14 au dimanche 20 juillet 2025<\/strong>, et sera pr\u00e9sid\u00e9 par Monseigneur Pierre-Yves Michel, \u00e9v\u00eaque de Nancy et Toul. Vous pouvez vous inscrire sur le <strong><a style=\"color: #000000;\" href=\"https:\/\/www.catholique-nancy.fr\/sites\/service-diocesain-des-pelerinages\/agenda\/72504-pelerinage-diocesain-a-lourdes-2025\/\">site<\/a> du dioc\u00e8se<\/strong>, ou prendre des bulletins au <strong>fond des \u00e9glises.<\/strong><\/span><\/p>\n<p><span style=\"color: #000000;\"><strong>Jubil\u00e9 des jeunes et Fratello \u00e0 Rome :<br \/><\/strong>La <a style=\"color: #000000;\" href=\"https:\/\/www.catholique-nancy.fr\/sites\/pastorale-des-jeunes\/\">pastorale des jeunes du dioc\u00e8se <\/a>et le <a style=\"color: #000000;\" href=\"https:\/\/www.catholique-nancy.fr\/sites\/service-diocesain-de-la-solidarite-et-de-la-diaconie\/\">service dioc\u00e9sain de la diaconie et de l\u2019\u00e9cologie int\u00e9grale<\/a> s\u2019associent pour solliciter votre aide. Une centaine de jeunes participeront au Jubil\u00e9 des jeunes du <strong>25 juillet au 6 ao\u00fbt 2025<\/strong>et 35 personnes en pr\u00e9carit\u00e9 \u00e0 partir <strong>au p\u00e8lerinage Fratello<\/strong> <strong>du 13 au 16 novembre 2025.<\/strong> Soutenez-les par votre don et soutenez-les aussi spirituellement en vous engageant \u00e0 prier la pri\u00e8re du Jubil\u00e9 2025.Voir tract au fond des \u00e9glises ou <a style=\"color: #000000;\" href=\"https:\/\/www.catholique-nancy.fr\/accueil\/94751-offrez-un-pelerinage-jubilaire-a-rome\/\">site<\/a> du dioc\u00e8se.<\/span><\/p>\n<p><span style=\"color: #000000;\"><strong>P\u00e8lerinage dioc\u00e9sain \u00e0 Sion :<br \/><\/strong>Notre \u00e9v\u00eaque, Monseigneur Pierre-Yves Michel, vous invite \u00e0 participer au p\u00e8lerinage dioc\u00e9sain \u00e0 Notre-Dame de Sion, qui ouvrira l\u2019ann\u00e9e pastorale, le\u00a0<strong>samedi 6 septembre 2025, \u00e0 partir de 9h30.\u00a0<\/strong>C\u2019est le grand rendez-vous de rentr\u00e9e pour notre dioc\u00e8se. Pour r\u00e9server des repas et des places dans un bus, inscrivez-vous\u00a0<strong>au plus tard le samedi 23 ao\u00fbt 2025.\u00a0<\/strong>Renseignements dur le site du dioc\u00e8se.<\/span><\/p>\n<p><span style=\"color: #000000;\"><strong>Retraite \u00e0 Saint Jean de Bassel :<br \/><\/strong>Venez vivre un temps de retraite en silence personnellement accompagn\u00e9 selon la spiritualit\u00e9 ignatienne, organis\u00e9e et anim\u00e9e par l\u2019\u00e9quipe dioc\u00e9saine de formation spirituelle <strong>du 20 au 29 ao\u00fbt<\/strong> \u00e0 la maison d\u2019accueil des amis de la providence \u00e0 Saint Jean de Bassel. <\/span><br \/><span style=\"color: #000000;\"><strong>Possibilit\u00e9 de choisir le moment et la dur\u00e9e de sa retraite (3 \u00e0 8 jours)<\/strong> entre le 20 au 29 ao\u00fbt 2025.<\/span><br \/><span style=\"color: #000000;\"> Contact Ketty Pierson 06 12 37 26 38, ou sur le <a style=\"color: #000000;\" href=\"https:\/\/www.catholique-nancy.fr\/agenda\/93301-retraite-a-saint-jean-de-bassel-2\/\">site<\/a> du dioc\u00e8se.<\/span><\/p>\n<p><span style=\"color: #000000;\"><strong>.<\/strong><\/span><\/p>\n<p>\u00a0<\/p>\n<p><\/p>\n","protected":false},"excerpt":{"rendered":"","protected":false},"author":5,"featured_media":2464,"comment_status":"closed","ping_status":"open","sticky":false,"template":"","format":"standard","meta":[],"categories":[7],"tags":[],"acf":[],"_links":{"self":[{"href":"https:\/\/paroisses-nancy-sud.fr\/HOME\/wp-json\/wp\/v2\/posts\/4762"}],"collection":[{"href":"https:\/\/paroisses-nancy-sud.fr\/HOME\/wp-json\/wp\/v2\/posts"}],"about":[{"href":"https:\/\/paroisses-nancy-sud.fr\/HOME\/wp-json\/wp\/v2\/types\/post"}],"author":[{"embeddable":true,"href":"https:\/\/paroisses-nancy-sud.fr\/HOME\/wp-json\/wp\/v2\/users\/5"}],"replies":[{"embeddable":true,"href":"https:\/\/paroisses-nancy-sud.fr\/HOME\/wp-json\/wp\/v2\/comments?post=4762"}],"version-history":[{"count":5,"href":"https:\/\/paroisses-nancy-sud.fr\/HOME\/wp-json\/wp\/v2\/posts\/4762\/revisions"}],"predecessor-version":[{"id":4770,"href":"https:\/\/paroisses-nancy-sud.fr\/HOME\/wp-json\/wp\/v2\/posts\/4762\/revisions\/4770"}],"wp:featuredmedia":[{"embeddable":true,"href":"https:\/\/paroisses-nancy-sud.fr\/HOME\/wp-json\/wp\/v2\/media\/2464"}],"wp:attachment":[{"href":"https:\/\/paroisses-nancy-sud.fr\/HOME\/wp-json\/wp\/v2\/media?parent=4762"}],"wp:term":[{"taxonomy":"category","embeddable":true,"href":"https:\/\/paroisses-nancy-sud.fr\/HOME\/wp-json\/wp\/v2\/categories?post=4762"},{"taxonomy":"post_tag","embeddable":true,"href":"https:\/\/paroisses-nancy-sud.fr\/HOME\/wp-json\/wp\/v2\/tags?post=4762"}],"curies":[{"name":"wp","href":"https:\/\/api.w.org\/{rel}","templated":true}]}}