{"id":4771,"date":"2025-06-29T10:00:00","date_gmt":"2025-06-29T08:00:00","guid":{"rendered":"https:\/\/paroisses-nancy-sud.fr\/HOME\/?p=4771"},"modified":"2025-06-28T22:20:18","modified_gmt":"2025-06-28T20:20:18","slug":"delies-et-delivres-lies-et-relies-par-le-seigneur-dans-son-eglise","status":"publish","type":"post","link":"https:\/\/paroisses-nancy-sud.fr\/HOME\/delies-et-delivres-lies-et-relies-par-le-seigneur-dans-son-eglise\/","title":{"rendered":"D\u00e9li\u00e9s et d\u00e9livr\u00e9s, li\u00e9s et reli\u00e9s par le Seigneur dans son \u00c9glise"},"content":{"rendered":"\n<p><span style=\"color: #000000;\"><strong>D\u00e9li\u00e9s et d\u00e9livr\u00e9s, li\u00e9s et reli\u00e9s par le Seigneur dans son \u00c9glise<\/strong><\/span><\/p>\n<p><span style=\"color: #000000;\">\u00ab\u00a0Tu es Pierre, et sur cette pierre je b\u00e2tirai mon \u00c9glise\u00a0; et la puissance de la Mort ne l&#8217;emportera pas sur elle. Je te donnerai les cl\u00e9s du royaume des cieux\u00a0: tout ce que tu auras li\u00e9 sur la terre sera li\u00e9 dans les cieux, et tout ce que tu auras d\u00e9li\u00e9 sur la terre sera d\u00e9li\u00e9 dans les cieux.\u00a0\u00bb<\/span><\/p>\n<p><span style=\"color: #000000;\">La parole solennelle adress\u00e9e \u00e0 Pierre par le Seigneur J\u00e9sus met en pr\u00e9sence deux puissances : la Mort et l&rsquo;\u00c9glise fond\u00e9e sur Pierre. L&rsquo;\u00c9glise, c&rsquo;est l&rsquo;assembl\u00e9e convoqu\u00e9e par le Seigneur. M\u00eame si les apparences sont contre nous, nous osons affirmer que, rassembl\u00e9s ce dimanche pour la messe, nous sommes ceux sur qui la puissance de la Mort ne saurait l&#8217;emporter. Aujourd&rsquo;hui, par ces signes fragiles : notre petite assembl\u00e9e de p\u00e9cheurs pardonn\u00e9s, l&rsquo;imposition des mains, l&rsquo;infusion d&rsquo;eau qu&rsquo;accompagne une parole, l&rsquo;huile, le v\u00eatement, la flamme, le pain, le vin, nous accueillons Ad\u00e8le et Marcus dans le camp des vainqueurs (enfants baptis\u00e9s \u00e0 Ludres ce dimanche).<\/span><\/p>\n<p><span style=\"color: #000000;\">Dans le texte original, le Seigneur J\u00e9sus oppose les portes de la Mort, qui concentrent toute la puissance du Mal, aux cl\u00e9s du royaume des cieux, qui ont le pouvoir d&rsquo;ouvrir et de fermer. Ce que Pierre voudra ouvrir, nul n&rsquo;aura le pouvoir de le garder fermer\u00a0; ce qu&rsquo;il voudra fermer, nul ne pourra le garder ouvert. Pierre, c&rsquo;est-\u00e0-dire l&rsquo;\u00c9glise b\u00e2tie sur lui, agit avec la force du Seigneur pour ouvrir et fermer, pour lier et d\u00e9lier.<\/span><\/p>\n<p><span style=\"color: #000000;\">\u00ab\u00a0Tout ce que tu auras li\u00e9 sur la terre sera li\u00e9 dans les cieux, et tout ce que tu auras d\u00e9li\u00e9 sur la terre sera d\u00e9li\u00e9 dans les cieux.\u00a0\u00bb Quelqu&rsquo;un m&rsquo;a un jour interrog\u00e9 sur la signification de cette myst\u00e9rieuse parole du Seigneur J\u00e9sus. En effet, nous pouvons \u00e0 la limite accepter l&rsquo;id\u00e9e que l&rsquo;\u00c9glise ait le pouvoir de d\u00e9lier, car cela \u00e9voque la libert\u00e9, l&rsquo;ind\u00e9pendance, le Dieu des grands espaces et des vastes horizons, etc. Le pouvoir de lier, au contraire, nous ferait plut\u00f4t grincer des dents.<\/span><\/p>\n<p><span style=\"color: #000000;\">Tout d&rsquo;abord, lier et d\u00e9lier sont deux aspects d&rsquo;un unique pouvoir. Dans le monde juif \u2013 et rappelons que J\u00e9sus, Pierre, Paul et les autres Ap\u00f4tres sont tous juifs \u2013 le pouvoir de lier et d\u00e9lier est une pr\u00e9rogative des rabbins qui interpr\u00e8tent la Loi de Mo\u00efse. Par l&rsquo;interm\u00e9diaire de Mo\u00efse, le Seigneur a d\u00e9li\u00e9, d\u00e9livr\u00e9 son peuple de l&rsquo;esclavage en Egypte, et il l&rsquo;a li\u00e9 sous la Loi pour le garder de retomber en esclavage. \u00c0 la suite de Mo\u00efse, les rabbins lient et d\u00e9lient, d\u00e9terminent ce qui est permis ou interdit, comment il faut agir pour continuer \u00e0 vivre selon Dieu. Le pouvoir de lier et d\u00e9lier est donn\u00e9 \u00e0 l&rsquo;\u00c9glise fond\u00e9e sur Pierre pour permettre \u00e0 qui le d\u00e9sire d&rsquo;entrer dans le royaume des cieux et d&rsquo;y pers\u00e9v\u00e9rer.<\/span><\/p>\n<p><span style=\"color: #000000;\">Aujourd&rsquo;hui encore, l&rsquo;\u00c9glise fond\u00e9e sur Pierre exerce le pouvoir de d\u00e9lier au nom du Seigneur. Le Seigneur est le Dieu qui lib\u00e8re de l&rsquo;esclavage, de tout ce qui enferme l&rsquo;\u00eatre humain. Dans la premi\u00e8re lecture, alors que la puissance de la Mort, ici repr\u00e9sent\u00e9e par H\u00e9rode, enferme Pierre, le Seigneur agit avec une puissance plus grande encore pour le lib\u00e9rer. \u00ab\u00a0L&rsquo;Ange du Seigneur campe alentour, pour lib\u00e9rer ceux qui le craignent.\u00a0\u00bb<\/span><\/p>\n<p><span style=\"color: #000000;\">Aujourd&rsquo;hui encore, l&rsquo;\u00c9glise d\u00e9lie en donnant l&rsquo;absolution et le pardon des p\u00e9ch\u00e9s. L\u00e0 o\u00f9 la puissance de la Mort enferme dans le ressentiment, la culpabilit\u00e9, l&rsquo;angoisse de la mort et du jugement, l&rsquo;\u00c9glise dit et redit au nom du Seigneur\u00a0: \u00ab\u00a0Je te pardonne tous tes p\u00e9ch\u00e9s. Va en paix.\u00a0\u00bb<\/span><\/p>\n<p><span style=\"color: #000000;\">Plusieurs fois par jour, les disciples du Christ font monter vers le P\u00e8re la pri\u00e8re des enfants de Dieu\u00a0: \u00ab\u00a0Notre P\u00e8re&#8230; d\u00e9livre-nous du Mal.\u00a0\u00bb Ce Mal prend de nombreuses apparences. Dans un instant, je vais prononcer sur Ad\u00e8le et Marcus la pri\u00e8re d&rsquo;exorcisme pour demander au Seigneur d&rsquo;exercer sa puissance pour les d\u00e9livrer du Mal. \u00catre d\u00e9livr\u00e9 du Mal, c&rsquo;est un don\u00a0; d\u00e9livrer du Mal, lutter contre le Mal en nous et autour de nous, c&rsquo;est aussi une mission qui nous \u00e9choit, sp\u00e9cialement \u00e0 nous, chr\u00e9tiens, fils et filles de Dieu.<\/span><\/p>\n<p><span style=\"color: #000000;\">Fils et filles de Dieu par le bapt\u00eame, nous sommes li\u00e9s, re-li\u00e9s, \u00e0 Dieu avec qui nous entretenons une relation privil\u00e9gi\u00e9e. \u00ab\u00a0Tous m&rsquo;ont abandonn\u00e9. Le Seigneur, lui m&rsquo;a assist\u00e9\u00a0\u00bb, constate Paul dans la deuxi\u00e8me lecture. M\u00eame si toutes nos relations devaient se dissoudre, soyons s\u00fbrs que l&rsquo;Alliance avec le Seigneur, elle, tiendra bon. Ainsi, nous voyons que le pouvoir de lier n&rsquo;est pas aussi n\u00e9gatif que nous l&rsquo;avions craint. Par le bapt\u00eame, Ad\u00e8le et Marcus vont \u00eatre li\u00e9s au Seigneur pour toujours.<\/span><\/p>\n<p><span style=\"color: #000000;\">Nous sommes li\u00e9s, reli\u00e9s \u00e0 nos fr\u00e8res et s\u0153urs dans le Christ. Nous professons la m\u00eame foi, ce que nous allons faire ensemble dans quelques minutes. Reli\u00e9s, nous\u00a0 recevons la m\u00eame parole. Dans l&rsquo;\u00c9vangile de ce dimanche, \u00ab\u00a0les gens\u00a0\u00bb, ceux qui ne connaissent pas J\u00e9sus, ont tendance \u00e0 disjoindre le t\u00e9moignage des proph\u00e8tes\u00a0: Jean le Baptiste, ou Elie, ou J\u00e9r\u00e9mie, ou un autre proph\u00e8te. L&rsquo;\u00c9glise au contraire, rassemble sous une m\u00eame couverture, une m\u00eame reliure, tous les t\u00e9moins du Seigneur. Reli\u00e9s, nous communions \u00e0 la m\u00eame Eucharistie pour former un m\u00eame Corps. Reli\u00e9s, nous avons part au m\u00eame Esprit Saint qui nous envoie vers tous les humains comme t\u00e9moins du Dieu Amour.<\/span><\/p>\n<p><span style=\"color: #000000;\">Et si, ce que nous pouvons souhaiter de meilleur pour Ad\u00e8le et Marcus, c&rsquo;\u00e9tait de nouer un lien qui donnera du sens \u00e0 leur vie\u00a0? Un lien fort avec le Seigneur tout d&rsquo;abord. Et aussi, un jour, un lien avec un \u00e9poux ou une \u00e9pouse, ou peut-\u00eatre un engagement dans la vie re-li-gieuse (encore le lien). Dans tous les cas, un lien qui attache irr\u00e9vocablement au Bien et qui ainsi d\u00e9livre du Mal.<\/span><\/p>\n<p><span style=\"color: #000000;\">Fr\u00e8res et s\u0153urs dans le Seigneur, en pr\u00e9sentant nos intentions de pri\u00e8re, en renon\u00e7ant au Mal, en professant notre foi, en faisant entrer Ad\u00e8le et Marcus dans la famille de Dieu, en communiant au Corps et au Sang du Christ, en recherchant chaque jour ce qui est bien, vrai et beau, ayons conscience d&rsquo;\u00eatre des hommes et des femmes d\u00e9li\u00e9s et d\u00e9livr\u00e9s, li\u00e9s et reli\u00e9s dans l&rsquo;\u00c9glise du Seigneur J\u00e9sus Christ, lui qui vit et r\u00e8gne avec le P\u00e8re dans l&rsquo;unit\u00e9 du Saint-Esprit, pour les si\u00e8cles des si\u00e8cles. Amen.<\/span><\/p>\n<p style=\"text-align: right;\"><span style=\"color: #000000;\"><em>P\u00e8re Alexandre-Marie Valder<\/em><\/span><\/p>\n","protected":false},"excerpt":{"rendered":"<p>D\u00e9li\u00e9s et d\u00e9livr\u00e9s, li\u00e9s et reli\u00e9s par le Seigneur dans son \u00c9glise \u00ab\u00a0Tu es Pierre, et sur cette pierre je b\u00e2tirai mon \u00c9glise\u00a0; et la puissance de la Mort ne l&#8217;emportera pas sur elle. Je te donnerai les cl\u00e9s du royaume des cieux\u00a0: tout ce que tu auras li\u00e9 sur la terre sera li\u00e9 dans&hellip; <br \/> <a class=\"read-more\" href=\"https:\/\/paroisses-nancy-sud.fr\/HOME\/delies-et-delivres-lies-et-relies-par-le-seigneur-dans-son-eglise\/\">Lire la suite<\/a><\/p>\n","protected":false},"author":9,"featured_media":290,"comment_status":"closed","ping_status":"open","sticky":false,"template":"","format":"standard","meta":[],"categories":[9],"tags":[],"acf":[],"_links":{"self":[{"href":"https:\/\/paroisses-nancy-sud.fr\/HOME\/wp-json\/wp\/v2\/posts\/4771"}],"collection":[{"href":"https:\/\/paroisses-nancy-sud.fr\/HOME\/wp-json\/wp\/v2\/posts"}],"about":[{"href":"https:\/\/paroisses-nancy-sud.fr\/HOME\/wp-json\/wp\/v2\/types\/post"}],"author":[{"embeddable":true,"href":"https:\/\/paroisses-nancy-sud.fr\/HOME\/wp-json\/wp\/v2\/users\/9"}],"replies":[{"embeddable":true,"href":"https:\/\/paroisses-nancy-sud.fr\/HOME\/wp-json\/wp\/v2\/comments?post=4771"}],"version-history":[{"count":1,"href":"https:\/\/paroisses-nancy-sud.fr\/HOME\/wp-json\/wp\/v2\/posts\/4771\/revisions"}],"predecessor-version":[{"id":4772,"href":"https:\/\/paroisses-nancy-sud.fr\/HOME\/wp-json\/wp\/v2\/posts\/4771\/revisions\/4772"}],"wp:featuredmedia":[{"embeddable":true,"href":"https:\/\/paroisses-nancy-sud.fr\/HOME\/wp-json\/wp\/v2\/media\/290"}],"wp:attachment":[{"href":"https:\/\/paroisses-nancy-sud.fr\/HOME\/wp-json\/wp\/v2\/media?parent=4771"}],"wp:term":[{"taxonomy":"category","embeddable":true,"href":"https:\/\/paroisses-nancy-sud.fr\/HOME\/wp-json\/wp\/v2\/categories?post=4771"},{"taxonomy":"post_tag","embeddable":true,"href":"https:\/\/paroisses-nancy-sud.fr\/HOME\/wp-json\/wp\/v2\/tags?post=4771"}],"curies":[{"name":"wp","href":"https:\/\/api.w.org\/{rel}","templated":true}]}}