{"id":4886,"date":"2025-09-06T20:40:16","date_gmt":"2025-09-06T18:40:16","guid":{"rendered":"https:\/\/paroisses-nancy-sud.fr\/HOME\/?p=4886"},"modified":"2025-09-06T20:40:16","modified_gmt":"2025-09-06T18:40:16","slug":"annonces-de-saint-francois-de-sales-et-sainte-jeanne-de-chantal-du-7-septembre","status":"publish","type":"post","link":"https:\/\/paroisses-nancy-sud.fr\/HOME\/annonces-de-saint-francois-de-sales-et-sainte-jeanne-de-chantal-du-7-septembre\/","title":{"rendered":"Annonces de Saint-Fran\u00e7ois-de-Sales et Sainte-Jeanne-de-Chantal du 7 septembre"},"content":{"rendered":"\n<p><span style=\"color: #000000;\"><strong>Mariage :<br \/><\/strong><strong>Samedi 6 septembre \u00e0 Jarville, mariage<\/strong> de Brice et Zo\u00e9. Nous prions pour ce jeune couple et leurs familles.<\/span><\/p>\n<p><span style=\"color: #000000;\"><strong>Qu\u00eate suppl\u00e9mentaire de d\u00e9but de mois :<br \/><\/strong><strong>Ce samedi 6 septembre et ce dimanche 7 septembre, <\/strong>\u00e0 la sortie des messes de nos paroisses vous sera propos\u00e9e la qu\u00eate suppl\u00e9mentaire de d\u00e9but de mois pour couvrir les frais pastoraux, de travaux et de fonctionnement de nos paroisses. Merci de votre participation!<\/span><\/p>\n<p><span style=\"color: #000000;\"><strong>Rencontre des EAP (Equipes d\u2019Animation Pastorale) :<br \/><\/strong><strong>Jeudi 11 septembre, \u00e0 Jarville, <\/strong>rencontre de l\u2019EAP de Saint-Fran\u00e7ois de Sales \u00e0 19h. Celle de Sainte-Jeanne-de-Chantal s\u2019est r\u00e9unie ce mercredi 3 septembre \u00e0 Ludres.<\/span><\/p>\n<p><span style=\"color: #000000;\"><strong>Rencontre du MCR (Mouvement Chr\u00e9tien des Retrait\u00e9s) :<br \/><\/strong><strong>Jeudi 11 septembre \u00e0 14h30 r\u00e9union \u00e0 Heillecourt salle Arc en Ciel. <\/strong>Bienvenue aux nouveaux.<\/span><\/p>\n<p><span style=\"color: #000000;\"><strong>Table ouverte du 2<sup>\u00e8me<\/sup> dimanche du mois :<br \/><\/strong><strong>Dimanche 14 septembre, table ouverte \u00e0 Jarville <\/strong>\u00e0 partir de midi, apr\u00e8s la courte interruption de cet \u00e9t\u00e9. Les habitu\u00e9s seront heureux de se retrouver et d\u2019accueillir les nouveaux\u00a0! chacun apporte un plat sal\u00e9 ou sucr\u00e9 et sa bonne humeur.<\/span><\/p>\n<p><span style=\"color: #000000;\"><strong>Formation sur l\u2019accueil des marginaux :<br \/><\/strong><strong>Jeudi 18 septembre \u00e0 18h30, \u00e0 Jarville, <\/strong>salles \u00e0 droite de l\u2019\u00e9glise, formation sur la place que nous pourrons tenir aupr\u00e8s des marginaux. Ouvert \u00e0 tous.<\/span><\/p>\n<p><span style=\"color: #000000;\"><strong>Inscriptions au cat\u00e9chisme et r\u00e9unions de rentr\u00e9e des <\/strong><strong>diff\u00e9rents niveaux :<br \/><\/strong><strong>Les parents des enfants inscrits pour le cat\u00e9chisme sont invit\u00e9s aux r\u00e9unions de rentr\u00e9e \u00e0 Ludres \u00e0 20h30, les mardis suivants :<br \/><\/strong><strong style=\"font-size: revert;\">&#8211; Mardi 9 septembre rencontre des parents de 2<sup>\u00e8me<\/sup> ann\u00e9e de cat\u00e9<br \/><\/strong>&#8211; Mardi 16 septembre rencontre des parents de 3<sup>\u00e8me<\/sup> et 4<sup>\u00e8me<\/sup> ann\u00e9e de cat\u00e9<\/span><br \/><span style=\"color: #000000;\">&#8211; Mardi 23 septembre 1<sup>\u00e8re<\/sup> ann\u00e9e de cat\u00e9<\/span><br \/><span style=\"color: #000000;\">&#8211; Mardi 30 septembre 5<sup>\u00e8me<\/sup> ann\u00e9e de cat\u00e9<\/span><br \/><span style=\"color: #000000;\"><strong>Pour s\u2019inscrire, il y aura des feuilles d\u2019inscription au fond des \u00e9glises, aux permanences de nos paroisses et sur le site de nos paroisses\u00a0: paroisses Nancy sud puis rubrique GRANDIR puis CATECHISME\u00a0 <\/strong><\/span><\/p>\n<p><span style=\"color: #000000;\"><strong>Quelques pr\u00e9cisions\u00a0: <\/strong>Le cat\u00e9chisme d\u00e9marre en CE2,\u00a0<\/span><br \/><span style=\"color: #000000;\">La premi\u00e8re communion est propos\u00e9e au bout de la 2<sup>\u00e8me<\/sup> ann\u00e9e de cat\u00e9<\/span><br \/><span style=\"color: #000000;\">Les enfants pr\u00e9parent la profession de foi en 5<sup>\u00e8me<\/sup> ann\u00e9e.<\/span><br \/><span style=\"color: #000000;\">Les jeunes de 4-3<sup>\u00e8me<\/sup> et lyc\u00e9e se retrouvent une fois par mois et pr\u00e9parent le sacrement de la Confirmation \u00e0 partir de la 4<sup>\u00e8me<br \/><\/sup><strong>Pour les petits de 3 \u00e0 7 ans, \u2018\u2018l\u2019\u00e9veil \u00e0 la foi \u2018\u2019 est propos\u00e9 1 fois par trimestre un dimanche matin avant la messe \u00e0 Ludres ou \u00e0 Jarville.\u00a0\u00a0 <\/strong><\/span><\/p>\n<p><span style=\"color: #000000;\"><strong>Messes de rentr\u00e9e de nos paroisses :<br \/><\/strong>14 septembre \u00e0 Neuves-Maisons \u00e0 11h pour la paroisse de la Visitation sur Moselle et Madon<\/span><br \/><span style=\"color: #000000;\">21 septembre \u00e0 Ludres \u00e0 11h pour la paroisse de Sainte-Jeanne-de-Chantal<\/span><br \/><span style=\"color: #000000;\">28 septembre \u00e0 Jarville \u00e0 11h pour la paroisse de Saint-Fran\u00e7ois-de-Sales<\/span><br \/><span style=\"color: #000000;\">12 octobre \u00e0 11h \u00e0 Jarville messe des familles et de rentr\u00e9e des groupes cat\u00e9.<\/span><\/p>\n<p><span style=\"color: #000000;\"><strong>Horaires des messes dominicales du 13 et 14 septembre 2025 :<br \/><\/strong><strong>Samedi 13 septembre\u00a0: 18h <\/strong>\u00e0 Heillecourt, Laneuveville, Autrey.<br \/><strong>Dimanche 14 septembre\u00a0: 9h30 <\/strong>\u00e0 Flavigny, Fl\u00e9ville\u00a0 \u00a0 \u00a0 \u00a0 \u00a0 <br \/><strong>\u00a0 \u00a0 \u00a0 \u00a0 \u00a0 \u00a0 \u00a0 \u00a0 \u00a0 \u00a0 \u00a0 \u00a0 \u00a0 \u00a0 \u00a0 \u00a0 \u00a0 \u00a0 \u00a0 \u00a0 \u00a011h <\/strong>\u00e0 Jarville, Neuves-Maisons (messe de rentr\u00e9e)<\/span><\/p>\n<p><span style=\"color: #000000;\"><strong>Changement des horaires des messes dominicales :<br \/><\/strong>Attention, des horaires des messes du dimanche sont modifi\u00e9s dans notre secteur :<br \/>\u00a0&#8211; <strong>Flavigny, Fl\u00e9ville, messe \u00e0 9h30 les 2<sup>\u00e8me<\/sup> et 4<sup>\u00e8me<\/sup> dimanche du mois<br \/><\/strong>&#8211; <strong>Jarville messe \u00e0 11h tous les dimanches.<br \/><\/strong>Pas de changement d\u2019horaire pour les messes du samedi soir, ni pour la messe \u00e0 Ludres (1<sup>er<\/sup>, 3<sup>\u00e8me<\/sup> et 5<sup>\u00e8me<\/sup> dimanche de chaque mois).<br \/>Ces nouveaux horaires permettent \u00e0 un m\u00eame pr\u00eatre de c\u00e9l\u00e9brer deux messes dans la matin\u00e9e.<\/span><\/p>\n<p><span style=\"color: #000000;\">Pour raison de travaux, <strong>l\u2019\u00e9glise d\u2019Heillecourt sera indisponible \u00e0 partir du 15 septembre pour environ 2 mois.<\/strong> Nous retrouverons une \u00e9glise toute \u2018\u2019neuve\u2019\u2019, peintures int\u00e9rieures rafraichies.\u00a0!<\/span><\/p>\n<p><span style=\"color: #000000;\"><strong>Attention, les messes de semaine \u00e0 Jarville sont \u00e0 18h30 <\/strong>le lundi, mardi, mercredi et jeudi (au lieu de 18h\u00a0!)<strong>. Le vendredi reste \u00e0 19h.<\/strong><\/span><\/p>\n<p><span style=\"color: #000000;\"><strong>Autres Annonces :<\/strong><\/span><\/p>\n<ul>\n<li><span style=\"color: #000000;\"><strong>P\u00e8lerinage jubilaire de proximit\u00e9<br \/><\/strong>La Pastorale de la Sant\u00e9 du Dioc\u00e8se\u00a0organise un p\u00e8lerinage jubilaire de proximit\u00e9, avec une messe c\u00e9l\u00e9br\u00e9e par notre\u00a0\u00c9v\u00eaque,<strong style=\"font-size: revert;\"> le dimanche 14 septembre, de 14h30 \u00e0 17h00, <\/strong><span style=\"font-size: revert;\">en l\u2019\u00e9glise de la Vierge des Pauvres. <\/span><strong style=\"font-size: revert;\">Il sera possible de recevoir l\u2019indulgence pl\u00e9ni\u00e8re durant la c\u00e9l\u00e9bration<\/strong><span style=\"font-size: revert;\"> mais aussi pour les personnes qui le souhaiteraient, <\/span><strong style=\"font-size: revert;\">le sacrement de l\u2019onction des malades. <\/strong><span style=\"font-size: revert;\">Des pr\u00eatres seront disponibles sur place pour confesser.<br \/><\/span>Les personnes d\u00e9sirant recevoir le <strong style=\"font-size: revert;\">sacrement des malades lors de la c\u00e9l\u00e9bration du 14 septembre devront \u00eatre inscrites aupr\u00e8s de la Pastorale de la Sant\u00e9, au plus vite<\/strong><span style=\"font-size: revert;\">. Les modalit\u00e9s sont indiqu\u00e9es sur le flyer ! (\u00e0 trouver au fond des \u00e9glises)<br \/><\/span>\u00a0<strong style=\"font-size: revert;\">Cette d\u00e9marche jubilaire sera prolong\u00e9e jusqu&rsquo;au 6 janvier 2026, par la circulation d&rsquo;ic\u00f4nes p\u00e8lerines,\u00a0<\/strong><span style=\"font-size: revert;\">repr\u00e9sentant le Christ Mis\u00e9ricordieux de S\u0153ur Faustine, dans toutes les paroisses du Dioc\u00e8se, <\/span><strong style=\"font-size: revert;\">aupr\u00e8s des personnes\u00a0qui n&rsquo;auront pas pu \u00eatre pr\u00e9sentes le 14 septembre<\/strong><span style=\"font-size: revert;\">.<br \/><\/span>Martine DOURDIN D\u00e9l\u00e9gu\u00e9e dioc\u00e9saine de la Pastorale de la Sant\u00e9 06 72 31 13 71 \u2013 <a style=\"font-size: revert; color: #000000;\" href=\"mailto:pastosante@catholique-nancy.fr\">pastosante@catholique-nancy.f<\/a><span style=\"font-size: revert;\">r<\/span><\/span><\/li>\n<li><span style=\"color: #000000;\"><strong>Messe de rentr\u00e9e des \u00e9tudiants :<br \/><\/strong>Les aum\u00f4neries d\u2019\u00e9tudiants se retrouvent pour une messe de rentr\u00e9e <strong style=\"font-size: revert;\">le mercredi 17 septembre 2025, \u00e0 20h,\u00a0\u00e0 la cath\u00e9drale de Nancy<\/strong><span style=\"font-size: revert;\">. C\u2019est notre \u00e9v\u00eaque, Monseigneur Pierre-Yves Michel qui pr\u00e9sidera cette c\u00e9l\u00e9bration.<\/span><\/span><\/li>\n<li><span style=\"color: #000000;\"><strong style=\"font-size: revert;\">Rencontre des groupes de lecture de la Bible\u00a0 :<br \/><\/strong><strong style=\"font-size: revert;\">Samedi 27 septembre, de 9h30 \u00e0 12h, \u00e0 la crypte Sainte-Anne de Beauregard \u00e0 Nancy,\u00a0<\/strong><span style=\"font-size: revert;\">rue Guy Ropartz, le<\/span><a style=\"font-size: revert; color: #000000;\" href=\"https:\/\/www.catholique-nancy.fr\/sites\/sedifop\/\">\u00a0service dioc\u00e9sain de la formation propose une<\/a><span style=\"font-size: revert;\"> matin\u00e9e pour d\u00e9marrer le parcours biblique 2025-2026 sur <\/span><strong style=\"font-size: revert;\">\u00ab\u00a0les lettres de Pierre\u00a0\u00bb.<\/strong><span style=\"font-size: revert;\"> Lors de ce temps, une proposition est faite aux groupes d\u00e9j\u00e0 constitu\u00e9s et \u00e0 ceux qui vont se cr\u00e9er.<\/span><\/span><\/li>\n<li><span style=\"color: #000000;\"><strong style=\"font-size: revert;\">Rentr\u00e9e des acteurs pastoraux :<br \/><\/strong><strong style=\"font-size: revert;\">Mardi 16 septembre 2025, de 9h \u00e0 18h, <\/strong><span style=\"font-size: revert;\">\u00e0 la maison dioc\u00e9saine, au Domaine de l\u2019Asn\u00e9e, session de rentr\u00e9e dioc\u00e9saine des acteurs pastoraux. (membres de nos paroisses ou des mouvements ayant une lettre de mission de Mgr Michel\u00a0: Coordinateurs, membres des EAP, cur\u00e9s, pr\u00eatres, aum\u00f4niers la\u00efcs \u2026) sur le th\u00e8me\u00a0: <\/span><em style=\"font-size: revert;\">Une paroisse un c\u0153ur qui bat pour tous<\/em><\/span><\/li>\n<li><span style=\"color: #000000;\"><strong style=\"font-size: revert;\">Conf\u00e9rence : <br \/><\/strong><strong style=\"font-size: revert;\">Vendredi 12 septembre \u00e0 20h <\/strong><span style=\"font-size: revert;\">salle St Paul \u00e0 Notre Dame de Lourdes, le P\u00e8re Philippe Vallin fera une conf\u00e9rence<\/span><u style=\"font-size: revert;\">\u00a0<\/u><em style=\"font-size: revert;\">\u00a0\u00bb Le credo de Nic\u00e9e 1700 ans apr\u00e8s. Croire dans la divinit\u00e9 de J\u00e9sus\u00a0\u00bb.<br \/><\/em>Ph Vallin pr\u00e9sidait la commission qui a produit le dernier document de la CTI (commission th\u00e9ologique internationale).<\/span><\/li>\n<\/ul>\n","protected":false},"excerpt":{"rendered":"<p>Mariage :Samedi 6 septembre \u00e0 Jarville, mariage de Brice et Zo\u00e9. Nous prions pour ce jeune couple et leurs familles. Qu\u00eate suppl\u00e9mentaire de d\u00e9but de mois :Ce samedi 6 septembre et ce dimanche 7 septembre, \u00e0 la sortie des messes de nos paroisses vous sera propos\u00e9e la qu\u00eate suppl\u00e9mentaire de d\u00e9but de mois pour couvrir&hellip; <br \/> <a class=\"read-more\" href=\"https:\/\/paroisses-nancy-sud.fr\/HOME\/annonces-de-saint-francois-de-sales-et-sainte-jeanne-de-chantal-du-7-septembre\/\">Lire la suite<\/a><\/p>\n","protected":false},"author":5,"featured_media":2464,"comment_status":"closed","ping_status":"open","sticky":false,"template":"","format":"standard","meta":[],"categories":[7],"tags":[],"acf":[],"_links":{"self":[{"href":"https:\/\/paroisses-nancy-sud.fr\/HOME\/wp-json\/wp\/v2\/posts\/4886"}],"collection":[{"href":"https:\/\/paroisses-nancy-sud.fr\/HOME\/wp-json\/wp\/v2\/posts"}],"about":[{"href":"https:\/\/paroisses-nancy-sud.fr\/HOME\/wp-json\/wp\/v2\/types\/post"}],"author":[{"embeddable":true,"href":"https:\/\/paroisses-nancy-sud.fr\/HOME\/wp-json\/wp\/v2\/users\/5"}],"replies":[{"embeddable":true,"href":"https:\/\/paroisses-nancy-sud.fr\/HOME\/wp-json\/wp\/v2\/comments?post=4886"}],"version-history":[{"count":2,"href":"https:\/\/paroisses-nancy-sud.fr\/HOME\/wp-json\/wp\/v2\/posts\/4886\/revisions"}],"predecessor-version":[{"id":4888,"href":"https:\/\/paroisses-nancy-sud.fr\/HOME\/wp-json\/wp\/v2\/posts\/4886\/revisions\/4888"}],"wp:featuredmedia":[{"embeddable":true,"href":"https:\/\/paroisses-nancy-sud.fr\/HOME\/wp-json\/wp\/v2\/media\/2464"}],"wp:attachment":[{"href":"https:\/\/paroisses-nancy-sud.fr\/HOME\/wp-json\/wp\/v2\/media?parent=4886"}],"wp:term":[{"taxonomy":"category","embeddable":true,"href":"https:\/\/paroisses-nancy-sud.fr\/HOME\/wp-json\/wp\/v2\/categories?post=4886"},{"taxonomy":"post_tag","embeddable":true,"href":"https:\/\/paroisses-nancy-sud.fr\/HOME\/wp-json\/wp\/v2\/tags?post=4886"}],"curies":[{"name":"wp","href":"https:\/\/api.w.org\/{rel}","templated":true}]}}