{"id":4896,"date":"2025-09-14T08:56:06","date_gmt":"2025-09-14T06:56:06","guid":{"rendered":"https:\/\/paroisses-nancy-sud.fr\/HOME\/?p=4896"},"modified":"2025-09-14T08:56:06","modified_gmt":"2025-09-14T06:56:06","slug":"annonces-de-sainte-jeanne-de-chantal-et-saint-francois-de-sales-du-14-septembre","status":"publish","type":"post","link":"https:\/\/paroisses-nancy-sud.fr\/HOME\/annonces-de-sainte-jeanne-de-chantal-et-saint-francois-de-sales-du-14-septembre\/","title":{"rendered":"Annonces de Sainte-Jeanne-de-Chantal et Saint-Fran\u00e7ois-de-Sales du 14 septembre"},"content":{"rendered":"\n<p><\/p>\n<p><span style=\"color: #000000;\"><strong>Accueil bapt\u00eame :<br \/><\/strong><strong>Dimanche 14 septembre \u00e0 Jarville <\/strong>accueil des familles qui demandent le bapt\u00eame de leur enfant.<\/span><\/p>\n<p><span style=\"color: #000000;\"><strong>Bapt\u00eames :<br \/><\/strong><strong>Dimanche 21 septembre \u00e0 Jarville bapt\u00eame <\/strong>de Armand, Giulia et Alba<\/span><br \/><span style=\"color: #000000;\"><strong>Dimanche 28 septembre \u00e0 Flavigny, bapt\u00eame <\/strong>de Louison. <\/span><br \/><span style=\"color: #000000;\">Nous prions pour ces petits et leurs familles.<\/span><\/p>\n<p><span style=\"color: #000000;\"><strong>Table ouverte du 2<sup>\u00e8me<\/sup> dimanche du mois :<br \/><\/strong><strong>Ce dimanche 14 septembre, table ouverte \u00e0 Jarville <\/strong>\u00e0 partir de midi, apr\u00e8s la courte interruption de cet \u00e9t\u00e9. Les habitu\u00e9s seront heureux de se retrouver et d\u2019accueillir les nouveaux\u00a0! chacun apporte un plat sal\u00e9 ou sucr\u00e9 et sa bonne humeur<\/span><\/p>\n<p><span style=\"color: #000000;\"><strong>Formation sur l\u2019accueil des marginaux :<br \/><\/strong><strong>Jeudi 18 septembre \u00e0 18h30, \u00e0 Jarville, <\/strong>salles \u00e0 droite de l\u2019\u00e9glise, formation sur la place que nous pourrons tenir aupr\u00e8s des marginaux. R\u00e9union ouverte \u00e0 tous.<\/span><\/p>\n<p><span style=\"color: #000000;\"><strong>Temps fort des confirmands samedi 20 septembre :<br \/><\/strong><strong>Les confirmands de notre secteur <\/strong>vont vivre leur quatri\u00e8me temps fort<strong> le samedi 20 septembre <\/strong>\u00e0 l\u2019\u00e9glise Ste Th\u00e9r\u00e8se de Villers les Nancy. La confirmation d\u2019une quarantaine de jeunes aura lieu le samedi 15 novembre \u00e0 Villers.<\/span><\/p>\n<p><span style=\"color: #000000;\"><strong>Fermeture pour travaux de l\u2019\u00e9glise de Heillecourt :<br \/><\/strong>Les travaux commencent ce lundi 15 septembre. Pendant cette p\u00e9riode de fermeture, l\u2019EAP propose de <strong>c\u00e9l\u00e9brer \u00e0 Richardm\u00e9nil les samedis soir \u00e0 18h<\/strong>, \u00e0 partir du samedi 27 septembre. <strong>Le samedi 20 septembre, pas de messe dans la paroisse Sainte-Jeanne-de-Chantal<\/strong>: c\u2019est la <strong>messe de rentr\u00e9e le dimanche 21 septembre \u00e0 Ludres<\/strong>; nous aurons le plaisir de nous y retrouver tous\u00a0!<\/span><\/p>\n<p><span style=\"color: #000000;\"><strong>Rencontre des jeunes de notre secteur (groupe AJC) :<br \/><\/strong><strong>Vendredi 26 septembre : rencontre \u00e0 Jarville\u00a0:<\/strong> \u00e0 18h, \u00e0 la crypte de l&rsquo;\u00e9glise pour l\u2019adoration ou \u00e0 19h, pour la messe ou \u00e0 partir de 19h45, dans les salles paroissiales \u00e0 c\u00f4t\u00e9 de l&rsquo;\u00e9glise : repas jeux pour faire connaissance, choix des th\u00e8mes d&rsquo;ann\u00e9e.<\/span><br \/><span style=\"color: #000000;\"><strong>Samedi 4 octobre : <\/strong>veill\u00e9e \u00ab P\u00e9tales de roses \u00bb<strong> \u00e0 l&rsquo;abbaye d&rsquo;Autrey.<br \/><\/strong><strong>Du lundi 27 au vendredi 31 octobre : rencontres de Toussaint \u00e0 Taiz\u00e9 <\/strong>pour les lyc\u00e9ens et les jeunes adultes.<\/span><\/p>\n<p><span style=\"color: #000000;\"><strong>Inscriptions au cat\u00e9chisme et r\u00e9unions de rentr\u00e9e des <\/strong><strong>diff\u00e9rents niveaux :<br \/><\/strong><strong>Les parents des enfants inscrits pour le cat\u00e9chisme sont invit\u00e9s aux r\u00e9unions de rentr\u00e9e \u00e0 Ludres \u00e0 20h30, les mardis suivants :<br \/><\/strong>&#8211; <strong>Mardi 16 septembre rencontre des parents de 3<sup>\u00e8me<\/sup> et 4<sup>\u00e8me<\/sup> ann\u00e9e de cat\u00e9<br \/><\/strong>&#8211; Mardi 23 septembre 1<sup>\u00e8re<\/sup> ann\u00e9e de cat\u00e9<\/span><br \/><span style=\"color: #000000;\">&#8211; Mardi 30 septembre 5<sup>\u00e8me<\/sup> ann\u00e9e de cat\u00e9<\/span><br \/><span style=\"color: #000000;\"><strong>Pour s\u2019inscrire, il y aura des feuilles d\u2019inscription au fond des \u00e9glises, aux permanences de nos paroisses et sur le site de nos paroisses : paroisses Nancy sud puis rubrique GRANDIR puis CATECHISME\u00a0<br \/><\/strong><strong>Quelques pr\u00e9cisions\u00a0: <br \/><\/strong>Le cat\u00e9chisme d\u00e9marre en CE2,\u00a0<\/span><br \/><span style=\"color: #000000;\">La premi\u00e8re communion est propos\u00e9e au bout de la 2<sup>\u00e8me<\/sup> ann\u00e9e de cat\u00e9,<\/span><br \/><span style=\"color: #000000;\">Les enfants pr\u00e9parent la profession de foi en 5<sup>\u00e8me<\/sup> ann\u00e9e.<\/span><br \/><span style=\"color: #000000;\">Les jeunes de 4-3<sup>\u00e8me<\/sup> et lyc\u00e9e se retrouvent une fois par mois et pr\u00e9parent le sacrement de la Confirmation \u00e0 partir de la 4<sup>\u00e8me<br \/><\/sup><strong>Pour les petits de 3 \u00e0 7 ans, \u2018\u2019l\u2019\u00e9veil \u00e0 la foi \u2018\u2019 est propos\u00e9 une fois par trimestre un dimanche matin avant la messe \u00e0 Ludres ou \u00e0 Jarville\u00a0: premi\u00e8re rencontre le12 octobre \u00e0 Jarville \u00e0 10h\u00a0\u00a0 <\/strong><\/span><\/p>\n<p><span style=\"color: #000000;\"><strong>Journ\u00e9e de la Consolation :<br \/><\/strong><strong>Samedi 4 octobre 2025, \u00e0 Flavigny, de 16h30 \u00e0 22h\u00a0: <\/strong>Face \u00e0 nos souffrances et nos \u00e9checs, laissons-nous consoler par le Seigneur de tendresse. 16h30 Accueil et louange, 17h30 enseignements, t\u00e9moignages, temps personnel, 19h repas tir\u00e9 du sac, soir\u00e9e de louange et consolation, 21h messe. Chacun peut participer \u00e0 un des moments ou partir \u00e0 tout moment. Merci de faire conna\u00eetre cette apr\u00e8s-midi.<\/span><\/p>\n<p><span style=\"color: #000000;\"><strong>Messes de rentr\u00e9e de nos paroisses :<br \/><\/strong><strong>21 septembre \u00e0 Ludres \u00e0 11h pour la paroisse de Sainte-Jeanne-de-Chantal<br \/><\/strong>28 septembre \u00e0 Jarville \u00e0 11h pour la paroisse de Saint-Fran\u00e7ois-de-Sales, <strong>pas de messe \u00e0 Fl\u00e9ville<br \/><\/strong>12 octobre \u00e0 11h \u00e0 Jarville messe des familles et de rentr\u00e9e des groupes cat\u00e9.<\/span><\/p>\n<p><span style=\"color: #000000;\"><strong>Horaires des messes dominicales du 20 et 21 septembre 2025 :<br \/><\/strong><strong>Samedi 20 septembre\u00a0: 18h <\/strong>\u00e0 Laneuveville.<\/span><br \/><span style=\"color: #000000;\"><strong>Dimanche 21 septembre\u00a0: 9h30 <\/strong>\u00e0 Frolois &#8211; <strong>11h <\/strong>\u00e0 Jarville, Neuves-Maisons, Ludres<\/span><\/p>\n<p><span style=\"color: #000000;\"><strong>Changement des horaires des messes dominicales \u00e0 la rentr\u00e9e :<br \/><\/strong>Attention, des horaires des messes du dimanche sont modifi\u00e9s dans notre secteur :<br \/>\u00a0&#8211; <strong>Flavigny, Fl\u00e9ville, messe \u00e0 9h30 les 2<sup>\u00e8me<\/sup> et 4<sup>\u00e8me<\/sup> dimanche du mois<br \/><\/strong>&#8211; <strong>Jarville messe \u00e0 11h tous les dimanches.<br \/><\/strong>Ces nouveaux horaires permettent \u00e0 un m\u00eame pr\u00eatre de c\u00e9l\u00e9brer deux messes dans la matin\u00e9e.<br \/><strong>Attention, les messes de semaine \u00e0 Jarville sont \u00e0 18h30 <\/strong>le lundi, mardi, mercredi et jeudi (au lieu de 18h\u00a0!)<strong>. Le vendredi reste \u00e0 19h.<\/strong><\/span><\/p>\n<p><span style=\"color: #000000;\"><strong>Autres Annonces<\/strong>. :<\/span><br \/><span style=\"color: #000000;\"><strong>Rentr\u00e9e des acteurs pastoraux :<br \/><\/strong><strong>Mardi 16 septembre 2025, de 9h \u00e0 18h <\/strong>au Domaine de l\u2019Asn\u00e9e, session de rentr\u00e9e dioc\u00e9saine des acteurs pastoraux (membres de nos paroisses ou des mouvements ayant une lettre de mission de Mgr Michel) sur le th\u00e8me\u00a0: <em>Une paroisse un c\u0153ur qui bat pour tous.<\/em><\/span><\/p>\n<p><span style=\"color: #000000;\"><strong>Messe de rentr\u00e9e des \u00e9tudiants :<br \/><\/strong>Les aum\u00f4neries d\u2019\u00e9tudiants se retrouvent pour une messe de rentr\u00e9e <strong>le mercredi 17 septembre 2025, \u00e0 20h,\u00a0\u00e0 la cath\u00e9drale de Nancy, <\/strong>pr\u00e9sid\u00e9e par Monseigneur Pierre-Yves Michel.<\/span><\/p>\n<p><span style=\"color: #000000;\"><strong>Messe de rentr\u00e9e des \u00e9coles catholiques :<br \/><\/strong><strong>Jeudi 18 septembre, <\/strong>\u00e0 18h15, \u00a0<a style=\"color: #000000;\" href=\"https:\/\/www.catholique-nancy.fr\/agenda\/93776-messe-de-rentree-de-lenseignement-catholique-2\/\">messe de rentr\u00e9e de l\u2019Enseignement catholique<\/a>\u00e0 la cath\u00e9drale de Nancy.<\/span><\/p>\n<p><span style=\"color: #000000;\"><strong>P\u00e8lerinage jubilaire de proximit\u00e9 :<br \/><\/strong>La Pastorale de la Sant\u00e9 du Dioc\u00e8se\u00a0organise un p\u00e8lerinage jubilaire de proximit\u00e9, avec une messe c\u00e9l\u00e9br\u00e9e par notre\u00a0\u00c9v\u00eaque,<strong> le dimanche 14 septembre, de 14h30 \u00e0 17h00, <\/strong>en l\u2019\u00e9glise de la Vierge des Pauvres avec possibilit\u00e9 du<strong> sacrement de l\u2019onction des malades.<br \/><\/strong><span style=\"font-size: revert;\">Martine DOURDIN D\u00e9l\u00e9gu\u00e9e dioc\u00e9saine de la Pastorale de la Sant\u00e9 06 72 31 13 71 \u2013\u00a0<\/span><a style=\"color: #000000;\" href=\"mailto:pastosante@catholique-nancy.f\">pastosante@catholique-nancy.f<\/a>r<\/span><\/p>\n<p><span style=\"color: #000000;\"><strong>Pri\u00e8re pour la cr\u00e9ation :<br \/><\/strong>Comme chaque ann\u00e9e pendant le\u00a0<a style=\"color: #000000;\" href=\"https:\/\/www.catholique-nancy.fr\/agenda\/75170-temps-pour-la-creation-2024\/\">Temps pour la Cr\u00e9ation<\/a>, catholiques et protestants se retrouvent pour prier ensemble pour la Terre, pour la Cr\u00e9ation toute enti\u00e8re. Cette rencontre de pri\u00e8re aura lieu\u00a0en\u00a0l\u2019\u00e9glise \u00e9vang\u00e9lique de Vand\u0153uvre-l\u00e8s-Nancy, <strong>le vendredi 26 septembre,\u00a0\u00e0 20h. <\/strong>Le th\u00e8me de l\u2019\u00e9dition 2025 du Temps de la cr\u00e9ation (du 1<sup>er<\/sup>\u00a0septembre au 4 octobre) est \u00ab\u00a0Semences de paix et d\u2019esp\u00e9rance\u00a0\u00bb.<\/span><\/p>\n<p><span style=\"color: #000000;\"><strong>Rencontre des groupes de lecture de la Bible\u00a0 :<br \/><\/strong><strong>Samedi 27 septembre, de 9h30 \u00e0 12h, <\/strong>\u00e0 la crypte Sainte-Anne de Beauregard \u00e0 Nancy<strong>,\u00a0<\/strong>rue Guy Ropartz, le<a style=\"color: #000000;\" href=\"https:\/\/www.catholique-nancy.fr\/sites\/sedifop\/\"> service dioc\u00e9sain de la formation propose une<\/a> matin\u00e9e pour d\u00e9marrer le parcours biblique 2025-2026 sur <strong>\u00ab\u00a0les lettres de Pierre\u00a0\u00bb.<\/strong><\/span><\/p>\n<p><\/p>\n","protected":false},"excerpt":{"rendered":"","protected":false},"author":5,"featured_media":2464,"comment_status":"closed","ping_status":"open","sticky":false,"template":"","format":"standard","meta":[],"categories":[7],"tags":[],"acf":[],"_links":{"self":[{"href":"https:\/\/paroisses-nancy-sud.fr\/HOME\/wp-json\/wp\/v2\/posts\/4896"}],"collection":[{"href":"https:\/\/paroisses-nancy-sud.fr\/HOME\/wp-json\/wp\/v2\/posts"}],"about":[{"href":"https:\/\/paroisses-nancy-sud.fr\/HOME\/wp-json\/wp\/v2\/types\/post"}],"author":[{"embeddable":true,"href":"https:\/\/paroisses-nancy-sud.fr\/HOME\/wp-json\/wp\/v2\/users\/5"}],"replies":[{"embeddable":true,"href":"https:\/\/paroisses-nancy-sud.fr\/HOME\/wp-json\/wp\/v2\/comments?post=4896"}],"version-history":[{"count":1,"href":"https:\/\/paroisses-nancy-sud.fr\/HOME\/wp-json\/wp\/v2\/posts\/4896\/revisions"}],"predecessor-version":[{"id":4897,"href":"https:\/\/paroisses-nancy-sud.fr\/HOME\/wp-json\/wp\/v2\/posts\/4896\/revisions\/4897"}],"wp:featuredmedia":[{"embeddable":true,"href":"https:\/\/paroisses-nancy-sud.fr\/HOME\/wp-json\/wp\/v2\/media\/2464"}],"wp:attachment":[{"href":"https:\/\/paroisses-nancy-sud.fr\/HOME\/wp-json\/wp\/v2\/media?parent=4896"}],"wp:term":[{"taxonomy":"category","embeddable":true,"href":"https:\/\/paroisses-nancy-sud.fr\/HOME\/wp-json\/wp\/v2\/categories?post=4896"},{"taxonomy":"post_tag","embeddable":true,"href":"https:\/\/paroisses-nancy-sud.fr\/HOME\/wp-json\/wp\/v2\/tags?post=4896"}],"curies":[{"name":"wp","href":"https:\/\/api.w.org\/{rel}","templated":true}]}}