{"id":4940,"date":"2025-10-12T10:30:00","date_gmt":"2025-10-12T08:30:00","guid":{"rendered":"https:\/\/paroisses-nancy-sud.fr\/HOME\/?p=4940"},"modified":"2025-10-12T09:11:45","modified_gmt":"2025-10-12T07:11:45","slug":"seigneur-augmente-en-nous-la-foi-lc-17-5","status":"publish","type":"post","link":"https:\/\/paroisses-nancy-sud.fr\/HOME\/seigneur-augmente-en-nous-la-foi-lc-17-5\/","title":{"rendered":"\u00ab\u00a0Seigneur, augmente en nous la foi\u00a0\u00bb (LC, 17-5)"},"content":{"rendered":"\n<p><span style=\"color: #000000;\">L\u2019Evangile d\u2019aujourd\u2019hui nous parle de la Foi, et nous donne l\u2019exemple de quelqu\u2019un, un l\u00e9preux, qui a la Foi en J\u00e9sus. C\u2019est J\u00e9sus qui le lui dit\u00a0: \u00ab\u00a0rel\u00e8ve toi et va\u00a0: ta foi t\u2019a sauv\u00e9.\u00a0\u00bb<\/span><\/p>\n<p><span style=\"color: #000000;\">Dix l\u00e9preux, qui sans doute connaissaient la r\u00e9putation de J\u00e9sus, et son pouvoir de gu\u00e9rir, viennent \u00e0 la rencontre de J\u00e9sus, et lui demandent de prendre piti\u00e9 d\u2019eux. Ils ne demandent pas explicitement \u00e0 J\u00e9sus de les gu\u00e9rir, mais c\u2019est sous-entendu.<\/span><\/p>\n<p><span style=\"color: #000000;\">En guise de r\u00e9ponse, J\u00e9sus leur donne un ordre\u00a0: \u00ab\u00a0allez vous montrer aux pr\u00eatres.\u00a0\u00bb Cet ordre annonce une gu\u00e9rison, car selon la loi de Mo\u00efse, c\u2019est un pr\u00eatre qui doit constater la gu\u00e9rison d\u2019un l\u00e9preux.<\/span><\/p>\n<p><span style=\"color: #000000;\">Les l\u00e9preux pouvaient esp\u00e9rer une gu\u00e9rison imm\u00e9diate. Ils auraient pu la demander apr\u00e8s la r\u00e9ponse de J\u00e9sus, ils auraient m\u00eame pu discuter, presque marchander, comme nous savons si bien le faire. Car c\u2019est comme si\u00a0 J\u00e9sus leur avait dit\u00a0: \u00ab\u00a0attendez, et vous verrez.\u00a0\u00bb Attendre\u00a0! Pourquoi attendre, alors qu\u2019il peut les gu\u00e9rir tout de suite\u00a0?<\/span><\/p>\n<p><span style=\"color: #000000;\">Imaginez. Vous avez 40\u00b0 de fi\u00e8vre, vous allez voir un m\u00e9decin qui vous dit\u00a0: \u00ab\u00a0rentrez chez vous et prenez votre temp\u00e9rature.\u00a0\u00bb C\u2019est tout. Pas un m\u00e9dicament, rien. Il faut avoir une tr\u00e8s grande confiance en ce m\u00e9decin pour rentrer chez soi sans discuter\u00a0!<\/span><\/p>\n<p><span style=\"color: #000000;\">Eh bien\u00a0! Les dix l\u00e9preux ob\u00e9issent \u00e0 l\u2019ordre donn\u00e9, sans discuter, mettant en quelque sorte en pratique le \u00ab\u00a0faites tout ce qu\u2019il vous dira\u00a0\u00bb de la Vierge Marie \u00e0 Cana. Ils font toute confiance \u00e0 J\u00e9sus. C\u2019est un premier \u00e9l\u00e9ment de la Foi.<\/span><\/p>\n<p><span style=\"color: #000000;\">Mais la Foi, c\u2019est aussi et surtout tout ce que fait ensuite le l\u00e9preux, le seul, qui revient voir J\u00e9sus. 4 choses\u00a0:<\/span><\/p>\n<ol>\n<li><span style=\"color: #000000;\">D\u2019abord, il fait demi-tour\u00a0: revenir voir J\u00e9sus est plus important, plus urgent pour lui que de respecter la loi et que de se montrer aux pr\u00eatres.<\/span><\/li>\n<li><span style=\"color: #000000;\">Ensuite, il glorifie Dieu \u00e0 pleine voix\u00a0: il t\u00e9moigne. J\u2019imagine qu\u2019on a d\u00fb l\u2019entendre chanter sur son chemin de retour\u00a0!<\/span><\/li>\n<li><span style=\"color: #000000;\">Puis il adore J\u00e9sus en silence\u00a0: il se jette la face contre terre aux pieds de J\u00e9sus.<\/span><\/li>\n<li><span style=\"color: #000000;\">Enfin, il exprime sa reconnaissance\u00a0: il rend gr\u00e2ce \u00e0 J\u00e9sus.<\/span><\/li>\n<\/ol>\n<p><span style=\"color: #000000;\">Avoir la Foi nous am\u00e8ne \u00e0 diff\u00e9rentes\u00a0conclusions et actions : c\u2019est ne pas oublier que tout me vient de Dieu, c\u2019est revenir \u00e0 Lui en toutes circonstances. C\u2019est t\u00e9moigner. C\u2019est adorer. C\u2019est rendre gr\u00e2ce.<\/span><br \/><span style=\"color: #000000;\">Ce que nous avons entendu d\u2019ailleurs dans l\u2019acclamation juste avant l\u2019Evangile\u00a0:<\/span><br \/><span style=\"color: #000000;\">\u00ab\u00a0Rendez gr\u00e2ce \u00e0 Dieu en toute circonstance\u00a0: c\u2019est la volont\u00e9 de Dieu \u00e0 votre \u00e9gard dans le Christ J\u00e9sus.\u00a0\u00bb<\/span><\/p>\n<p><span style=\"color: #000000;\">Rendre gr\u00e2ce en toute circonstance&#8230; Vous me direz que ce n\u2019est pas toujours facile. Quand nous sommes dans le deuil, la maladie, la souffrance, qui a envie de rendre gr\u00e2ce\u00a0? C\u2019est l\u00e0 que la\u00a0Foi nous aide \u00e0 croire que dans le deuil, la maladie, la souffrance, le Christ nous accompagne de fa\u00e7on invisible. Car lui-m\u00eame, il a commis les pires souffrances, le pire de notre condition humaine\u00a0: \u00eatre accus\u00e9 injustement, condamn\u00e9 injustement, humili\u00e9, flagell\u00e9, crucifi\u00e9. Il sait ce que nous vivons. Et il a dit\u00a0: \u00ab\u00a0Je suis avec vous tous les jours jusqu\u2019\u00e0 la fin du monde.\u00a0\u00bb (Mt 28, 20)<\/span><\/p>\n<p><span style=\"color: #000000;\">Souvent, c\u2019est vrai, Dieu nous semble absent et nous ne pouvons pas rendre gr\u00e2ce. Et souvent, nous avons besoin de temps pour comprendre, accepter. Et souvent, nous ne voyons pas Dieu avec nous, mais des mois, des ann\u00e9es plus tard, nous comprenons la pr\u00e9sence de Dieu dans notre pass\u00e9\u00a0: on ne voit souvent Dieu que dans le r\u00e9troviseur.<\/span><\/p>\n<p><span style=\"color: #000000;\">Au cours de cette Eucharistie (mot qui veut dire \u00ab\u00a0rendre gr\u00e2ce\u00a0\u00bb), \u00a0nous pouvons prier le Seigneur, comme les disciples de J\u00e9sus le faisaient (Evangile de dimanche dernier) : \u00ab Seigneur, augmente en nous la Foi ! \u00bb (Lc 17, 5)<\/span><\/p>\n<p style=\"text-align: right;\"><span style=\"color: #000000;\"><em>Antoine M\u00e9riaux, diacre paroisse Sainte-Jeanne-de-Chantal<\/em><\/span><\/p>\n","protected":false},"excerpt":{"rendered":"<p>L\u2019Evangile d\u2019aujourd\u2019hui nous parle de la Foi, et nous donne l\u2019exemple de quelqu\u2019un, un l\u00e9preux, qui a la Foi en J\u00e9sus. C\u2019est J\u00e9sus qui le lui dit\u00a0: \u00ab\u00a0rel\u00e8ve toi et va\u00a0: ta foi t\u2019a sauv\u00e9.\u00a0\u00bb Dix l\u00e9preux, qui sans doute connaissaient la r\u00e9putation de J\u00e9sus, et son pouvoir de gu\u00e9rir, viennent \u00e0 la rencontre de&hellip; <br \/> <a class=\"read-more\" href=\"https:\/\/paroisses-nancy-sud.fr\/HOME\/seigneur-augmente-en-nous-la-foi-lc-17-5\/\">Lire la suite<\/a><\/p>\n","protected":false},"author":5,"featured_media":290,"comment_status":"closed","ping_status":"open","sticky":false,"template":"","format":"standard","meta":[],"categories":[9],"tags":[],"acf":[],"_links":{"self":[{"href":"https:\/\/paroisses-nancy-sud.fr\/HOME\/wp-json\/wp\/v2\/posts\/4940"}],"collection":[{"href":"https:\/\/paroisses-nancy-sud.fr\/HOME\/wp-json\/wp\/v2\/posts"}],"about":[{"href":"https:\/\/paroisses-nancy-sud.fr\/HOME\/wp-json\/wp\/v2\/types\/post"}],"author":[{"embeddable":true,"href":"https:\/\/paroisses-nancy-sud.fr\/HOME\/wp-json\/wp\/v2\/users\/5"}],"replies":[{"embeddable":true,"href":"https:\/\/paroisses-nancy-sud.fr\/HOME\/wp-json\/wp\/v2\/comments?post=4940"}],"version-history":[{"count":1,"href":"https:\/\/paroisses-nancy-sud.fr\/HOME\/wp-json\/wp\/v2\/posts\/4940\/revisions"}],"predecessor-version":[{"id":4941,"href":"https:\/\/paroisses-nancy-sud.fr\/HOME\/wp-json\/wp\/v2\/posts\/4940\/revisions\/4941"}],"wp:featuredmedia":[{"embeddable":true,"href":"https:\/\/paroisses-nancy-sud.fr\/HOME\/wp-json\/wp\/v2\/media\/290"}],"wp:attachment":[{"href":"https:\/\/paroisses-nancy-sud.fr\/HOME\/wp-json\/wp\/v2\/media?parent=4940"}],"wp:term":[{"taxonomy":"category","embeddable":true,"href":"https:\/\/paroisses-nancy-sud.fr\/HOME\/wp-json\/wp\/v2\/categories?post=4940"},{"taxonomy":"post_tag","embeddable":true,"href":"https:\/\/paroisses-nancy-sud.fr\/HOME\/wp-json\/wp\/v2\/tags?post=4940"}],"curies":[{"name":"wp","href":"https:\/\/api.w.org\/{rel}","templated":true}]}}