{"id":4945,"date":"2025-10-14T21:00:07","date_gmt":"2025-10-14T19:00:07","guid":{"rendered":"https:\/\/paroisses-nancy-sud.fr\/HOME\/?p=4945"},"modified":"2025-10-14T21:00:21","modified_gmt":"2025-10-14T19:00:21","slug":"semaine-missionnaire-mondiale-2025","status":"publish","type":"post","link":"https:\/\/paroisses-nancy-sud.fr\/HOME\/semaine-missionnaire-mondiale-2025\/","title":{"rendered":"Semaine Missionnaire Mondiale 2025"},"content":{"rendered":"\n<p><span style=\"color: #000000;\"><strong>Semaine Missionnaire Mondiale 2025<\/strong><\/span><\/p>\n<p><span style=\"color: #000000;\">Le mois d\u2019octobre est consacr\u00e9\u00a0<a style=\"color: #000000;\" href=\"https:\/\/eglise.catholique.fr\/approfondir-sa-foi\/vivre-sa-foi-a-tous-les-ages\/vivre-en-chretien\/371720-quest-ce-que-la-mission\/\">aux Missions<\/a>. Du 12 au 19 octobre 2025, la Semaine Missionnaire Mondiale appelle les catholiques \u00e0 la pri\u00e8re et au partage, pour soutenir la vie et la mission des \u00c9glises locales du monde. La qu\u00eate du dimanche de la Mission (le weekend prochain) est le point culminant de la Semaine Missionnaire Mondiale. Elle a \u00e9t\u00e9 instaur\u00e9e par le pape Pie XI en 1926. Elle est d\u00e9volue aux \u0152uvres Pontificales Missionnaires (OPM).<\/span><\/p>\n<p><span style=\"color: #000000;\"><strong>La pri\u00e8re pour la Semaine missionnaire 2025<\/strong><\/span><\/p>\n<p style=\"text-align: center;\"><span style=\"color: #000000;\"><strong>\u00d4 Christ, notre\u00a0<\/strong><a style=\"color: #000000;\" href=\"https:\/\/eglise.catholique.fr\/glossaire\/esperance\/\"><strong>Esp\u00e9rance<\/strong><\/a><strong>,<br \/>en cette ann\u00e9e de gr\u00e2ce jubilaire pour toute l\u2019\u00c9glise,<\/strong><\/span><\/p>\n<p style=\"text-align: center;\"><span style=\"color: #000000;\"><strong>Tu nous appelles inlassablement \u00e0 nous mettre en chemin sur tes pas.<br \/>Rends-nous disponibles pour r\u00e9pondre \u00e0 ton appel en tout lieu et toute circonstance.<\/strong><\/span><\/p>\n<p style=\"text-align: center;\"><span style=\"color: #000000;\"><strong>\u00d4 Christ, Consolateur,<\/strong><\/span><\/p>\n<p style=\"text-align: center;\"><span style=\"color: #000000;\"><strong>Toi qui veilles sans cesse sur notre humanit\u00e9 et ne souhaites oublier personne,<br \/>donne-nous un esprit de service et de compassion.<\/strong><\/span><\/p>\n<p style=\"text-align: center;\"><span style=\"color: #000000;\"><strong>Que l\u2019amour d\u00e9bordant de ton c\u0153ur nous rende proches et attentionn\u00e9s pour nos fr\u00e8res et s\u0153urs, en particulier les personnes isol\u00e9es, bless\u00e9es, fragilis\u00e9es, les minorit\u00e9s ethniques et nos fr\u00e8res chr\u00e9tiens pers\u00e9cut\u00e9s dans de nombreux pays.<\/strong><\/span><\/p>\n<p style=\"text-align: center;\"><span style=\"color: #000000;\"><strong>\u00d4 Christ, Source d\u2019eau vive,<br \/>fais de nous des hommes et des femmes de pri\u00e8re qui gardent allum\u00e9e l\u2019\u00e9tincelle de l\u2019<\/strong><a style=\"color: #000000;\" href=\"https:\/\/eglise.catholique.fr\/glossaire\/esperance\/\"><strong>esp\u00e9rance<\/strong><\/a><strong>.<br \/>Donne-nous en particulier d\u2019accueillir et d\u2019accompagner les cat\u00e9chum\u00e8nes dont la foi br\u00fblante est une b\u00e9n\u00e9diction pour ton \u00c9glise.<\/strong><\/span><\/p>\n<p style=\"text-align: center;\"><span style=\"color: #000000;\"><strong>\u00d4 Christ, Fils bien-aim\u00e9 du P\u00e8re,<br \/>que nos communaut\u00e9s chr\u00e9tiennes puisent dans la gr\u00e2ce du\u00a0<\/strong><a style=\"color: #000000;\" href=\"https:\/\/eglise.catholique.fr\/glossaire\/mystere\/\"><strong>Myst\u00e8re<\/strong><\/a><strong>\u00a0Pascal et de tes Sacrements la force de l\u2019<\/strong><a style=\"color: #000000;\" href=\"https:\/\/eglise.catholique.fr\/glossaire\/esprit-saint\/\"><strong>Esprit Saint<\/strong><\/a><strong>\u00a0pour devenir \u00e0 ta suite missionnaires de l\u2019<\/strong><a style=\"color: #000000;\" href=\"https:\/\/eglise.catholique.fr\/glossaire\/esperance\/\"><strong>esp\u00e9rance<\/strong><\/a><strong>\u00a0parmi les peuples.<\/strong><\/span><\/p>\n<p style=\"text-align: center;\"><span style=\"color: #000000;\"><em><strong>Amen<\/strong><\/em><\/span><\/p>\n","protected":false},"excerpt":{"rendered":"<p>Semaine Missionnaire Mondiale 2025 Le mois d\u2019octobre est consacr\u00e9\u00a0aux Missions. Du 12 au 19 octobre 2025, la Semaine Missionnaire Mondiale appelle les catholiques \u00e0 la pri\u00e8re et au partage, pour soutenir la vie et la mission des \u00c9glises locales du monde. La qu\u00eate du dimanche de la Mission (le weekend prochain) est le point culminant&hellip; <br \/> <a class=\"read-more\" href=\"https:\/\/paroisses-nancy-sud.fr\/HOME\/semaine-missionnaire-mondiale-2025\/\">Lire la suite<\/a><\/p>\n","protected":false},"author":5,"featured_media":529,"comment_status":"closed","ping_status":"open","sticky":false,"template":"","format":"standard","meta":[],"categories":[6],"tags":[],"acf":[],"_links":{"self":[{"href":"https:\/\/paroisses-nancy-sud.fr\/HOME\/wp-json\/wp\/v2\/posts\/4945"}],"collection":[{"href":"https:\/\/paroisses-nancy-sud.fr\/HOME\/wp-json\/wp\/v2\/posts"}],"about":[{"href":"https:\/\/paroisses-nancy-sud.fr\/HOME\/wp-json\/wp\/v2\/types\/post"}],"author":[{"embeddable":true,"href":"https:\/\/paroisses-nancy-sud.fr\/HOME\/wp-json\/wp\/v2\/users\/5"}],"replies":[{"embeddable":true,"href":"https:\/\/paroisses-nancy-sud.fr\/HOME\/wp-json\/wp\/v2\/comments?post=4945"}],"version-history":[{"count":2,"href":"https:\/\/paroisses-nancy-sud.fr\/HOME\/wp-json\/wp\/v2\/posts\/4945\/revisions"}],"predecessor-version":[{"id":4947,"href":"https:\/\/paroisses-nancy-sud.fr\/HOME\/wp-json\/wp\/v2\/posts\/4945\/revisions\/4947"}],"wp:featuredmedia":[{"embeddable":true,"href":"https:\/\/paroisses-nancy-sud.fr\/HOME\/wp-json\/wp\/v2\/media\/529"}],"wp:attachment":[{"href":"https:\/\/paroisses-nancy-sud.fr\/HOME\/wp-json\/wp\/v2\/media?parent=4945"}],"wp:term":[{"taxonomy":"category","embeddable":true,"href":"https:\/\/paroisses-nancy-sud.fr\/HOME\/wp-json\/wp\/v2\/categories?post=4945"},{"taxonomy":"post_tag","embeddable":true,"href":"https:\/\/paroisses-nancy-sud.fr\/HOME\/wp-json\/wp\/v2\/tags?post=4945"}],"curies":[{"name":"wp","href":"https:\/\/api.w.org\/{rel}","templated":true}]}}