{"id":4952,"date":"2025-10-17T18:28:35","date_gmt":"2025-10-17T16:28:35","guid":{"rendered":"https:\/\/paroisses-nancy-sud.fr\/HOME\/?p=4952"},"modified":"2025-10-17T18:29:55","modified_gmt":"2025-10-17T16:29:55","slug":"annonces-de-saint-francois-de-sales-et-sainte-jeanne-de-chantal-du-19-octobre","status":"publish","type":"post","link":"https:\/\/paroisses-nancy-sud.fr\/HOME\/annonces-de-saint-francois-de-sales-et-sainte-jeanne-de-chantal-du-19-octobre\/","title":{"rendered":"Annonces de Saint-Fran\u00e7ois-de-Sales et Sainte-Jeanne-de-Chantal du 19 octobre"},"content":{"rendered":"\n<p><span style=\"color: #000000;\"><strong>Bapt\u00eames :<br \/><\/strong><strong>Dimanche 19 octobre, <\/strong>\u00e0 la Chapelle du lyc\u00e9e de La Malgrange,<strong> bapt\u00eame de <\/strong>Ana\u00efs et \u00e0 Sion, <strong>bapt\u00eame<\/strong> de Blanche.<\/span><br \/><span style=\"color: #000000;\"><strong>Dimanche 26 octobre \u00e0 Flavigny, bapt\u00eame <\/strong>de Matthieu.<\/span><br \/><span style=\"color: #000000;\">Nous prions pour ces enfants et leurs familles.<\/span><\/p>\n<p><span style=\"color: #000000;\"><strong>Mois d\u2019octobre, mois du Rosaire :<br \/><\/strong>Les \u00c9quipes du Rosaire\u00a0de Jarville\u00a0et Fl\u00e9ville\u00a0proposent de r\u00e9citer\u00a0et m\u00e9diter le chapelet.\u00a0Rendez-vous le <strong>lundi 20 octobre \u00e0<\/strong> <strong>17h30 dans l\u2019\u00e9glise de Jarville.<\/strong><\/span><\/p>\n<p><span style=\"color: #000000;\"><strong>Rencontre des jeunes de notre secteur (groupe AJC) :<br \/><\/strong><strong>Du lundi 27 au vendredi 31 octobre : rencontres des vacances de Toussaint \u00e0 Taiz\u00e9 <\/strong>pour les lyc\u00e9ens et les jeunes adultes. Nous leur souhaitons une belle d\u00e9couverte\u00a0de Taiz\u00e9 et des jeunes<\/span><\/p>\n<p><span style=\"color: #000000;\"><strong>Horaires des messes dominicales du 25 et 26 octobre 2025 :<br \/><\/strong><strong>Samedi 25 octobre\u00a0: 18h <\/strong>\u00e0 Laneuveville Richardm\u00e9nil, Parey-Saint-C\u00e9saire\u00a0 \u00a0 \u00a0<br \/><strong>Dimanche 26 octobre\u00a0: 9h30<\/strong> Flavigny, Fl\u00e9ville<br \/><strong>\u00a0 \u00a0 \u00a0 \u00a0 \u00a0 \u00a0 \u00a0 \u00a0 \u00a0 \u00a0 \u00a0 \u00a0 \u00a0 \u00a0 \u00a0 \u00a0 \u00a0 \u00a0 \u00a0 11h <\/strong>\u00e0 Jarville, Neuves-Maisons<\/span><\/p>\n<p><span style=\"color: #000000;\"><strong>Au sujet de la Toussaint et du jour des d\u00e9funts :<br \/><\/strong><strong>\u00a0&#8211; La <\/strong><a style=\"color: #000000;\" href=\"https:\/\/eglise.catholique.fr\/glossaire\/toussaint\/\"><strong>Toussaint <\/strong><\/a><strong>est la f\u00eate de tous les saints.<\/strong> Chaque 1<sup>er<\/sup> novembre, l\u2019\u00c9glise honore ainsi la foule innombrable de ceux et celles qui ont \u00e9t\u00e9 de vivants et lumineux t\u00e9moins du Christ, connus ou inconnus<strong>. <\/strong>Cette ann\u00e9e <strong>la Toussaint<\/strong> tombe un samedi : nous c\u00e9l\u00e9brerons donc uniquement la f\u00eate de la Toussaint dans nos paroisses (pas de messes anticip\u00e9es du dimanche)<br \/>\u00a0&#8211; La f\u00eate de la <a style=\"color: #000000;\" href=\"https:\/\/eglise.catholique.fr\/glossaire\/toussaint\/\">Toussaint <\/a>est ins\u00e9parable <strong>du jour de pri\u00e8re pour les\u00a0d\u00e9funts<\/strong>, que l\u2019\u00c9glise comm\u00e9more le 2 novembre. La premi\u00e8re c\u00e9l\u00e9bration s\u2019est v\u00e9cue dans la joie ;\u00a0la seconde est plus en lien avec les souvenirs envers ceux que nous avons aim\u00e9s. <strong>Le dimanche 2 novembre<\/strong>, \u00e0 la messe seront \u00e9voqu\u00e9s les d\u00e9funts de nos paroisses de cette ann\u00e9e (du 1<sup>er<\/sup> novembre 2024 au 31 octobre 2025)<\/span><\/p>\n<p><span style=\"color: #000000;\"><strong>Horaires des messes de la Toussaint et du jour des d\u00e9funts :<br \/><\/strong><strong>Samedi 1<sup>er<\/sup> novembre\u00a0: 9h30 <\/strong>Fl\u00e9ville, Viterne<br \/><strong>\u00a0 \u00a0 \u00a0 \u00a0 \u00a0 \u00a0 \u00a0 \u00a0 \u00a0 \u00a0 \u00a0 \u00a0 \u00a0 \u00a0 \u00a0 \u00a0 \u00a0 \u00a0 \u00a0 11 h <\/strong>\u00e0 Flavigny, Laneuveville, Neuves-Maisons<br \/><strong>Dimanche 2 novembre\u00a0: 9h30 <\/strong>Xeuilley<strong>\u00a0 \u00a0 \u00a0<br \/><\/strong><strong>\u00a0 \u00a0 \u00a0 \u00a0 \u00a0 \u00a0 \u00a0 \u00a0 \u00a0 \u00a0 \u00a0 \u00a0 \u00a0 \u00a0 \u00a0 \u00a0 \u00a0 \u00a0 \u00a0 \u00a0 11h <\/strong>\u00e0 Jarville, Ludres, Neuves-Maisons<\/span><\/p>\n<p><span style=\"color: #000000;\"><strong>Calendriers 2025 :<br \/><\/strong><strong>Les calendriers 2025 sont arriv\u00e9s\u00a0! <\/strong>S\u2019adresser \u00e0 Odile Bonmati ou Annette Bordenet pour Saint-Fran\u00e7ois-de-Sales et \u00e0 Marie-Th\u00e9r\u00e8se St\u00e9venin pour Sainte-Jeanne-de-Chantal. 5 \u20ac le calendrier.<\/span><\/p>\n<p><span style=\"color: #000000;\"><strong>Autres Annonces :<\/strong><\/span><\/p>\n<p><span style=\"color: #000000;\"><strong>Semaine missionnaire mondiale 2025<br \/><\/strong><strong style=\"font-size: revert;\">Ce dimanche 19 octobre, <\/strong><span style=\"font-size: revert;\">fin de la semaine missionnaire mondiale<\/span><strong style=\"font-size: revert;\"> \u2018\u2019Missionnaires de l\u2019esp\u00e9rance parmi les peuples \u2019\u2019 <\/strong><span style=\"font-size: revert;\">est aussi le jour de la qu\u00eate mondiale pour les Missions.<br \/><\/span>Elle rappelle \u00e0 chaque chr\u00e9tien et \u00e0 l\u2019\u00c9glise, communaut\u00e9 des baptis\u00e9s, <strong style=\"font-size: revert;\">la vocation fondamentale d\u2019\u00eatre, \u00e0 la suite du Christ, des messagers et des b\u00e2tisseurs d\u2019esp\u00e9rance.<br \/><\/strong>Merci de votre g\u00e9n\u00e9rosit\u00e9.<\/span><\/p>\n<p><span style=\"color: #000000;\"><strong>\u00a0<\/strong><strong>P\u00e8lerinage jubilaire :<br \/><\/strong><strong>Du lundi 6 octobre au vendredi 10 octobre 2025, 94 \u00ab\u00a0p\u00e8lerins de l\u2019esp\u00e9rance\u00a0\u00bb<sup>1<\/sup>\u00a0de notre dioc\u00e8se<\/strong> <strong>de Nancy et Toul ont pris le chemin de Rome<\/strong> pour vivre le p\u00e8lerinage provincial<sup>2<\/sup>\u00a0organis\u00e9 \u00e0 l\u2019occasion du\u00a0<a style=\"color: #000000;\" href=\"https:\/\/www.catholique-nancy.fr\/grands-dossiers\/jubile-de-lesperance\/\">Jubil\u00e9 2025<\/a>. <em>Notre \u00e9v\u00eaque, cinq pr\u00eatres, un diacre, une dizaine de religieux et des la\u00efcs et plus de 550 p\u00e8lerins originaires des six dioc\u00e8ses de la province eccl\u00e9siastique de Besan\u00e7on (les dioc\u00e8ses de Belfort-Montb\u00e9liard, Besan\u00e7on, Nancy et Toul, Saint-Claude, Saint-Di\u00e9, Verdun) et des deux dioc\u00e8ses concordataires de Metz et de Strasbourg participaient \u00e0 ce p\u00e8lerinage. <\/em>Chacun a port\u00e9 dans la Ville \u00e9ternelle des intentions de pri\u00e8re particuli\u00e8res (les vocations de pr\u00eatres, les jeunes, les cat\u00e9chum\u00e8nes, les personnes visit\u00e9es \u00e0 domicile ou en Ehpad, etc.).<\/span><\/p>\n<p><span style=\"color: #000000;\"><em>\u00a0<\/em><strong>Exhortation apostolique du pape L\u00e9on XIV<\/strong><\/span><\/p>\n<p><span style=\"color: #000000;\">Le pape L\u00e9on XIV a sign\u00e9 sa premi\u00e8re\u00a0<a style=\"color: #000000;\" href=\"https:\/\/eglise.catholique.fr\/glossaire\/exhortation-apostolique\/\">exhortation apostolique<\/a>, intitul\u00e9e\u00a0<strong><em>Dilexi te<\/em><\/strong>\u00a0<strong>(\u00ab Je t\u2019ai aim\u00e9\u00a0\u00bb)<\/strong>, le samedi 4 octobre 2025, jour de la\u00a0<a style=\"color: #000000;\" href=\"https:\/\/eglise.catholique.fr\/approfondir-sa-foi\/temoigner\/figures-de-saintete\/371168-saint-francois-dassise-1182-1226\/\">f\u00eate de saint Fran\u00e7ois d\u2019Assise<\/a>. Ce document, premier texte magist\u00e9riel de son pontificat, <strong>porte sur l\u2019amour envers les pauvres<\/strong> et s\u2019inscrit dans la continuit\u00e9 de la r\u00e9flexion de son pr\u00e9d\u00e9cesseur, le pape Fran\u00e7ois. Portant sur le th\u00e8me de l\u2019amour des pauvres, ce premier texte du pontificat de L\u00e9on XIV s\u2019inscrit dans la continuit\u00e9 \u00e9vang\u00e9lique ch\u00e8re \u00e0 saint Fran\u00e7ois d\u2019Assise : celle d\u2019une \u00c9glise simple, fraternelle et proche des derniers. <em>Voir le texte sur internet ou acheter le livret \u00e0 la Librairie de l\u2019Asn\u00e9e.<br \/><\/em>Le titre de ce document rappelle\u00a0<a style=\"color: #000000;\" href=\"https:\/\/eglise.catholique.fr\/vatican\/encycliques\/556859-lettre-encyclique-dilexit-nos-du-pape-francois-sur-lamour-humain-et-divin-du-coeur-de-jesus-christ\/\"><strong><em>Dilexit nos (\u00ab Il nous a aim\u00e9s\u00a0\u00bb)<\/em><\/strong>, la quatri\u00e8me et derni\u00e8re encyclique du pape Fran\u00e7ois<\/a>, publi\u00e9e le 24 octobre 2024 et consacr\u00e9e \u00e0 <strong>\u00ab l\u2019amour humain et divin du C\u0153ur de J\u00e9sus-Christ \u00bb<\/strong>.<\/span><\/p>\n<p><span style=\"color: #000000;\"><strong>Temps de pri\u00e8re pour les pr\u00eatres d\u00e9funts :<br \/><\/strong>\u00c0 l\u2019occasion du jour des d\u00e9funts, prenez le temps de prier pour ceux qui ont donn\u00e9 leur vie pour l\u2019annonce de l\u2019\u00c9vangile. Rejoignez le temps de pri\u00e8re pour les pr\u00eatres d\u00e9funts de notre dioc\u00e8se qui aura lieu le <strong>dimanche 2 novembre, \u00e0 15h, au carr\u00e9 des pr\u00eatres du cimeti\u00e8re sud de Nancy (section 11)<\/strong><\/span><\/p>\n<p><span style=\"color: #000000;\"><strong>Temps de pri\u00e8re pour les parents endeuill\u00e9s :<br \/><\/strong>Un temps de pri\u00e8re est propos\u00e9 \u00e0 tous les parents ayant perdu un enfant, n\u00e9 ou \u00e0 na\u00eetre, et \u00e0 leurs familles, <strong>le samedi 22 novembre, de 10h \u00e0 11h, \u00e0 l&rsquo;\u00e9glise Saint-S\u00e9bastien de Nancy<\/strong>. Il se veut chemin de consolation et signe de l\u2019esp\u00e9rance.<\/span><\/p>\n<p><span style=\"color: #000000;\"><strong>Trois jours pour devenir missionnaire :<br \/><\/strong><span style=\"font-size: 14.0pt; font-family: 'Calibri',sans-serif;\">Participez aux ateliers, conf\u00e9rences ou encore c\u00e9l\u00e9brations du Congr\u00e8s Mission \u00e0 Paris, <b>du vendredi 7 au dimanche 9 novembre<\/b>. Et revenez dynamis\u00e9 et outill\u00e9 pour l\u2019annonce de la foi l\u00e0 o\u00f9 vous \u00eates.<\/span><\/span><\/p>\n<p style=\"margin: 0cm 0cm 0cm -18.75pt; text-align: left;\" align=\"center\"><span style=\"color: #000000;\"><b><i><span style=\"font-size: 15.0pt; font-family: 'Calibri',sans-serif;\">\u00a0 \u00a0 \u00a0Glorius<\/span><\/i><\/b><b><span style=\"font-size: 15.0pt; font-family: 'Calibri',sans-serif;\"> en concert \u00e0 Nancy :<br \/><\/span><\/b><span style=\"font-size: 14.0pt; font-family: 'Calibri',sans-serif;\">\u00a0 \u00a0 \u00a0 Vous voulez vivre un moment fort de louange et de pri\u00e8re ? C\u2019est le moment de r\u00e9server vos places pour le concert de Glorious <b>le dimanche 7 d\u00e9cembre, \u00e0 18h, au Z\u00e9nith de Nancy.<\/b><\/span><\/span><\/p>\n<p><span style=\"color: #000000;\"><strong>\u00a0<\/strong><\/span><\/p>\n","protected":false},"excerpt":{"rendered":"<p>Bapt\u00eames :Dimanche 19 octobre, \u00e0 la Chapelle du lyc\u00e9e de La Malgrange, bapt\u00eame de Ana\u00efs et \u00e0 Sion, bapt\u00eame de Blanche.Dimanche 26 octobre \u00e0 Flavigny, bapt\u00eame de Matthieu.Nous prions pour ces enfants et leurs familles. Mois d\u2019octobre, mois du Rosaire :Les \u00c9quipes du Rosaire\u00a0de Jarville\u00a0et Fl\u00e9ville\u00a0proposent de r\u00e9citer\u00a0et m\u00e9diter le chapelet.\u00a0Rendez-vous le lundi 20 octobre&hellip; <br \/> <a class=\"read-more\" href=\"https:\/\/paroisses-nancy-sud.fr\/HOME\/annonces-de-saint-francois-de-sales-et-sainte-jeanne-de-chantal-du-19-octobre\/\">Lire la suite<\/a><\/p>\n","protected":false},"author":5,"featured_media":2464,"comment_status":"closed","ping_status":"open","sticky":false,"template":"","format":"standard","meta":[],"categories":[7],"tags":[],"acf":[],"_links":{"self":[{"href":"https:\/\/paroisses-nancy-sud.fr\/HOME\/wp-json\/wp\/v2\/posts\/4952"}],"collection":[{"href":"https:\/\/paroisses-nancy-sud.fr\/HOME\/wp-json\/wp\/v2\/posts"}],"about":[{"href":"https:\/\/paroisses-nancy-sud.fr\/HOME\/wp-json\/wp\/v2\/types\/post"}],"author":[{"embeddable":true,"href":"https:\/\/paroisses-nancy-sud.fr\/HOME\/wp-json\/wp\/v2\/users\/5"}],"replies":[{"embeddable":true,"href":"https:\/\/paroisses-nancy-sud.fr\/HOME\/wp-json\/wp\/v2\/comments?post=4952"}],"version-history":[{"count":2,"href":"https:\/\/paroisses-nancy-sud.fr\/HOME\/wp-json\/wp\/v2\/posts\/4952\/revisions"}],"predecessor-version":[{"id":4954,"href":"https:\/\/paroisses-nancy-sud.fr\/HOME\/wp-json\/wp\/v2\/posts\/4952\/revisions\/4954"}],"wp:featuredmedia":[{"embeddable":true,"href":"https:\/\/paroisses-nancy-sud.fr\/HOME\/wp-json\/wp\/v2\/media\/2464"}],"wp:attachment":[{"href":"https:\/\/paroisses-nancy-sud.fr\/HOME\/wp-json\/wp\/v2\/media?parent=4952"}],"wp:term":[{"taxonomy":"category","embeddable":true,"href":"https:\/\/paroisses-nancy-sud.fr\/HOME\/wp-json\/wp\/v2\/categories?post=4952"},{"taxonomy":"post_tag","embeddable":true,"href":"https:\/\/paroisses-nancy-sud.fr\/HOME\/wp-json\/wp\/v2\/tags?post=4952"}],"curies":[{"name":"wp","href":"https:\/\/api.w.org\/{rel}","templated":true}]}}