{"id":4955,"date":"2025-10-17T18:33:38","date_gmt":"2025-10-17T16:33:38","guid":{"rendered":"https:\/\/paroisses-nancy-sud.fr\/HOME\/?p=4955"},"modified":"2025-10-17T18:34:24","modified_gmt":"2025-10-17T16:34:24","slug":"le-fils-de-lhomme-quand-il-viendra-trouvera-t-il-la-foi-sur-la-terre-2","status":"publish","type":"post","link":"https:\/\/paroisses-nancy-sud.fr\/HOME\/le-fils-de-lhomme-quand-il-viendra-trouvera-t-il-la-foi-sur-la-terre-2\/","title":{"rendered":"Le Fils de l&rsquo;homme quand il viendra trouvera-t-il la foi sur la Terre ?"},"content":{"rendered":"\n<p><span style=\"color: #000000;\"><strong>Le Fils de l\u2019homme quand il viendra,\u00a0<\/strong><strong>trouvera-t-il la foi sur la Terre ?<\/strong><\/span><\/p>\n<p><span style=\"color: #000000;\">L\u2019Evangile d\u2019aujourd\u2019hui nous interroge\u2026 Comment entendre cette phrase de Luc sans un serrement de c\u0153ur\u00a0?\u00a0 On ne s\u2019habitue pas \u00e0 cette anxieuse question de la Parole, qui nous interpelle toujours.\u00a0 La foi, notre foi en J\u00e9sus Christ fils de Dieu pourrait-elle disparaitre de la terre\u00a0? Comment entrevoir cela alors qu\u2019aujourd\u2019hui m\u00eame se termine la 99<sup>\u00e8me<\/sup> semaine missionnaire mondiale avec pour th\u00e8me\u00a0: <em>Missionnaires de <strong>l\u2019Esp\u00e9rance<\/strong> parmi les peuples\u00a0?<\/em><\/span><\/p>\n<p><span style=\"color: #000000;\">Comment transmettre aujourd\u2019hui aux plus jeunes, enfants et petits-enfants, cet enseignement difficile d\u2019une V\u00e9rit\u00e9 qui s\u2019est faite Amour, d\u2019un Dieu qui s\u2019est voulu petit enfant, d\u2019un Absolu qui nous a cr\u00e9\u00e9s libres ? Comment les int\u00e9resser \u00e0 la foi quand tout dans la modernit\u00e9 peut les en d\u00e9tourner ? Quand certains parents jeunes ne veulent surtout \u00ab rien leur imposer \u00bb ?<\/span><\/p>\n<p><span style=\"color: #000000;\">\u00a0Le Seigneur nous invite aujourd\u2019hui \u00e0 toujours prier sans nous d\u00e9courager. Succ\u00e8s garanti que celui de la Pri\u00e8re\u00a0? A priori nous aurions envie de dire non. Nous avons tous ou presque, fait des demandes, justes, d\u00e9sint\u00e9ress\u00e9es et indispensables selon nous (la sortie d\u2019un coma, la fin des guerres, la r\u00e9conciliation entre deux personnes). Malgr\u00e9 la force de nos pri\u00e8res, apparemment, rien ne change\u00a0! Alors quel sens rev\u00eat <em>\u00ab\u00a0tout ce que vous demanderez au P\u00e8re en mon nom il vous l\u2019accordera\u00a0\u00bb<\/em>\u00a0<em>? <\/em>Notre pri\u00e8re ne suit pas toujours les chemins que nous souhaitons\u2026<\/span><\/p>\n<p><span style=\"color: #000000;\">Quand nous prions, nous ouvrons la porte de notre c\u0153ur \u00e0 Dieu et lui confions soucis et situations difficiles.\u00a0 Nous lui demandons de nous \u00e9couter, car Lui peut agir dans le c\u0153ur des autres et les toucher. M\u00eame si nous le croyons sourd \u00e0 nos demandes, Il les entend. St Jean nous rappelle cette assurance \u00ab <em>Si nous faisons une demande selon sa volont\u00e9, il nous \u00e9coute\u00a0\u00bb. <\/em>Saint Pierre \u00e9crit aussi dans ce sens \u00ab\u00a0<em>les<\/em> <em>oreilles de Dieu sont attentives \u00e0 nos pri\u00e8res\u00a0\u00bb<\/em>.\u00a0 Encore faut- il que nous acceptions que Dieu nous r\u00e9ponde \u00ab\u00a0Oui\u00a0\u00bb, \u00ab\u00a0Non pas maintenant\u00a0\u00bb, \u00ab\u00a0Attends\u00a0\u00bb\u00a0!<\/span><\/p>\n<p><span style=\"color: #000000;\">Il a \u00e9t\u00e9 rappel\u00e9 \u00e0 chacun, en cette semaine missionnaire mondiale qui se termine aujourd\u2019hui, la vocation fondamentale que nous avons d\u2019\u00eatre \u00e0 la suite de J\u00e9sus des messagers et des b\u00e2tisseurs d\u2019Esp\u00e9rance. Pr\u00e9servons au fil des mois ce lien profond de la Foi et de la Pri\u00e8re par laquelle nous sommes \u00e9galement missionnaires.<\/span><\/p>\n<p><span style=\"color: #000000;\">Ainsi la question, Le fils de l\u2019Homme lorsqu\u2019il reviendra, trouvera-t-il ou non, sur la terre la fid\u00e9lit\u00e9 gard\u00e9e et renouvel\u00e9e, recevra probablement une r\u00e9ponse positive.\u00a0 A nous maintenant de vraiment y croire et de prier en ce sens. Nos plus jeunes pourront ainsi plus facilement garder en eux l\u2019Esp\u00e9rance et rester ou devenir \u00e0 leur tour, veilleurs, serviteurs, et t\u00e9moins.\u00a0\u00a0\u00a0\u00a0\u00a0\u00a0\u00a0\u00a0\u00a0\u00a0\u00a0\u00a0\u00a0\u00a0\u00a0\u00a0\u00a0\u00a0\u00a0\u00a0\u00a0\u00a0<\/span><\/p>\n<p style=\"text-align: right;\"><span style=\"color: #000000;\">\u00a0<em>Marie-France Dufour, Saint-Fran\u00e7ois-de-Sales<\/em><\/span><\/p>\n","protected":false},"excerpt":{"rendered":"<p>Le Fils de l\u2019homme quand il viendra,\u00a0trouvera-t-il la foi sur la Terre ? L\u2019Evangile d\u2019aujourd\u2019hui nous interroge\u2026 Comment entendre cette phrase de Luc sans un serrement de c\u0153ur\u00a0?\u00a0 On ne s\u2019habitue pas \u00e0 cette anxieuse question de la Parole, qui nous interpelle toujours.\u00a0 La foi, notre foi en J\u00e9sus Christ fils de Dieu pourrait-elle disparaitre&hellip; <br \/> <a class=\"read-more\" href=\"https:\/\/paroisses-nancy-sud.fr\/HOME\/le-fils-de-lhomme-quand-il-viendra-trouvera-t-il-la-foi-sur-la-terre-2\/\">Lire la suite<\/a><\/p>\n","protected":false},"author":5,"featured_media":529,"comment_status":"closed","ping_status":"open","sticky":false,"template":"","format":"standard","meta":[],"categories":[6],"tags":[],"acf":[],"_links":{"self":[{"href":"https:\/\/paroisses-nancy-sud.fr\/HOME\/wp-json\/wp\/v2\/posts\/4955"}],"collection":[{"href":"https:\/\/paroisses-nancy-sud.fr\/HOME\/wp-json\/wp\/v2\/posts"}],"about":[{"href":"https:\/\/paroisses-nancy-sud.fr\/HOME\/wp-json\/wp\/v2\/types\/post"}],"author":[{"embeddable":true,"href":"https:\/\/paroisses-nancy-sud.fr\/HOME\/wp-json\/wp\/v2\/users\/5"}],"replies":[{"embeddable":true,"href":"https:\/\/paroisses-nancy-sud.fr\/HOME\/wp-json\/wp\/v2\/comments?post=4955"}],"version-history":[{"count":2,"href":"https:\/\/paroisses-nancy-sud.fr\/HOME\/wp-json\/wp\/v2\/posts\/4955\/revisions"}],"predecessor-version":[{"id":4957,"href":"https:\/\/paroisses-nancy-sud.fr\/HOME\/wp-json\/wp\/v2\/posts\/4955\/revisions\/4957"}],"wp:featuredmedia":[{"embeddable":true,"href":"https:\/\/paroisses-nancy-sud.fr\/HOME\/wp-json\/wp\/v2\/media\/529"}],"wp:attachment":[{"href":"https:\/\/paroisses-nancy-sud.fr\/HOME\/wp-json\/wp\/v2\/media?parent=4955"}],"wp:term":[{"taxonomy":"category","embeddable":true,"href":"https:\/\/paroisses-nancy-sud.fr\/HOME\/wp-json\/wp\/v2\/categories?post=4955"},{"taxonomy":"post_tag","embeddable":true,"href":"https:\/\/paroisses-nancy-sud.fr\/HOME\/wp-json\/wp\/v2\/tags?post=4955"}],"curies":[{"name":"wp","href":"https:\/\/api.w.org\/{rel}","templated":true}]}}