{"id":4961,"date":"2025-10-25T08:20:40","date_gmt":"2025-10-25T06:20:40","guid":{"rendered":"https:\/\/paroisses-nancy-sud.fr\/HOME\/?p=4961"},"modified":"2025-10-25T08:20:40","modified_gmt":"2025-10-25T06:20:40","slug":"annonces-de-saint-francois-de-sales-et-sainte-jeanne-de-chantal-du-26-octobre","status":"publish","type":"post","link":"https:\/\/paroisses-nancy-sud.fr\/HOME\/annonces-de-saint-francois-de-sales-et-sainte-jeanne-de-chantal-du-26-octobre\/","title":{"rendered":"Annonces de Saint-Fran\u00e7ois-de-Sales et Sainte-Jeanne-de-Chantal du 26 octobre"},"content":{"rendered":"\n<p><span style=\"color: #000000;\"><strong>Bapt\u00eame :<br \/><\/strong><strong>Dimanche 26 octobre \u00e0 Flavigny, bapt\u00eame <\/strong>de Matthieu. Nous prions pour lui et sa famille.<\/span><\/p>\n<p><span style=\"color: #000000;\"><strong>Mois d\u2019octobre, mois du Rosaire :<br \/><\/strong>Les \u00c9quipes du Rosaire\u00a0de Jarville\u00a0et Fl\u00e9ville\u00a0proposent de r\u00e9citer\u00a0et m\u00e9diter le chapelet.\u00a0Rendez-vous le <strong>lundi 27 octobre \u00e0<\/strong> <strong>17h30 dans l\u2019\u00e9glise de Jarville.<\/strong><\/span><\/p>\n<p><span style=\"color: #000000;\"><strong>Au sujet de la Toussaint et du jour des d\u00e9funts :<br \/><\/strong><strong>La <\/strong><a style=\"color: #000000;\" href=\"https:\/\/eglise.catholique.fr\/glossaire\/toussaint\/\"><strong>Toussaint <\/strong><\/a><strong>est la f\u00eate de tous les saints.<\/strong> Chaque 1<sup>er<\/sup> novembre, l\u2019\u00c9glise honore ainsi la foule innombrable de ceux et celles qui ont \u00e9t\u00e9 de vivants et lumineux t\u00e9moins du Christ, connus ou inconnus<strong>. <\/strong>Cette ann\u00e9e <strong>la Toussaint<\/strong> tombe un samedi : nous c\u00e9l\u00e9brerons donc uniquement la f\u00eate de la Toussaint dans nos paroisses (pas de messes anticip\u00e9es du dimanche).<br \/>La f\u00eate de la Toussaint est ins\u00e9parable <strong>du jour de pri\u00e8re pour les\u00a0d\u00e9funts<\/strong>, que l\u2019\u00c9glise comm\u00e9more le 2 novembre. La premi\u00e8re c\u00e9l\u00e9bration s\u2019est v\u00e9cue dans la joie ;\u00a0la seconde est plus en lien avec les souvenirs envers ceux que nous avons aim\u00e9s. <strong>Le dimanche 2 novembre<\/strong>, \u00e0 la messe seront \u00e9voqu\u00e9s les d\u00e9funts de nos paroisses de cette ann\u00e9e (du 1<sup>er<\/sup> novembre 2024 au 31 octobre 2025)<\/span><\/p>\n<p><span style=\"color: #000000;\"><strong>Horaires des messes de la Toussaint et du jour des d\u00e9funts :<br \/><\/strong><strong>Samedi 1<sup>er<\/sup> novembre\u00a0: 9h30 <\/strong>Fl\u00e9ville, Viterne<br \/><strong>11 h <\/strong>\u00e0 Flavigny, Laneuveville, Neuves-Maisons.<\/span><\/p>\n<p><span style=\"color: #000000;\"><strong>Dimanche 2 novembre\u00a0: <br \/>9h30 <\/strong>Xeuilley<strong> <br \/>11h <\/strong>\u00e0 Jarville, Ludres, Neuves-Maisons<\/span><\/p>\n<p><span style=\"color: #000000;\"><strong>Confirmation des jeunes :<br \/><\/strong>Les confirmands se retrouvent le <strong>samedi 8 novembre \u00e0 14h \u00e0 l\u2019\u00e9glise Sainte Th\u00e9r\u00e8se de Villers<\/strong> les Nancy pour pr\u00e9parer la c\u00e9l\u00e9bration de la Confirmation.<\/span><br \/><span style=\"color: #000000;\"><strong>Samedi 15 novembre \u00e0 17h30, messe et confirmation<\/strong> d\u2019une quarantaine de jeunes de notre secteur pastoral Nancy-Sud, du lyc\u00e9e de La Malgrange, de l\u2019Institut des Jeunes sourds de La Malgrange et du secteur Nancy-ouest. Ils se sont retrouv\u00e9s r\u00e9guli\u00e8rement dans leurs groupes de jeunes et pendant quatre temps forts tous ensemble.<\/span><\/p>\n<p><span style=\"color: #000000;\"><strong>Pr\u00e9sence du p\u00e8re Fran\u00e7ois Weber en semaine \u00e0 Jarville :<\/strong><\/span><\/p>\n<table width=\"717\">\n<tbody>\n<tr>\n<td width=\"179\">\n<p><span style=\"color: #000000;\"><strong>Mardi<\/strong><\/span><\/p>\n<\/td>\n<td width=\"179\">\n<p><span style=\"color: #000000;\"><strong>Mercredi <\/strong><\/span><\/p>\n<\/td>\n<td width=\"179\">\n<p><span style=\"color: #000000;\"><strong>Vendredi <\/strong><\/span><\/p>\n<\/td>\n<td width=\"179\">\n<p><span style=\"color: #000000;\"><strong>Samedi <\/strong><\/span><\/p>\n<\/td>\n<\/tr>\n<tr>\n<td width=\"179\">\n<p><span style=\"color: #000000;\"><strong>10h-19h<\/strong><\/span><\/p>\n<\/td>\n<td width=\"179\">\n<p><span style=\"color: #000000;\"><strong>15h-19h<\/strong><\/span><\/p>\n<\/td>\n<td width=\"179\">\n<p><span style=\"color: #000000;\"><strong>15h-19h<\/strong><\/span><\/p>\n<\/td>\n<td width=\"179\">\n<p><span style=\"color: #000000;\"><strong>10h-17h30<\/strong><\/span><\/p>\n<\/td>\n<\/tr>\n<\/tbody>\n<\/table>\n<p><span style=\"color: #000000;\">N\u2019h\u00e9sitez pas \u00e0 prendre rendez-vous.\u00a0<\/span><\/p>\n<p><span style=\"color: #000000;\"><strong>Accueil des marginaux par l\u2019\u00e9quipe \u2018\u2019les amis de Lazare\u2019\u2019 :<br \/><\/strong><strong>Dans les salles paroissiales de Jarville, le samedi 1<sup>er<\/sup> novembre de 18h30 \u00e0 20h. il sera propos\u00e9 un repas chaud aux marginaux de notre quartier.<br \/><\/strong><span style=\"font-size: revert;\">Une \u00e9quipe de paroissiens s\u2019est retrouv\u00e9e plusieurs fois et a r\u00e9fl\u00e9chi avec une professionnelle \u00e0 ce qui peut \u00eatre propos\u00e9 \u00e0 ces personnes, souvent jeunes, qui se trouvent \u00e0 la sortie de l\u2019\u00e9glise les dimanches et en semaine. L\u2019\u00e9quipe propose, une fois par mois, le samedi soir, <\/span><strong style=\"font-size: revert;\">un moment convivial autour d\u2019un repas\u00a0: <\/strong><span style=\"font-size: revert;\">accueil, partage fraternel, repas.\u00a0<\/span><\/span><\/p>\n<p><span style=\"color: #000000;\"><strong>Qu\u00eate du 1<sup>er<\/sup> dimanche du mois :<br \/><\/strong><strong>Samedi 1<sup>er<\/sup> novembre et dimanche 2 novembre<\/strong>, sera propos\u00e9e \u00e0 la sortie des messes la qu\u00eate suppl\u00e9mentaire du premier dimanche du mois. Elle permet de compl\u00e9ter les qu\u00eates et de couvrir les frais pastoraux et de fonctionnement de nos paroisses. Merci\u00a0!<\/span><\/p>\n<p><span style=\"color: #000000;\"><strong>Calendriers 2026 :<br \/><\/strong><strong>Les calendriers 2026 sont arriv\u00e9s ! <\/strong>S\u2019adresser \u00e0 Odile Bonmati ou Annette Bordenet pour Saint-Fran\u00e7ois-de-Sales et \u00e0 Marie-Th\u00e9r\u00e8se St\u00e9venin pour Sainte-Jeanne-de-Chantal. 5 \u20ac le calendrier.<\/span><\/p>\n<p><span style=\"color: #000000;\"><strong>Autres Annonces :<br \/><\/strong><strong>&#8211; Exhortation apostolique du pape L\u00e9on XIV :<br \/><\/strong>Le pape L\u00e9on XIV a sign\u00e9 sa premi\u00e8re\u00a0<a style=\"color: #000000;\" href=\"https:\/\/eglise.catholique.fr\/glossaire\/exhortation-apostolique\/\">exhortation apostolique<\/a>,\u00a0<strong><em>Dilexi te<\/em><\/strong>\u00a0<strong>(\u00ab Je t\u2019ai aim\u00e9\u00a0\u00bb)<\/strong>, s\u2019inscrit dans la continuit\u00e9 de la r\u00e9flexion de son pr\u00e9d\u00e9cesseur, le pape Fran\u00e7ois. Portant sur le th\u00e8me de l\u2019amour des pauvres, Le titre de ce document rappelle\u00a0<a style=\"color: #000000;\" href=\"https:\/\/eglise.catholique.fr\/vatican\/encycliques\/556859-lettre-encyclique-dilexit-nos-du-pape-francois-sur-lamour-humain-et-divin-du-coeur-de-jesus-christ\/%22\"><strong><em>Dilexit nos (\u00ab Il nous a aim\u00e9s\u00a0\u00bb)<\/em><\/strong>, la quatri\u00e8me et derni\u00e8re encyclique du pape Fran\u00e7ois<\/a>, publi\u00e9e le 24 octobre 2024 et consacr\u00e9e \u00e0 <strong>\u00ab l\u2019amour humain et divin du C\u0153ur de J\u00e9sus-Christ \u00bb<\/strong>.<em> Voir le texte sur internet ou acheter le livret \u00e0 la Librairie de l\u2019Asn\u00e9e.<\/em><\/span><\/p>\n<p><span style=\"color: #000000;\"><strong>\u00a0&#8211; Temps de pri\u00e8re pour les pr\u00eatres d\u00e9funts :<br \/><\/strong>\u00c0 l\u2019occasion du jour des d\u00e9funts, prenez le temps de prier pour ceux qui ont donn\u00e9 leur vie pour l\u2019annonce de l\u2019\u00c9vangile. Rejoignez le temps de pri\u00e8re pour les pr\u00eatres d\u00e9funts qui aura lieu le <strong>dimanche 2 novembre, \u00e0 15h, au carr\u00e9 des pr\u00eatres du cimeti\u00e8re sud de Nancy (section 11)<\/strong><\/span><\/p>\n<p><span style=\"color: #000000;\"><strong>\u00a0&#8211; Centenaire de l\u2019Heure de pri\u00e8re pour les pr\u00eatres<\/strong><\/span><\/p>\n<p><span style=\"color: #000000;\">Initi\u00e9e en novembre 1925, l\u2019Heure de pri\u00e8re pour les pr\u00eatres f\u00eatera, dans la joie et l\u2019action de gr\u00e2ce, le centenaire de sa fondation ! Nous vous attendons nombreux <strong>le\u00a0vendredi 7 novembre 2025,\u00a0\u00e0 17h,<\/strong> <strong>\u00e0 l\u2019\u00e9glise Sainte-Th\u00e9r\u00e8se de Lisieux, \u00e0 Villers-l\u00e8s-Nancy.<\/strong><\/span><\/p>\n<p><span style=\"color: #000000;\"><strong>&#8211;\u00a0 Temps de pri\u00e8re pour les parents endeuill\u00e9s :<br \/><\/strong>Un temps de pri\u00e8re est propos\u00e9 \u00e0 tous les parents ayant perdu un enfant, n\u00e9 ou \u00e0 na\u00eetre, et \u00e0 leurs familles, <strong>le samedi 22 novembre, de 10h \u00e0 11h, \u00e0 l&rsquo;\u00e9glise Saint-S\u00e9bastien de Nancy<\/strong>. Il se veut chemin de consolation et signe de l\u2019esp\u00e9rance.<\/span><\/p>\n<p><span style=\"color: #000000;\"><strong>\u00a0&#8211; Conf\u00e9rence de l\u2019ADA :<br \/><\/strong><strong>Jeudi 20 novembre \u00e0 20h30 au domaine de l\u2019Asn\u00e9e\u00a0: \u2018\u2019<em>La Pieuvre de T\u00e9h\u00e9ran\u2019\u2019<\/em><\/strong>, enqu\u00eate sur les r\u00e9seaux d\u2019espionnage et d\u2019influence de l\u2019Iran en France et dans le mond<strong>e. <\/strong><\/span><\/p>\n<p><span style=\"color: #000000;\"><strong><em>\u00a0&#8211; Glorius<\/em><\/strong><strong> en concert \u00e0 Nancy :<br \/><\/strong>Vous voulez vivre un moment fort de louange et de pri\u00e8re ? C\u2019est le moment de r\u00e9server vos places pour le concert de Glorious <strong>le dimanche 7 d\u00e9cembre, \u00e0 18h, au Z\u00e9nith de Nancy.<\/strong><\/span><\/p>\n<p><span style=\"color: #000000;\"><strong>\u00a0&#8211; \u00ab Spiritualit\u00e9s et occultisme \u00bb :<br \/><\/strong><strong>Le jeudi 30 octobre 2025 de 9h \u00e0 16h30<\/strong> au Domaine de l\u2019Asn\u00e9e \u00e0 Villers-l\u00e8s-Nancy, le SEM (service de l\u2019\u00c9vangile pour les malades) et l\u2019aum\u00f4nerie des h\u00f4pitaux vous convient \u00e0 une journ\u00e9e sur le th\u00e8me \u00ab Spiritualit\u00e9s et occultisme <strong>\u00bb<\/strong>. Le p\u00e8re Jean-Christophe Thibaut, pr\u00eatre du dioc\u00e8se de Metz, se consacre depuis de nombreuses ann\u00e9es \u00e0 l\u2019\u00e9tude des ph\u00e9nom\u00e8nes \u00e9sot\u00e9riques et des th\u00e9rapies alternatives.<\/span><\/p>\n<p><span style=\"color: #000000;\"><strong>\u00a0&#8211; P\u00e8lerinage <em>Fratello :<br \/><\/em><\/strong><strong>Du 13 au 16 novembre \u00e0 Rome,\u00a0u<\/strong>ne d\u00e9l\u00e9gation du dioc\u00e8se y participera avec 50 personnes en difficult\u00e9s et leurs accompagnateurs. Le\u00a0<a style=\"color: #000000;\" href=\"https:\/\/www.secours-catholique.org\/\"><em>Secours Catholique<\/em><\/a>, la\u00a0<a style=\"color: #000000;\" href=\"https:\/\/www.ssvp.fr\/\"><em>Soci\u00e9t\u00e9 Saint-Vincent-de-Paul<\/em><\/a>,\u00a0<a style=\"color: #000000;\" href=\"https:\/\/www.catholique-nancy.fr\/accueil\/4122-un-lieu-de-convivialite-damour-et-de-partage-a-la-decouverte-de-la-belle-porte-tabgha\/\"><em>La Belle Porte-Tabgha<\/em><\/a>\u00a0se sont mobilis\u00e9s pour proposer \u00e0 des personnes en difficult\u00e9 de vivre ce grand moment. <em>*Fratello est un r\u00e9seau international au service de l\u2019\u00c9glise qui organise des rencontres festives et priantes avec les plus d\u00e9munis.<\/em><\/span><\/p>\n<p><span style=\"color: #000000;\"><strong><em>\u00a0&#8211; <\/em>D<em>es tr\u00e9<\/em>s<em>ors<\/em> religieux<em> au<\/em> mus\u00e9e des<em> Bea<\/em>u<em>x-Arts de<\/em> Nancy<em> :<br \/><\/em><\/strong><em>L\u2019exposition \u00ab Nancy 1925. Une exp\u00e9rience de la vie moderne \u00bb est propos\u00e9e <strong>du 5 novembre 2025 au 1<sup>er<\/sup>\u00a0mars 2026<\/strong>, au mus\u00e9e des Beaux-Arts de Nancy. L\u2019exposition propose de resituer la gen\u00e8se et les d\u00e9veloppements de l\u2019Art d\u00e9co \u00e0 Nancy, en retra\u00e7ant une histoire du go\u00fbt dans les arts d\u00e9coratifs de 1900 \u00e0 la fin des ann\u00e9es 1930.<\/em><\/span><\/p>\n","protected":false},"excerpt":{"rendered":"<p>Bapt\u00eame :Dimanche 26 octobre \u00e0 Flavigny, bapt\u00eame de Matthieu. Nous prions pour lui et sa famille. Mois d\u2019octobre, mois du Rosaire :Les \u00c9quipes du Rosaire\u00a0de Jarville\u00a0et Fl\u00e9ville\u00a0proposent de r\u00e9citer\u00a0et m\u00e9diter le chapelet.\u00a0Rendez-vous le lundi 27 octobre \u00e0 17h30 dans l\u2019\u00e9glise de Jarville. Au sujet de la Toussaint et du jour des d\u00e9funts :La Toussaint est&hellip; <br \/> <a class=\"read-more\" href=\"https:\/\/paroisses-nancy-sud.fr\/HOME\/annonces-de-saint-francois-de-sales-et-sainte-jeanne-de-chantal-du-26-octobre\/\">Lire la suite<\/a><\/p>\n","protected":false},"author":5,"featured_media":2464,"comment_status":"closed","ping_status":"open","sticky":false,"template":"","format":"standard","meta":[],"categories":[7],"tags":[],"acf":[],"_links":{"self":[{"href":"https:\/\/paroisses-nancy-sud.fr\/HOME\/wp-json\/wp\/v2\/posts\/4961"}],"collection":[{"href":"https:\/\/paroisses-nancy-sud.fr\/HOME\/wp-json\/wp\/v2\/posts"}],"about":[{"href":"https:\/\/paroisses-nancy-sud.fr\/HOME\/wp-json\/wp\/v2\/types\/post"}],"author":[{"embeddable":true,"href":"https:\/\/paroisses-nancy-sud.fr\/HOME\/wp-json\/wp\/v2\/users\/5"}],"replies":[{"embeddable":true,"href":"https:\/\/paroisses-nancy-sud.fr\/HOME\/wp-json\/wp\/v2\/comments?post=4961"}],"version-history":[{"count":2,"href":"https:\/\/paroisses-nancy-sud.fr\/HOME\/wp-json\/wp\/v2\/posts\/4961\/revisions"}],"predecessor-version":[{"id":4967,"href":"https:\/\/paroisses-nancy-sud.fr\/HOME\/wp-json\/wp\/v2\/posts\/4961\/revisions\/4967"}],"wp:featuredmedia":[{"embeddable":true,"href":"https:\/\/paroisses-nancy-sud.fr\/HOME\/wp-json\/wp\/v2\/media\/2464"}],"wp:attachment":[{"href":"https:\/\/paroisses-nancy-sud.fr\/HOME\/wp-json\/wp\/v2\/media?parent=4961"}],"wp:term":[{"taxonomy":"category","embeddable":true,"href":"https:\/\/paroisses-nancy-sud.fr\/HOME\/wp-json\/wp\/v2\/categories?post=4961"},{"taxonomy":"post_tag","embeddable":true,"href":"https:\/\/paroisses-nancy-sud.fr\/HOME\/wp-json\/wp\/v2\/tags?post=4961"}],"curies":[{"name":"wp","href":"https:\/\/api.w.org\/{rel}","templated":true}]}}