{"id":4963,"date":"2025-10-25T08:23:24","date_gmt":"2025-10-25T06:23:24","guid":{"rendered":"https:\/\/paroisses-nancy-sud.fr\/HOME\/?p=4963"},"modified":"2025-10-25T08:23:24","modified_gmt":"2025-10-25T06:23:24","slug":"un-peuple-qui-vit-et-marche-avec-les-pauvres","status":"publish","type":"post","link":"https:\/\/paroisses-nancy-sud.fr\/HOME\/un-peuple-qui-vit-et-marche-avec-les-pauvres\/","title":{"rendered":"Un peuple qui vit et marche avec les pauvres"},"content":{"rendered":"\n<p><span style=\"color: #000000;\"><strong><u>Un peuple qui vit et marche avec les pauvres <\/u><\/strong><\/span><\/p>\n<p><span style=\"color: #000000;\">Le 4 octobre dernier, jour d\u00e9di\u00e9 \u00e0 la m\u00e9moire de Saint Fran\u00e7ois d \u2019Assise, le pape L\u00e9on a publi\u00e9 un appel \u00ab DILEXI TE \u00bb (je t\u2019ai aim\u00e9), reprenant ainsi le concept d\u2019option pr\u00e9f\u00e9rentielle pour les pauvres, inlassablement d\u00e9velopp\u00e9 par Fran\u00e7ois durant son pontificat.<\/span><\/p>\n<p><span style=\"color: #000000;\">Il nous rappelle que l\u2019amour envers les pauvres, les exclus et les plus fragiles n\u2019est pas une option mais constitue une dimension constitutive et essentielle de notre foi chr\u00e9tienne.<\/span><\/p>\n<p><span style=\"color: #000000;\">D\u00e9non\u00e7ant la logique d\u2019une \u00e9conomie excluante et in\u00e9galitaire et l\u2019accumulation de biens mat\u00e9riels au d\u00e9triment des d\u00e9favoris\u00e9s, le pape L\u00e9on exhorte \u00e0 une transformation de nos soci\u00e9t\u00e9s pour plus de justice sociale mais insiste aussi sur le fait que la pire discrimination dont souffrent les pauvres est le manque d\u2019attention spirituelle.<\/span><\/p>\n<p><span style=\"color: #000000;\">Le pape L\u00e9on pr\u00f4ne une Eglise \u00ab des B\u00e9atitudes \u00bb qui ne doit pas se borner \u00e0 \u00eatre un club de bienfaiteurs consid\u00e9rant les pauvres comme des r\u00e9cipiendaires passifs de l\u2019aum\u00f4ne mais comme un peuple en mouvement regardant les plus fragiles comme des destinataires privil\u00e9gi\u00e9s de l\u2019\u00c9vangile.<\/span><\/p>\n<p><span style=\"color: #000000;\">Il nous invite \u00e0 suivre l\u2019exemple de Saint-Fran\u00e7ois-d \u2018Assise, des P\u00e8res de l\u2019Eglise et des ordres mendiants qui ont v\u00e9cu \u00ab par et avec \u00bb les pauvres.<\/span><\/p>\n<p><span style=\"color: #000000;\">Son exhortation souligne que Dieu prend compassion pour la faiblesse humaine sous toutes ses formes et nous appelle \u00e0 nous recentrer en faisant un choix d\u00e9cisif et radical en faveur des plus faibles et des plus vuln\u00e9rables de nos fr\u00e8res et s\u0153urs en humanit\u00e9.<\/span><\/p>\n<p><span style=\"color: #000000;\">C\u2019est en mettant la g\u00e9n\u00e9rosit\u00e9, la proximit\u00e9 et la solidarit\u00e9 au centre de nos vies que nous construirons <strong>\u00ab\u00a0le peuple qui vit et marche avec les pauvres<\/strong>\u00a0\u00bb qu\u2019appelle de ses v\u0153ux le pape L\u00e9on.<\/span><\/p>\n<p style=\"text-align: right;\"><span style=\"color: #000000;\"><em>Pascal, Equipe liturgique de Saint-Fran\u00e7ois-de-Sales<\/em><\/span><\/p>\n","protected":false},"excerpt":{"rendered":"<p>Un peuple qui vit et marche avec les pauvres Le 4 octobre dernier, jour d\u00e9di\u00e9 \u00e0 la m\u00e9moire de Saint Fran\u00e7ois d \u2019Assise, le pape L\u00e9on a publi\u00e9 un appel \u00ab DILEXI TE \u00bb (je t\u2019ai aim\u00e9), reprenant ainsi le concept d\u2019option pr\u00e9f\u00e9rentielle pour les pauvres, inlassablement d\u00e9velopp\u00e9 par Fran\u00e7ois durant son pontificat. Il nous&hellip; <br \/> <a class=\"read-more\" href=\"https:\/\/paroisses-nancy-sud.fr\/HOME\/un-peuple-qui-vit-et-marche-avec-les-pauvres\/\">Lire la suite<\/a><\/p>\n","protected":false},"author":5,"featured_media":529,"comment_status":"closed","ping_status":"open","sticky":false,"template":"","format":"standard","meta":[],"categories":[6],"tags":[],"acf":[],"_links":{"self":[{"href":"https:\/\/paroisses-nancy-sud.fr\/HOME\/wp-json\/wp\/v2\/posts\/4963"}],"collection":[{"href":"https:\/\/paroisses-nancy-sud.fr\/HOME\/wp-json\/wp\/v2\/posts"}],"about":[{"href":"https:\/\/paroisses-nancy-sud.fr\/HOME\/wp-json\/wp\/v2\/types\/post"}],"author":[{"embeddable":true,"href":"https:\/\/paroisses-nancy-sud.fr\/HOME\/wp-json\/wp\/v2\/users\/5"}],"replies":[{"embeddable":true,"href":"https:\/\/paroisses-nancy-sud.fr\/HOME\/wp-json\/wp\/v2\/comments?post=4963"}],"version-history":[{"count":1,"href":"https:\/\/paroisses-nancy-sud.fr\/HOME\/wp-json\/wp\/v2\/posts\/4963\/revisions"}],"predecessor-version":[{"id":4964,"href":"https:\/\/paroisses-nancy-sud.fr\/HOME\/wp-json\/wp\/v2\/posts\/4963\/revisions\/4964"}],"wp:featuredmedia":[{"embeddable":true,"href":"https:\/\/paroisses-nancy-sud.fr\/HOME\/wp-json\/wp\/v2\/media\/529"}],"wp:attachment":[{"href":"https:\/\/paroisses-nancy-sud.fr\/HOME\/wp-json\/wp\/v2\/media?parent=4963"}],"wp:term":[{"taxonomy":"category","embeddable":true,"href":"https:\/\/paroisses-nancy-sud.fr\/HOME\/wp-json\/wp\/v2\/categories?post=4963"},{"taxonomy":"post_tag","embeddable":true,"href":"https:\/\/paroisses-nancy-sud.fr\/HOME\/wp-json\/wp\/v2\/tags?post=4963"}],"curies":[{"name":"wp","href":"https:\/\/api.w.org\/{rel}","templated":true}]}}