{"id":5031,"date":"2025-12-05T17:57:17","date_gmt":"2025-12-05T16:57:17","guid":{"rendered":"https:\/\/paroisses-nancy-sud.fr\/HOME\/?p=5031"},"modified":"2025-12-05T18:15:28","modified_gmt":"2025-12-05T17:15:28","slug":"annonces-de-saint-francois-de-sales-et-sainte-jeanne-de-chantal-21","status":"publish","type":"post","link":"https:\/\/paroisses-nancy-sud.fr\/HOME\/annonces-de-saint-francois-de-sales-et-sainte-jeanne-de-chantal-21\/","title":{"rendered":"Annonces de Saint-Fran\u00e7ois-de-Sales et Sainte-Jeanne-de-Chantal du 7 d\u00e9cembre"},"content":{"rendered":"\n<p><span style=\"color: #000000;\"><strong>Se pr\u00e9parer \u00e0 No\u00ebl : Temps de l\u2019Avent :<\/strong><\/span><\/p>\n<p><span style=\"color: #000000;\"><strong>&#8211; Collecte au fond des \u00e9glises pour la \u2018\u2019soupe des sans abri\u2019\u2019 :<br \/><\/strong>Tout le temps de l\u2019Avent, d\u00e8s le 06 d\u00e9cembre, un panier plac\u00e9 au fond de l\u2019\u00e9glise recueillera vos dons, produits d\u2019hygi\u00e8ne, de pu\u00e9riculture (savon, gel douche, shampoing, cr\u00e8me \u00e0 raser, couches pour b\u00e9b\u00e9s), produits alimentaires non p\u00e9rissables (huile, farine, th\u00e9, caf\u00e9, cacao, conserves de poisson, p\u00e2tes, riz, sauce tomate) et des surprises ou g\u00e2teries de No\u00ebl\u00a0pour les personnes en difficult\u00e9, redistribu\u00e9s par les services de notre secteur. Un grand merci !<\/span><\/p>\n<p><span style=\"color: #000000;\"><strong>&#8211; March\u00e9s de No\u00ebl :<br \/><\/strong><strong>Samedi 6 d\u00e9cembre \u00e0 Laneuveville<\/strong> de 17h \u00e0 19h30 et <strong>dimanche 7 d\u00e9cembre \u00e0 Jarville<\/strong> de 10h \u00e0 13h, march\u00e9 de No\u00ebl de \u2018\u2019l\u2019association Kermesse\u2019\u2019 et des \u2018\u2019abeilles du mercredi\u2019\u2019<strong>: <\/strong>march\u00e9 fermier avec ses produits r\u00e9gionaux, p\u00e2tisseries, confitures, hu\u00eetres et escargots et ses d\u00e9corations de No\u00ebl.<\/span><\/p>\n<p><span style=\"color: #000000;\"><strong>\u00a0&#8211; Soir\u00e9e de louange :<br \/><\/strong><strong>Mardi 9 d\u00e9cembre \u00e0 19h30, <\/strong>\u00e0 l\u2019\u00e9glise de Ludres, l\u2019EAP de Sainte-Jeanne-de-Chantal propose une soir\u00e9e louange en ce temps de l\u2019Avent\u00a0: prendre un temps pour rendre gr\u00e2ce et se pr\u00e9parer \u00e0 la venue du Christ J\u00e9sus\u00a0: musique, chants, pri\u00e8re, recueillement. Fin vers 22h mais chacun peut rester le temps qui lui correspond\u2026<br \/><\/span><\/p>\n<p><span style=\"color: #000000;\">\u00a0&#8211; <strong>Op\u00e9ration \u2018\u2019Oranges\u2019\u2019 de S\u0153ur Emmanuelle et de S\u0153ur Sara<\/strong> :<\/span><br \/><span style=\"color: #000000;\"><strong>Samedi 13 et dimanche 14 d\u00e9cembre<\/strong> (puis le 21 d\u00e9cembre \u00e0 Ludres)\u00a0: \u00e0 la sortie de nos \u00e9glises. Des oranges vous seront propos\u00e9es\u00a0: 1 orange = 1 euro. Des oranges, pour rappeler la distribution d&rsquo;oranges op\u00e9r\u00e9e par s\u0153ur Emmanuelle aux enfants des rues du Soudan du Sud\u00a0(mais aussi \u00e9largissement des aides au Liban et \u00e0 l\u2019Egypte) : aide nutritionnelle, priorit\u00e9 \u00e0 l&rsquo;\u00e9ducation et plus particuli\u00e8rement des filles.<\/span><\/p>\n<p><span style=\"color: #000000;\"><strong>\u00a0&#8211;\u00a0 Animation de No\u00ebl \u00e0 Flavigny :<br \/><\/strong><strong>Vendredi 19 d\u00e9cembre, \u00e0 l\u2019\u00e9glise et sur le parvis de l\u2019\u00e9glise\u00a0\u00e0 partir de 17h : <\/strong>chemin de lumi\u00e8re vers la cr\u00e8che \u00e0 l\u2019\u00e9glise, chants de No\u00ebl, chocolat chaud, vin et marrons chauds sur le parvis autour des braseros\u00a0: animation propos\u00e9e par le groupe \u2018\u2019vivre ensemble \u2018\u2019, sous couvert du CCAS et de la mairie de Flavigny, et de la paroisse.<\/span><\/p>\n<p><span style=\"color: #000000;\"><strong>\u00a0&#8211; Se recueillir aupr\u00e8s des cr\u00e8ches :<br \/><\/strong>\u00a0 \u00a0 \u00a0 \u00a0 \u00a0 \u00a0Tous les jours \u00e0 Jarville &#8211; &#8211; <\/span><br \/><span style=\"color: #000000;\">\u00a0 \u00a0 \u00a0 \u00a0 \u00a0 \u00a0Mercredi et samedi matin \u00e0 Ludres- &#8211; <\/span><br \/><span style=\"color: #000000;\">\u00a0 \u00a0 \u00a0 \u00a0 \u00a0 \u00a0Jeudi de 16h \u00e0 17h \u00e0 Heillecourt &#8211; &#8211;<\/span><br \/><span style=\"font-size: revert; color: #000000;\">\u00a0 \u00a0 \u00a0 \u00a0 \u00a0 \u00a0Samedi 20 d\u00e9cembre \u00e0 Fl\u00e9ville de 15h \u00e0 18h &#8211; &#8211; <br \/>\u00a0 \u00a0 \u00a0 \u00a0 \u00a0 \u00a0Avant les messes \u00e0 Laneuveveille, Flavigny, Heillecourt<\/span><\/p>\n<p><span style=\"color: #000000;\"><strong>\u00a0&#8211; Concerts de No\u00ebl :<br \/><\/strong><strong>\u00a0 \u00a0 \u00a0 \u00a0 \u00a0 \u00a0 \u00a0 Samedi 13 d\u00e9cembre \u00e0 Jarville \u00e0 20h, <\/strong>\u00e0 l\u2019\u00e9glise du Sacr\u00e9 C\u0153ur<strong>, concert chants de No\u00ebl, <\/strong>par la chorale \u2018\u2019Croqu\u2019Notes\u2019\u2019.<br \/><strong>\u00a0 \u00a0 \u00a0 \u00a0 \u00a0 \u00a0 \u00a0 Samedi 13 d\u00e9cembre \u00e0 Heillecourt \u00e0 20h 30, <\/strong>\u00e0 l\u2019\u00e9glise des saints Anges Gardiens, concert avec les deux chorales \u2018\u2019Les Voix Si les voix La\u2019\u2019 et de \u2018\u2019la Manonchante\u2019\u2019.<br \/><strong>\u00a0 \u00a0 \u00a0 \u00a0 \u00a0 \u00a0 \u00a0 Dimanche 14 d\u00e9cembre \u00e0 15h30, \u00e0 Houdemont <\/strong>\u00e0 l\u2019\u00e9glise saint Go\u00ebric, par le ch\u0153ur d\u2019hommes \u2018\u2019Faridol<strong>\u2018\u2019<br \/><\/strong><strong>\u00a0 \u00a0 \u00a0 \u00a0 \u00a0 \u00a0 \u00a0 Samedi 20 d\u00e9cembre \u00e0 Ludres, \u00e0 20h, <\/strong>\u00e0 l\u2019\u00e9glise Saint Epvre<strong>, conte de No\u00ebl <\/strong>avec la \u2018\u2019Cantalud\u2019\u2019<em>.<\/em><\/span><\/p>\n<p><span style=\"color: #000000;\"><strong>\u00a0&#8211; C\u00e9l\u00e9brations du pardon :<br \/><\/strong><strong>Lundi 22 d\u00e9cembre c\u00e9l\u00e9brations du pardon (<\/strong>ou sacrement de r\u00e9conciliation) avec confessions :<br \/>\u00a0 \u00a0 \u00a0 \u00a0 \u00a0 \u00a0 \u00a0 \u00a014h \u00e0 Neuves-Maisons, 16h \u00e0 Heillecourt, 19h \u00e0 Jarville.<\/span><\/p>\n<p><span style=\"color: #000000;\"><strong>\u00a0&#8211; Solennit\u00e9 de l\u2019Immacul\u00e9e Conception :<br \/><\/strong><strong>Lundi 8 d\u00e9cembre, messe \u00e0 18h30 \u00e0 Jarville.<\/strong><\/span><\/p>\n<p><span style=\"color: #000000;\"><strong>\u00a0&#8211; R\u00e9ouverture de l\u2019\u00e9glise d\u2019Heillecourt :<br \/><\/strong>L\u2019\u00e9glise d\u2019Heillecourt a fait peau neuve\u00a0! Nous <strong>y c\u00e9l\u00e9brons \u00e0 nouveau, ce<\/strong> <strong>samedi 6 d\u00e9cembre.<\/strong> Nous nous retrouverons apr\u00e8s la messe, \u00e0 la salle A<em>rc en ciel<\/em>, pour <strong>un moment convivial et de retrouvailles<\/strong>. Chacun pourra apporter sa petite sp\u00e9cialit\u00e9 sal\u00e9e ou sucr\u00e9e \u00e0 partager\u00a0!<\/span><\/p>\n<p><span style=\"color: #000000;\"><strong>\u00a0&#8211; Temps de pri\u00e8re mensuel \u00e0 Fl\u00e9ville :<br \/><\/strong><strong>Mardi 9 d\u00e9cembre \u00e0 15h, \u00e0 l\u2019\u00e9glise de Fl\u00e9ville, <\/strong>prier ensemble avec nos saints lorrains, t\u00e9moins d\u2019Esp\u00e9rance, en cette fin de l\u2019ann\u00e9e du Jubil\u00e9 de l\u2019Esp\u00e9rance. <strong>\u00a0<\/strong><\/span><\/p>\n<p><span style=\"color: #000000;\"><strong>\u00a0&#8211; R\u00e9union des \u00e9quipes d\u2019animation Pastorale E.A.P :<br \/><\/strong><strong>Mardi 9 d\u00e9cembre \u00e0 12h30 \u00e0 Ludres pour Sainte-Jeanne-de-Chantal<br \/><\/strong><strong>Jeudi 11 d\u00e9cembre \u00e0 19h30 pour Saint-Fran\u00e7ois-de-Sales\u00a0<br \/><\/strong>Les \u00e9quipes se r\u00e9unissent une fois par mois autour du p\u00e8re Fran\u00e7ois Weber, cur\u00e9 de nos paroisses, font la relecture des derni\u00e8res semaines et r\u00e9fl\u00e9chissent aux projets pastoraux de l\u2019ann\u00e9e. Cette ann\u00e9e notre secteur Nancy-Sud recevra Mgr Pierre-Yves Michel pendant quatre jours du jeudi de l\u2019Ascension 14 mai jusqu\u2019au dimanche 17 mai 2026.<\/span><\/p>\n<p><span style=\"color: #000000;\">\u00a0 &#8211; <strong>Horaires des messes dominicales du 13 et 14 d\u00e9cembre 2025<br \/><\/strong><strong>Samedi 13 d\u00e9cembre<\/strong>: <strong>18h<\/strong> Laneuveville, Heillecourt, Messein<br \/><strong>Dimanche 14 d\u00e9cembre<\/strong>: <strong>9h30<\/strong> Flavigny, Fl\u00e9ville <strong>11h<\/strong> Jarville, Neuves-Maisons\u00a0\u00a0\u00a0\u00a0<\/span><\/p>\n<p><span style=\"color: #000000;\"><strong>Table ouverte du 2<sup>\u00e8me<\/sup> dimanche du mois :<br \/><\/strong><strong>Dimanche 14 d\u00e9cembre \u00e0 Jarville, \u00e0 midi, table ouverte ! <\/strong>chacun apporte un plat sal\u00e9 ou sucr\u00e9 ou une boisson, du fromage, du pain \u2026 et sa bonne humeur\u00a0et le plaisir de se retrouver\u00a0! les \u2018\u2019habitu\u00e9s \u2018\u2019 sont pr\u00eats \u00e0 accueillir de nouvelles personnes.<\/span><\/p>\n<p><span style=\"color: #000000;\"> \u00a0<strong>Horaires des messes de No\u00ebl <\/strong><\/span><\/p>\n<table>\n<tbody>\n<tr>\n<td width=\"179\">\n<p><span style=\"color: #000000;\"><strong>\u00a0<\/strong><\/span><\/p>\n<\/td>\n<td width=\"179\">\n<p><span style=\"color: #000000;\"><strong>Saint-Fran\u00e7ois de Sales<\/strong><\/span><\/p>\n<\/td>\n<td width=\"179\">\n<p><span style=\"color: #000000;\"><strong>Sainte-Jeanne-de-Chantal<\/strong><\/span><\/p>\n<\/td>\n<td width=\"179\">\n<p><span style=\"color: #000000;\"><strong>La Visitation sur Moselle et Madon<\/strong><\/span><\/p>\n<\/td>\n<\/tr>\n<tr>\n<td width=\"179\">\n<p><span style=\"color: #000000;\"><strong>Mercredi24 d\u00e9cembre<\/strong><\/span><\/p>\n<p><span style=\"color: #000000;\"><strong>Messe de la nuit<\/strong><\/span><\/p>\n<\/td>\n<td width=\"179\">\n<p><span style=\"color: #000000;\"><strong>18h \u00e0 Jarville<\/strong><\/span><\/p>\n<p><span style=\"color: #000000;\"><strong>\u00a0<\/strong><\/span><\/p>\n<p><span style=\"color: #000000;\"><strong>22h15 Fl\u00e9ville<\/strong><\/span><\/p>\n<\/td>\n<td width=\"179\">\n<p><span style=\"color: #000000;\"><strong>18h \u00e0 Flavigny<\/strong><\/span><\/p>\n<\/td>\n<td width=\"179\">\n<p><span style=\"color: #000000;\"><strong>18h \u00e0 Neuves-Maisons <\/strong><\/span><\/p>\n<p><span style=\"color: #000000;\"><strong>18h Frolois<\/strong><\/span><\/p>\n<\/td>\n<\/tr>\n<tr>\n<td width=\"179\">\n<p><span style=\"color: #000000;\"><strong>Jeudi 25 d\u00e9cembre<\/strong><\/span><\/p>\n<p><span style=\"color: #000000;\"><strong>Messes de l\u2019aurore<\/strong><\/span><\/p>\n<p><span style=\"color: #000000;\"><strong>Messes du jour de No\u00ebl <\/strong><\/span><\/p>\n<\/td>\n<td width=\"179\">\n<p><span style=\"color: #000000;\"><strong>\u00a0<\/strong><\/span><\/p>\n<p><span style=\"color: #000000;\"><strong>9h30 Jarville<\/strong><\/span><\/p>\n<p><span style=\"color: #000000;\"><strong>11h Laneuveville<\/strong><\/span><\/p>\n<\/td>\n<td width=\"179\">\n<p><span style=\"color: #000000;\"><strong>\u00a0<\/strong><\/span><\/p>\n<p><span style=\"color: #000000;\"><strong>9h30 Heillecourt<\/strong><\/span><\/p>\n<p><span style=\"color: #000000;\"><strong>11h Ludres<\/strong><\/span><\/p>\n<\/td>\n<td width=\"179\">\n<p><span style=\"color: #000000;\"><strong>\u00a0<\/strong><\/span><\/p>\n<p><span style=\"color: #000000;\"><strong>9h30 Xeuilley<\/strong><\/span><\/p>\n<p><span style=\"color: #000000;\"><strong>11h Neuves-Maisons<\/strong><\/span><\/p>\n<\/td>\n<\/tr>\n<\/tbody>\n<\/table>\n<p><span style=\"color: #000000;\"><strong>Repas paroissial :<br \/><\/strong><strong>Dimanche 18 janvier 2026 \u00e0 la Maison du Temps Libre \u00e0 Heillecourt, \u00e0 partir de midi, <\/strong>nos paroisses se retrouvent, pour le repas annuel. R\u00e9servez d\u00e8s \u00e0 pr\u00e9sent la date\u00a0!<\/span><\/p>\n<p><span style=\"color: #000000;\"><strong>Assembl\u00e9e g\u00e9n\u00e9rale de l\u2019Association Kermesse paroissiale :<br \/><\/strong><strong>Samedi 20 d\u00e9cembre \u00e0 10h30 <\/strong>dans les salles paroissiales de Jarville.<\/span><\/p>\n<p><span style=\"color: #000000;\"><strong>A la rencontre du Christ :<br \/><\/strong>Dans nos paroisses des personnes viennent demander \u00e0 \u00eatre initi\u00e9es ou form\u00e9es \u00e0 la connaissance de notre foi au Christ. <strong>En janvier, <\/strong>nouveau parcours<a style=\"color: #000000;\" href=\"https:\/\/www.parcoursalpha.fr\/\"><strong> Alpha <\/strong><\/a>\u00e0 partir du<strong> mardi 13 janvier 2026, \u00e0 Jarville, \u00e0 19h30, dans les salles paroissiales : <\/strong>Alpha est une s\u00e9rie de rencontres qui permet d\u2019explorer librement en petits groupes les bases de la foi chr\u00e9tienne, dans un environnement ouvert et convivial. Tout le monde est le bienvenu.<br \/>Contacter la paroisse\u00a0: 03 83 51 34 05<\/span><\/p>\n<p><span style=\"color: #000000;\"><strong>Autres Annonces :<br \/><\/strong><strong>Vivez No\u00ebl autrement \u00e0 la Maison <a style=\"color: #000000;\" href=\"https:\/\/www.catholique-nancy.fr\/agenda\/103475-vivez-noel-autrement-a-la-maison-familya-de-nancy\/\">Familya<\/a>\u00a0!<br \/><\/strong>Ateliers, conf\u00e9rences, point \u00e9coute, contes de No\u00ebl, restauration, march\u00e9 des cr\u00e9ateurs. Plus sp\u00e9cialement du <strong>10 au 13 d\u00e9cembre<\/strong>, 26 rue Saint L\u00e9on, 09 83 74 09 86.<\/span><\/p>\n","protected":false},"excerpt":{"rendered":"<p>Se pr\u00e9parer \u00e0 No\u00ebl : Temps de l\u2019Avent : &#8211; Collecte au fond des \u00e9glises pour la \u2018\u2019soupe des sans abri\u2019\u2019 :Tout le temps de l\u2019Avent, d\u00e8s le 06 d\u00e9cembre, un panier plac\u00e9 au fond de l\u2019\u00e9glise recueillera vos dons, produits d\u2019hygi\u00e8ne, de pu\u00e9riculture (savon, gel douche, shampoing, cr\u00e8me \u00e0 raser, couches pour b\u00e9b\u00e9s), produits&hellip; <br \/> <a class=\"read-more\" href=\"https:\/\/paroisses-nancy-sud.fr\/HOME\/annonces-de-saint-francois-de-sales-et-sainte-jeanne-de-chantal-21\/\">Lire la suite<\/a><\/p>\n","protected":false},"author":5,"featured_media":2464,"comment_status":"closed","ping_status":"open","sticky":false,"template":"","format":"standard","meta":[],"categories":[7],"tags":[],"acf":[],"_links":{"self":[{"href":"https:\/\/paroisses-nancy-sud.fr\/HOME\/wp-json\/wp\/v2\/posts\/5031"}],"collection":[{"href":"https:\/\/paroisses-nancy-sud.fr\/HOME\/wp-json\/wp\/v2\/posts"}],"about":[{"href":"https:\/\/paroisses-nancy-sud.fr\/HOME\/wp-json\/wp\/v2\/types\/post"}],"author":[{"embeddable":true,"href":"https:\/\/paroisses-nancy-sud.fr\/HOME\/wp-json\/wp\/v2\/users\/5"}],"replies":[{"embeddable":true,"href":"https:\/\/paroisses-nancy-sud.fr\/HOME\/wp-json\/wp\/v2\/comments?post=5031"}],"version-history":[{"count":2,"href":"https:\/\/paroisses-nancy-sud.fr\/HOME\/wp-json\/wp\/v2\/posts\/5031\/revisions"}],"predecessor-version":[{"id":5039,"href":"https:\/\/paroisses-nancy-sud.fr\/HOME\/wp-json\/wp\/v2\/posts\/5031\/revisions\/5039"}],"wp:featuredmedia":[{"embeddable":true,"href":"https:\/\/paroisses-nancy-sud.fr\/HOME\/wp-json\/wp\/v2\/media\/2464"}],"wp:attachment":[{"href":"https:\/\/paroisses-nancy-sud.fr\/HOME\/wp-json\/wp\/v2\/media?parent=5031"}],"wp:term":[{"taxonomy":"category","embeddable":true,"href":"https:\/\/paroisses-nancy-sud.fr\/HOME\/wp-json\/wp\/v2\/categories?post=5031"},{"taxonomy":"post_tag","embeddable":true,"href":"https:\/\/paroisses-nancy-sud.fr\/HOME\/wp-json\/wp\/v2\/tags?post=5031"}],"curies":[{"name":"wp","href":"https:\/\/api.w.org\/{rel}","templated":true}]}}