{"id":5033,"date":"2025-12-05T18:02:09","date_gmt":"2025-12-05T17:02:09","guid":{"rendered":"https:\/\/paroisses-nancy-sud.fr\/HOME\/?p=5033"},"modified":"2025-12-05T18:02:09","modified_gmt":"2025-12-05T17:02:09","slug":"laissons-nos-coeurs-devenir-des-creches-vivantes","status":"publish","type":"post","link":"https:\/\/paroisses-nancy-sud.fr\/HOME\/laissons-nos-coeurs-devenir-des-creches-vivantes\/","title":{"rendered":"Laissons nos c\u0153urs devenir \u00ab\u00a0des cr\u00e8ches vivantes\u00a0\u00bb"},"content":{"rendered":"\n<p><span style=\"color: #000000;\">\u00a0<strong>Laissons nos c\u0153urs devenir<\/strong> \u00ab <strong>des cr\u00e8ches vivantes<\/strong> \u00bb.\u00a0<\/span><\/p>\n<p><span style=\"color: #000000;\">En ce mois de d\u00e9cembre, nous voil\u00e0 en marche vers No\u00ebl. L\u2019Eglise nous offre 4 semaines pour pr\u00e9parer nos c\u0153urs. Ces quatre semaines ne sont pas un temps \u00ab avant\u00bb No\u00ebl o\u00f9 nous attendrions simplement et bien tranquillement que s\u2019\u00e9coulent les jours.<\/span><\/p>\n<p><span style=\"color: #000000;\">L\u2019Avent est plut\u00f4t ce temps que Dieu nous offre pour nous pr\u00e9parer \u00e0 sa venue, et pour ouvrir nos c\u0153urs \u00e0 tout ce qu\u2019il veut nous offrir.<\/span><\/p>\n<p><span style=\"color: #000000;\">\u00a0A l\u2019image que nous avons de la cr\u00e8che install\u00e9e dans notre \u00e9glise. J\u00e9sus, Marie, Joseph ses parents, les bergers et un peu plus tard les rois mages. Dans d\u2019autres \u00e9glises, nous pourrons voir un bucheron, une fermi\u00e8re, un cur\u00e9 sur le parvis, des paysans dans leurs champs. Ailleurs une cr\u00e8che vivante avec un nouveau-n\u00e9 et ses parents.\u00a0\u00a0\u00a0\u00a0\u00a0\u00a0\u00a0\u00a0\u00a0\u00a0\u00a0\u00a0\u00a0\u00a0\u00a0\u00a0\u00a0\u00a0\u00a0\u00a0\u00a0<\/span><\/p>\n<p><span style=\"color: #000000;\">\u00a0Dieu vient, en effet, rassembler tous les hommes sans distinction.<\/span><\/p>\n<p><span style=\"color: #000000;\">Dans la nuit de No\u00ebl, c\u2019est l\u2019enfant J\u00e9sus qui, pauvrement, humblement vient nous visiter. Il se fait le plus petit d\u2019entre les hommes pour s\u2019inviter au c\u0153ur de nos vies, au plus profond de nous-m\u00eames.<\/span><\/p>\n<p><span style=\"color: #000000;\">\u00a0Profitons donc de ce temps de l\u2019Avent pour demander \u00e0 Dieu de transformer nos c\u0153urs pour qu\u2019ils deviennent \u00ab des cr\u00e8ches vivantes\u00a0\u00bb, ce lieu o\u00f9 Dieu souhaite demeurer paisiblement au plus intime de nous.<\/span><\/p>\n<p><span style=\"color: #000000;\">Dans notre paroisse nous avons l\u2019occasion d\u2019accueillir des personnes isol\u00e9es. Est n\u00e9 ainsi le groupe \u00ab\u00a0des amis de Lazare\u00a0\u00bb, la table ouverte chaque second dimanche midi, le 25 d\u00e9cembre et \u00e0 P\u00e2ques, permet aussi l\u2019accueil de personnes un peu isol\u00e9es.<\/span><\/p>\n<p><span style=\"color: #000000;\">Que ce temps nous permette d\u2019accueillir Chacun \/ Chacune comme nous aimerions accueillir le Seigneur.<\/span><\/p>\n<p><span style=\"color: #000000;\">Quelle belle pr\u00e9paration en vue du soir de No\u00ebl o\u00f9 nous recevons, tous sans m\u00eame le demander, un magnifique cadeau\u00a0: Dieu s\u2019offre \u00e0 nous\u00a0!<\/span><\/p>\n<p><span style=\"color: #000000;\">Attendons-le et d\u00e9sirons-le d\u00e9j\u00e0 ardemment\u00a0!<\/span><\/p>\n<p><span style=\"color: #000000;\">\u00a0Bon Avent \u00e0 tous\u00a0!<\/span><\/p>\n<p><span style=\"color: #000000;\"><em>Marie-France, \u00e9quipe liturgique Saint-Fran\u00e7ois-de-Sales<\/em><\/span><\/p>\n","protected":false},"excerpt":{"rendered":"<p>\u00a0Laissons nos c\u0153urs devenir \u00ab des cr\u00e8ches vivantes \u00bb.\u00a0 En ce mois de d\u00e9cembre, nous voil\u00e0 en marche vers No\u00ebl. L\u2019Eglise nous offre 4 semaines pour pr\u00e9parer nos c\u0153urs. Ces quatre semaines ne sont pas un temps \u00ab avant\u00bb No\u00ebl o\u00f9 nous attendrions simplement et bien tranquillement que s\u2019\u00e9coulent les jours. L\u2019Avent est plut\u00f4t ce&hellip; <br \/> <a class=\"read-more\" href=\"https:\/\/paroisses-nancy-sud.fr\/HOME\/laissons-nos-coeurs-devenir-des-creches-vivantes\/\">Lire la suite<\/a><\/p>\n","protected":false},"author":5,"featured_media":529,"comment_status":"closed","ping_status":"open","sticky":false,"template":"","format":"standard","meta":[],"categories":[6],"tags":[],"acf":[],"_links":{"self":[{"href":"https:\/\/paroisses-nancy-sud.fr\/HOME\/wp-json\/wp\/v2\/posts\/5033"}],"collection":[{"href":"https:\/\/paroisses-nancy-sud.fr\/HOME\/wp-json\/wp\/v2\/posts"}],"about":[{"href":"https:\/\/paroisses-nancy-sud.fr\/HOME\/wp-json\/wp\/v2\/types\/post"}],"author":[{"embeddable":true,"href":"https:\/\/paroisses-nancy-sud.fr\/HOME\/wp-json\/wp\/v2\/users\/5"}],"replies":[{"embeddable":true,"href":"https:\/\/paroisses-nancy-sud.fr\/HOME\/wp-json\/wp\/v2\/comments?post=5033"}],"version-history":[{"count":1,"href":"https:\/\/paroisses-nancy-sud.fr\/HOME\/wp-json\/wp\/v2\/posts\/5033\/revisions"}],"predecessor-version":[{"id":5034,"href":"https:\/\/paroisses-nancy-sud.fr\/HOME\/wp-json\/wp\/v2\/posts\/5033\/revisions\/5034"}],"wp:featuredmedia":[{"embeddable":true,"href":"https:\/\/paroisses-nancy-sud.fr\/HOME\/wp-json\/wp\/v2\/media\/529"}],"wp:attachment":[{"href":"https:\/\/paroisses-nancy-sud.fr\/HOME\/wp-json\/wp\/v2\/media?parent=5033"}],"wp:term":[{"taxonomy":"category","embeddable":true,"href":"https:\/\/paroisses-nancy-sud.fr\/HOME\/wp-json\/wp\/v2\/categories?post=5033"},{"taxonomy":"post_tag","embeddable":true,"href":"https:\/\/paroisses-nancy-sud.fr\/HOME\/wp-json\/wp\/v2\/tags?post=5033"}],"curies":[{"name":"wp","href":"https:\/\/api.w.org\/{rel}","templated":true}]}}