{"id":5035,"date":"2025-12-07T10:00:00","date_gmt":"2025-12-07T09:00:00","guid":{"rendered":"https:\/\/paroisses-nancy-sud.fr\/HOME\/?p=5035"},"modified":"2025-12-12T16:10:15","modified_gmt":"2025-12-12T15:10:15","slug":"ne-va-pas-te-tromper-de-bonheur","status":"publish","type":"post","link":"https:\/\/paroisses-nancy-sud.fr\/HOME\/ne-va-pas-te-tromper-de-bonheur\/","title":{"rendered":"Ne va pas te tromper de bonheur"},"content":{"rendered":"\n<p class=\"Textbody\" style=\"margin-bottom: 5.65pt; text-align: justify;\"><span style=\"color: #000000;\"><b><span style=\"font-size: 15.5pt; font-family: Caladea;\">Ne va pas te tromper de bonheur<\/span><\/b><\/span><\/p>\n<p class=\"Textbody\" style=\"margin-bottom: 5.65pt; text-align: justify;\"><span style=\"font-size: 15.5pt; font-family: Caladea; color: #000000;\">Les \u00e9tudiants font cette exp\u00e9rience. Dans certaines \u00e9preuves acad\u00e9miques, il est n\u00e9cessaire d&rsquo;\u00e9tablir des priorit\u00e9s. Il arrive que l&rsquo;on s&#8217;embourbe inutilement dans un exercice alors qu&rsquo;il aurait mieux valu se concentrer sur un autre plus facile ou rapportant davantage de points. Lorsqu&rsquo;il s&rsquo;agit d&rsquo;un texte \u00e0 r\u00e9diger, on entend parfois le fameux\u00a0: \u00ab\u00a0Il reste quinze minutes, pensez \u00e0 relire et \u00e0 conclure.\u00a0\u00bb On sait bien qu&rsquo;il vaut mieux alors rendre un travail qui se tient, avec un d\u00e9but, un milieu et une fin, plut\u00f4t que de laisser voir qu&rsquo;on a \u00e9t\u00e9 surpris en plein \u00e9lan.<\/span><\/p>\n<p class=\"Textbody\" style=\"margin-bottom: 5.65pt; text-align: justify;\"><span style=\"color: #000000;\"><span style=\"font-size: 15.5pt; font-family: Caladea;\">\u00a0<\/span><span style=\"font-size: 15.5pt; font-family: Caladea;\">\u00ab\u00a0Le royaume de Dieu est tout proche\u00a0; il est temps de se convertir\u00a0\u00bb, nous dit en substance Jean le Baptiste. La cogn\u00e9e est \u00e0 la racine de l&rsquo;arbre. Le batteur s&rsquo;appr\u00eate \u00e0 s\u00e9parer le grain de la balle. Un moment d\u00e9cisif est sur le point d&rsquo;arriver et c&rsquo;est une bonne nouvelle, car cela nous oblige \u00e0 remettre toute chose en perspective, \u00e0 relire, \u00e0 conclure, \u00e0 voir si oui ou non notre vie \u00ab\u00a0se tient\u00a0\u00bb.<\/span><\/span><\/p>\n<p class=\"Textbody\" style=\"margin-bottom: 5.65pt; text-align: justify;\"><span style=\"font-size: 15.5pt; font-family: Caladea; color: #000000;\">Et si je savais que j&rsquo;allais mourir demain\u00a0? Ou la semaine prochaine\u00a0? Ou l&rsquo;ann\u00e9e prochaine\u00a0? Si je savais que j&rsquo;allais mourir demain, est-ce que je m\u00e8nerais ma journ\u00e9e de la m\u00eame mani\u00e8re\u00a0? Si je devais rendre ma vie demain, est-ce qu&rsquo;elle serait une vie \u00ab\u00a0qui se tient\u00a0\u00bb.<\/span><\/p>\n<p class=\"Textbody\" style=\"margin-bottom: 5.65pt; text-align: justify;\"><span style=\"font-size: 15.5pt; font-family: Caladea; color: #000000;\">L&rsquo;approche de la fin annonc\u00e9e me conduirait peut-\u00eatre \u00e0 juger diff\u00e9remment de ce qui est vraiment important, de ce qui a vraiment du prix, ce qui compte vraiment. Mais alors, puisque je suis certain que je vais mourir un jour, pourquoi ne pas, d\u00e8s aujourd&rsquo;hui, choisir ce qui compte vraiment\u00a0?<\/span><\/p>\n<p class=\"Textbody\" style=\"margin-bottom: 5.65pt; text-align: justify;\"><span style=\"font-size: 15.5pt; font-family: Caladea; color: #000000;\">J&rsquo;ai lu r\u00e9cemment que la crise qu&rsquo;on appelle encore \u00ab\u00a0crise du milieu de vie\u00a0\u00bb advient de plus en plus t\u00f4t. Des personnes de plus en plus jeunes prennent conscience qu&rsquo;elles ont pass\u00e9 des ann\u00e9es \u00e0 courir apr\u00e8s un but qui les a fait passer \u00e0 c\u00f4t\u00e9 de leur vrai bonheur. Il y a des gens comme cela qui passent des ann\u00e9es \u00e0 perdre leur sant\u00e9 pour gagner de l&rsquo;argent, puis qui passent le reste de leur vie \u00e0 d\u00e9penser leur argent pour garder la sant\u00e9.<\/span><\/p>\n<p class=\"Textbody\" style=\"margin-bottom: 5.65pt; text-align: justify;\"><span style=\"color: #000000;\"><span style=\"font-size: 15.5pt; font-family: Caladea;\">\u00a0<\/span><span style=\"font-size: 15.5pt; font-family: Caladea;\">L&rsquo;Avent est ce temps o\u00f9 nous nous mettons en situation d&rsquo;attente, de vigilance, de pr\u00e9paration&#8230; et aussi de conversion et de p\u00e9nitence, comme nous y appelle Jean le Baptiste dans l&rsquo;\u00e9vangile. La p\u00e9nitence de l&rsquo;Avent a une tonalit\u00e9 diff\u00e9rente de celle du Car\u00eame, quelque chose comme une interpellation\u00a0:<\/span><\/span><\/p>\n<p class=\"Textbody\" style=\"margin-bottom: 5.65pt; text-align: justify;\"><span style=\"font-size: 15.5pt; font-family: Caladea; color: #000000;\">\u00ab\u00a0L\u00e8ve les yeux. Le Seigneur vient. Le royaume de Dieu est tout proche. Ne va pas passer \u00e0 c\u00f4t\u00e9. Ne va pas te tromper de bonheur. Puisses-tu ne pas avoir \u00e0 attendre la mort pour r\u00e9aliser que tu as oubli\u00e9 de vivre. Et si d&rsquo;aventure tu r\u00e9alises que tu es en train de passer \u00e0 c\u00f4t\u00e9 de ta vie, reviens vite \u00e0 ce qui compte vraiment.\u00a0\u00bb<\/span><\/p>\n<p class=\"Textbody\" style=\"margin-bottom: 5.65pt; text-align: justify;\"><span style=\"font-size: 15.5pt; font-family: Caladea; color: #000000;\">Qu&rsquo;est-ce qui compte vraiment pour toi\u00a0? Le Seigneur, lui, a d\u00e9j\u00e0 choisi sans appel. Il dit\u00a0: \u00ab\u00a0Tu as du prix \u00e0 mes yeux, tu as de la valeur, et je t&rsquo;aime (Is\u00a043,4).\u00a0\u00bb et il le montre\u00a0: \u00ab\u00a0Pour nous les hommes, et pour notre salut, il descendit du Ciel.\u00a0\u00bb H\u00e9las\u00a0! en nous g\u00eet le vieil Adam, celui qui, apr\u00e8s sa faute, a choisi de se cacher en entendant venir le Seigneur. \u00ab\u00a0Adam, o\u00f9 es-tu\u00a0?\u00a0\u00bb a demand\u00e9 le Seigneur. \u00ab\u00a0Moi le Seigneur, je viens. Je suis l\u00e0, dans le concret de ta vie. Et toi, es-tu l\u00e0 ou bien vis-tu \u00e0 c\u00f4t\u00e9 de ta vie\u00a0? O\u00f9 es-tu\u00a0?\u00a0\u00bb<\/span><\/p>\n<p class=\"Textbody\" style=\"margin-bottom: 5.65pt; text-align: justify;\"><span style=\"color: #000000;\"><span style=\"font-size: 15.5pt; font-family: Caladea;\">\u00a0<\/span><span style=\"font-size: 15.5pt; font-family: Caladea;\">\u00ab\u00a0O\u00f9 es-tu\u00a0?\u00a0\u00bb\u00a0: c&rsquo;est la m\u00eame question que les hommes et les femmes adressent \u00e0 Dieu, lui qui a cr\u00e9\u00e9 ce monde, ce monde beau et bon, ce monde o\u00f9 cependant il y a du mal, o\u00f9 les loups, les l\u00e9opards, les ours et les lions mangent les agneaux, les chevreaux, les vaches, les b\u0153ufs et les petits gar\u00e7ons et o\u00f9 il ne fait pas bon s&rsquo;amuser avec les serpents. \u00ab\u00a0Dieu, o\u00f9 es-tu\u00a0? Qu&rsquo;as-tu \u00e0 r\u00e9pondre\u00a0?\u00a0\u00bb<\/span><\/span><\/p>\n<p class=\"Textbody\" style=\"margin-bottom: 5.65pt; text-align: justify;\"><span style=\"font-size: 15.5pt; font-family: Caladea; color: #000000;\">La r\u00e9ponse de Dieu, c&rsquo;est l&rsquo;histoire du salut dans son ensemble. La voix de Dieu retentit, souvent dans le d\u00e9sert, et appelle \u00e0 changer de vie. Sa promesse fonde notre esp\u00e9rance, notre certitude que le mal et la corruption ne seront pas le fin mot de l&rsquo;histoire du monde. Le Seigneur envoie dans le monde le rameau de Jess\u00e9, celui sur qui repose l&rsquo;Esprit Saint, celui qui baptisera dans le feu, celui qui jugera, dont la parole frappera, secouera et purifiera le monde comme le fl\u00e9au s\u00e9pare le grain de la balle. Le Seigneur le promet\u00a0: il ne laissera pas le mal sans r\u00e9ponse.<\/span><\/p>\n<p class=\"Textbody\" style=\"margin-bottom: 5.65pt; text-align: justify;\"><span style=\"font-size: 15.5pt; font-family: Caladea; color: #000000;\">N&rsquo;est-ce qu&rsquo;un v\u0153u pieux, des paroles en l&rsquo;air\u00a0? Les disciples de J\u00e9sus affirment que non\u00a0: \u00ab\u00a0Soutenus par ta mis\u00e9ricorde, nous serons lib\u00e9r\u00e9s de tout p\u00e9ch\u00e9, \u00e0 l&rsquo;abri de toute \u00e9preuve, nous qui attendons que se r\u00e9alise la bienheureuse esp\u00e9rance.\u00a0\u00bb<\/span><\/p>\n<p class=\"Textbody\" style=\"margin-bottom: 5.65pt; text-align: justify;\"><span style=\"font-size: 15.5pt; font-family: Caladea; color: #000000;\">Les chr\u00e9tiens, comme les juifs avant eux, pratiquent l&rsquo;exercice de la m\u00e9moire\u00a0: \u00ab\u00a0Souviens-toi. Souviens-toi de la lib\u00e9ration de la servitude d&rsquo;Egypte. Souviens-toi de la travers\u00e9e du d\u00e9sert vers la terre promise. Souviens-toi des oracles des proph\u00e8tes. Souviens-toi du retour de la dispersion et de l&rsquo;exil \u00e0 Babylone. Souviens-toi de J\u00e9sus-Christ, ressuscit\u00e9 d&rsquo;entre les morts. Souviens-toi de la vie des saints et des saintes. Souviens-toi de ton histoire sainte avec le Seigneur. Souviens-toi que le Seigneur tient toujours ses promesses.\u00a0\u00bb<\/span><\/p>\n<p class=\"Textbody\" style=\"margin-bottom: 5.65pt; text-align: justify;\"><span style=\"color: #000000;\"><span style=\"font-size: 15.5pt; font-family: Caladea;\">\u00a0<\/span><span style=\"font-size: 15.5pt; font-family: Caladea;\">Fr\u00e8res et s\u0153urs, souvenons-nous que nous mourrons un jour. Tous les autres jours, nous ne mourrons pas, alors t\u00e2chons de vivre vraiment. En ce temps de l&rsquo;Avent, que notre p\u00e9nitence consiste \u00e0 nous arracher au confort des faux bonheurs et \u00e0 embrasser le vrai bonheur, celui que nous ne regretterons pas d&rsquo;avoir suivi au jour du Seigneur. Aucun effort ne sera vain s&rsquo;il tend vers l&rsquo;avenir que le Seigneur nous assure, cet avenir enfin lib\u00e9r\u00e9 du mal et de la corruption. Puissions-nous vivre de telle sorte que, lorsque le Seigneur viendra nous demander\u00a0: \u00ab\u00a0O\u00f9 es-tu\u00a0?\u00a0\u00bb, nous puissions lui r\u00e9pondre sans crainte\u00a0: \u00ab\u00a0Me voici, Seigneur.\u00a0\u00bb<\/span><\/span><\/p>\n<p style=\"text-align: right;\"><span style=\"color: #000000;\"><em>P\u00e8re Alexandre-Marie Valder<\/em><\/span><\/p>\n","protected":false},"excerpt":{"rendered":"<p>Ne va pas te tromper de bonheur Les \u00e9tudiants font cette exp\u00e9rience. Dans certaines \u00e9preuves acad\u00e9miques, il est n\u00e9cessaire d&rsquo;\u00e9tablir des priorit\u00e9s. Il arrive que l&rsquo;on s&#8217;embourbe inutilement dans un exercice alors qu&rsquo;il aurait mieux valu se concentrer sur un autre plus facile ou rapportant davantage de points. Lorsqu&rsquo;il s&rsquo;agit d&rsquo;un texte \u00e0 r\u00e9diger, on&hellip; <br \/> <a class=\"read-more\" href=\"https:\/\/paroisses-nancy-sud.fr\/HOME\/ne-va-pas-te-tromper-de-bonheur\/\">Lire la suite<\/a><\/p>\n","protected":false},"author":9,"featured_media":290,"comment_status":"closed","ping_status":"open","sticky":false,"template":"","format":"standard","meta":[],"categories":[9],"tags":[],"acf":[],"_links":{"self":[{"href":"https:\/\/paroisses-nancy-sud.fr\/HOME\/wp-json\/wp\/v2\/posts\/5035"}],"collection":[{"href":"https:\/\/paroisses-nancy-sud.fr\/HOME\/wp-json\/wp\/v2\/posts"}],"about":[{"href":"https:\/\/paroisses-nancy-sud.fr\/HOME\/wp-json\/wp\/v2\/types\/post"}],"author":[{"embeddable":true,"href":"https:\/\/paroisses-nancy-sud.fr\/HOME\/wp-json\/wp\/v2\/users\/9"}],"replies":[{"embeddable":true,"href":"https:\/\/paroisses-nancy-sud.fr\/HOME\/wp-json\/wp\/v2\/comments?post=5035"}],"version-history":[{"count":1,"href":"https:\/\/paroisses-nancy-sud.fr\/HOME\/wp-json\/wp\/v2\/posts\/5035\/revisions"}],"predecessor-version":[{"id":5036,"href":"https:\/\/paroisses-nancy-sud.fr\/HOME\/wp-json\/wp\/v2\/posts\/5035\/revisions\/5036"}],"wp:featuredmedia":[{"embeddable":true,"href":"https:\/\/paroisses-nancy-sud.fr\/HOME\/wp-json\/wp\/v2\/media\/290"}],"wp:attachment":[{"href":"https:\/\/paroisses-nancy-sud.fr\/HOME\/wp-json\/wp\/v2\/media?parent=5035"}],"wp:term":[{"taxonomy":"category","embeddable":true,"href":"https:\/\/paroisses-nancy-sud.fr\/HOME\/wp-json\/wp\/v2\/categories?post=5035"},{"taxonomy":"post_tag","embeddable":true,"href":"https:\/\/paroisses-nancy-sud.fr\/HOME\/wp-json\/wp\/v2\/tags?post=5035"}],"curies":[{"name":"wp","href":"https:\/\/api.w.org\/{rel}","templated":true}]}}