{"id":5037,"date":"2025-12-05T17:10:00","date_gmt":"2025-12-05T16:10:00","guid":{"rendered":"https:\/\/paroisses-nancy-sud.fr\/HOME\/?p=5037"},"modified":"2025-12-05T18:14:54","modified_gmt":"2025-12-05T17:14:54","slug":"annonces-de-la-visitation-du-7-decembre","status":"publish","type":"post","link":"https:\/\/paroisses-nancy-sud.fr\/HOME\/annonces-de-la-visitation-du-7-decembre\/","title":{"rendered":"Annonces de la Visitation du 7 d\u00e9cembre"},"content":{"rendered":"\n<p><span style=\"color: #000000;\"><strong>Dimanche 28 d\u00e9cembre, bapt\u00eame<\/strong> de Sidonie en l\u2019\u00e9glise de Neuves-Maisons<\/span><br \/><span style=\"color: #000000;\">R\u00e9jouissons-nous et portons-la, ainsi que ses parents, dans nos pri\u00e8res\u00a0!<\/span><\/p>\n<p><span style=\"color: #000000;\"><strong>\u00a0<\/strong><strong>Collecte au fond des \u00e9glises\u00a0<\/strong>Tout le temps de l\u2019Avent, un panier plac\u00e9 au fond de l\u2019\u00e9glise recueillera vos dons, produits d\u2019hygi\u00e8ne, de pu\u00e9riculture (savon, gel douche, shampoing, couches pour b\u00e9b\u00e9s), produits alimentaires non p\u00e9rissables (huile, farine, th\u00e9, caf\u00e9, chocolat en tablettes ou en poudre, biscuits), lait, jus de fruits et des surprises ou friandises de No\u00ebl\u00a0pour les personnes en difficult\u00e9, redistribu\u00e9s par les services de notre secteur. Un grand merci !<\/span><\/p>\n<p><span style=\"color: #000000;\"><strong>Jeudi 11 d\u00e9cembre \u00e0 17h00 dans les salles paroissiales de Neuves-Maisons,<\/strong> rencontre pour l&rsquo;\u00e9tablissement du calendrier d&rsquo;animation des messes \u00e0 Neuves-Maisons, si vous souhaitez vous joindre aux \u00e9quipes liturgiques qui pr\u00e9parent les c\u00e9l\u00e9brations, vous \u00eates cordialement invit\u00e9s.<\/span><\/p>\n<p><span style=\"color: #000000;\"><strong>Samedi 13 d\u00e9cembre 2025, \u00e0 18h,<\/strong> \u00e0 la salle Notre-Dame des Anges \u00e0 Nancy :<\/span><br \/><span style=\"color: #000000;\">Plongez dans l\u2019univers de la cit\u00e9 Magnolia avec\u00a0Les copains d\u2019en bas, un spectacle vibrant m\u00ealant th\u00e9\u00e2tre et conte. Suivez\u00a0Ben et Charlotte\u00a0dans leur nouvelle vie au c\u0153ur d\u2019une cit\u00e9 HLM, entre rencontres, solidarit\u00e9 et petits bonheurs du quotidien.<\/span><br \/><span style=\"color: #000000;\">\u00c0 travers cette pi\u00e8ce, Le Comit\u00e9 Catholique contre la faim et pour le d\u00e9veloppement, la Jeunesse Ouvri\u00e8re Chr\u00e9tienne et la\u00a0<a style=\"color: #000000;\" href=\"https:\/\/nancy.annuaire-eglise.net\/#groupe?id=2154\">Mission Ouvri\u00e8re<\/a>\u00a0vous invite \u00e0 une soir\u00e9e de r\u00e9cits et d\u2019\u00e9changes : des quartiers d\u2019ici aux conflits de l\u00e0-bas, des histoires pour comprendre, ressentir, d\u00e9battre et tisser des liens. Participation libre. Tout public \u00e0 partir de 11 ans.<\/span><\/p>\n<p><span style=\"color: #000000;\"><strong>Dimanche 14 d\u00e9cembre, notre paroisse participera \u00e0 \u00ab\u00a0l\u2019op\u00e9ration Oranges\u00a0\u00bb. <\/strong>Pour soutenir l\u2019\u0153uvre de S\u0153ur Emmanuelle et pour apporter une aide aux enfants, il vous sera propos\u00e9 \u00e0 la fin de la messe des oranges bio au prix symbolique de 1\u20ac pour une orange. Le b\u00e9n\u00e9fice des ventes sera revers\u00e9 int\u00e9gralement \u00e0 l&rsquo;association Op\u00e9ration Oranges pour poursuivre des actions dans diff\u00e9rents pays comme le Liban, l\u2019Egypte et en particulier le Soudan du Sud.<\/span><\/p>\n<p><span style=\"color: #000000;\"><strong>Dimanche 14 d\u00e9cembre \u00e0 16h00<\/strong>, l\u2019Association des Amis de Saint Remi de Xeuilley organise son prochain concert de No\u00ebl ; La chorale Croqu\u2019Notes, sous la direction de Madeleine Griffaton interpr\u00e9tera des chants traditionnels et populaires, a capella et avec orgue. <strong><em>Entr\u00e9e libre.<\/em><\/strong><\/span><\/p>\n<p><span style=\"color: #000000;\"><strong><em>\u00a0<\/em><\/strong><strong>Messes \u00e0 la Visitation :<br \/><\/strong>Samedi 13 d\u00e9cembre \u00e0 18h00\u00a0: Messein<\/span><br \/><span style=\"color: #000000;\">Dimanche 14 d\u00e9cembre \u00e0 11h00\u00a0: Neuves Maisons<\/span><\/p>\n<p><span style=\"color: #000000;\"><strong>Messes en semaine.<br \/><\/strong>Jeudi\u00a0: adoration \u00e0 16h00 et messe \u00e0 16h30 \u00e0 la chapelle.<\/span><br \/><span style=\"color: #000000;\">Vendredi\u00a0: messe \u00e0 08h20 chez les s\u0153urs \u00e0 Bainville, 67 rue Jacques Callot.<\/span><\/p>\n<p><span style=\"color: #000000;\"><u><strong>Permanences<\/strong> \u00e0 <strong>la maison paroissiale<\/strong> :<\/u> <\/span><br \/><span style=\"color: #000000;\">Mardi de 14h \u00e0 16h30 et Samedi de 9h30 \u00e0 11h30<\/span><br \/><span style=\"color: #000000;\">tel : 03 83 47 25 54 \u2013 <em><strong>adresse mail<\/strong><\/em><strong> : <\/strong><a style=\"color: #000000;\" href=\"mailto:visitationmm@orange.fr\">visitationmm@orange.fr<\/a>\u00a0 <\/span><br \/><span style=\"color: #000000;\">Horaires des messes :\u00a0 <a style=\"color: #000000;\" href=\"https:\/\/messes.info\/\">messesinfo<\/a><em> (cliquer sur le lien)<\/em><\/span><\/p>\n","protected":false},"excerpt":{"rendered":"<p>Dimanche 28 d\u00e9cembre, bapt\u00eame de Sidonie en l\u2019\u00e9glise de Neuves-MaisonsR\u00e9jouissons-nous et portons-la, ainsi que ses parents, dans nos pri\u00e8res\u00a0! \u00a0Collecte au fond des \u00e9glises\u00a0Tout le temps de l\u2019Avent, un panier plac\u00e9 au fond de l\u2019\u00e9glise recueillera vos dons, produits d\u2019hygi\u00e8ne, de pu\u00e9riculture (savon, gel douche, shampoing, couches pour b\u00e9b\u00e9s), produits alimentaires non p\u00e9rissables (huile, farine,&hellip; <br \/> <a class=\"read-more\" href=\"https:\/\/paroisses-nancy-sud.fr\/HOME\/annonces-de-la-visitation-du-7-decembre\/\">Lire la suite<\/a><\/p>\n","protected":false},"author":5,"featured_media":472,"comment_status":"closed","ping_status":"open","sticky":false,"template":"","format":"standard","meta":[],"categories":[10],"tags":[],"acf":[],"_links":{"self":[{"href":"https:\/\/paroisses-nancy-sud.fr\/HOME\/wp-json\/wp\/v2\/posts\/5037"}],"collection":[{"href":"https:\/\/paroisses-nancy-sud.fr\/HOME\/wp-json\/wp\/v2\/posts"}],"about":[{"href":"https:\/\/paroisses-nancy-sud.fr\/HOME\/wp-json\/wp\/v2\/types\/post"}],"author":[{"embeddable":true,"href":"https:\/\/paroisses-nancy-sud.fr\/HOME\/wp-json\/wp\/v2\/users\/5"}],"replies":[{"embeddable":true,"href":"https:\/\/paroisses-nancy-sud.fr\/HOME\/wp-json\/wp\/v2\/comments?post=5037"}],"version-history":[{"count":1,"href":"https:\/\/paroisses-nancy-sud.fr\/HOME\/wp-json\/wp\/v2\/posts\/5037\/revisions"}],"predecessor-version":[{"id":5038,"href":"https:\/\/paroisses-nancy-sud.fr\/HOME\/wp-json\/wp\/v2\/posts\/5037\/revisions\/5038"}],"wp:featuredmedia":[{"embeddable":true,"href":"https:\/\/paroisses-nancy-sud.fr\/HOME\/wp-json\/wp\/v2\/media\/472"}],"wp:attachment":[{"href":"https:\/\/paroisses-nancy-sud.fr\/HOME\/wp-json\/wp\/v2\/media?parent=5037"}],"wp:term":[{"taxonomy":"category","embeddable":true,"href":"https:\/\/paroisses-nancy-sud.fr\/HOME\/wp-json\/wp\/v2\/categories?post=5037"},{"taxonomy":"post_tag","embeddable":true,"href":"https:\/\/paroisses-nancy-sud.fr\/HOME\/wp-json\/wp\/v2\/tags?post=5037"}],"curies":[{"name":"wp","href":"https:\/\/api.w.org\/{rel}","templated":true}]}}