{"id":5046,"date":"2025-12-12T17:30:22","date_gmt":"2025-12-12T16:30:22","guid":{"rendered":"https:\/\/paroisses-nancy-sud.fr\/HOME\/?p=5046"},"modified":"2025-12-12T17:30:22","modified_gmt":"2025-12-12T16:30:22","slug":"annonces-de-saint-francois-de-sales-et-sainte-jeanne-de-chantal-du-14-decembre","status":"publish","type":"post","link":"https:\/\/paroisses-nancy-sud.fr\/HOME\/annonces-de-saint-francois-de-sales-et-sainte-jeanne-de-chantal-du-14-decembre\/","title":{"rendered":"Annonces de Saint-Fran\u00e7ois-de-Sales et Sainte-Jeanne-de-Chantal du 14 d\u00e9cembre"},"content":{"rendered":"\n<p><\/p>\n<p><span style=\"color: #000000;\"><strong>Se pr\u00e9parer \u00e0 No\u00ebl : Temps de l\u2019Avent :<\/strong><\/span><\/p>\n<p><span style=\"color: #000000;\">Op\u00e9ration \u2018\u2019Oranges\u2019\u2019 de S\u0153ur Emmanuelle et de S\u0153ur Sara :\u00a0<\/span><br \/><span style=\"color: #000000;\">Samedi 13 et dimanche 14 d\u00e9cembre (puis le 21 d\u00e9cembre \u00e0 Ludres)\u00a0: \u00e0 la sortie de nos \u00e9glises. Des oranges vous sont propos\u00e9es\u00a0: 1 orange = 1 euro. Des oranges, pour rappeler la distribution d&rsquo;oranges op\u00e9r\u00e9e par s\u0153ur Emmanuelle aux enfants des rues du Soudan du Sud\u00a0(mais aussi \u00e9largissement des aides au Liban et \u00e0 l\u2019Egypte) : aide nutritionnelle, priorit\u00e9 \u00e0 l&rsquo;\u00e9ducation et plus particuli\u00e8rement des filles.<\/span><\/p>\n<p><span style=\"color: #000000;\"><strong>Animation de No\u00ebl \u00e0 Flavigny :<br \/><\/strong><strong>Vendredi 19 d\u00e9cembre, \u00e0 l\u2019\u00e9glise et sur le parvis de l\u2019\u00e9glise\u00a0\u00e0 partir de 17h : <\/strong>chemin de lumi\u00e8re vers la cr\u00e8che \u00e0 l\u2019\u00e9glise, musique et chants de No\u00ebl, chocolat chaud, vin et marrons chauds sur le parvis autour des braseros\u00a0: animation propos\u00e9e par le groupe \u2018\u2019vivre ensemble \u2018\u2019, sous couvert du CCAS et de la mairie de Flavigny, et de la paroisse.<\/span><\/p>\n<p><span style=\"color: #000000;\"><strong>Se recueillir aupr\u00e8s des cr\u00e8ches :<br \/><\/strong>Tous les jours \u00e0 <strong>Jarville<\/strong> <\/span><br \/><span style=\"color: #000000;\">\u00a0Mercredi et samedi matin \u00e0 <strong>Ludres<br \/><\/strong>Jeudi de 16h \u00e0 17h \u00e0 <strong>Heillecourt <br \/><\/strong>Samedi 20 d\u00e9cembre \u00e0 <strong>Fl\u00e9ville<\/strong> de 15h \u00e0 18h<\/span><br \/><span style=\"color: #000000;\">Avant les messes \u00e0 <strong>Laneuveveille, Flavigny, Heillecourt. <\/strong><\/span><\/p>\n<p><span style=\"color: #000000;\"><strong>Concerts de No\u00ebl :<br \/><\/strong><strong>&#8211; Samedi 13 d\u00e9cembre \u00e0 Jarville \u00e0 20h, <\/strong>\u00e0 l\u2019\u00e9glise du Sacr\u00e9 C\u0153ur<strong>, concert chants de No\u00ebl, <\/strong>par la chorale \u2018\u2019Croqu\u2019Notes\u2019\u2019.<\/span><br \/><span style=\"color: #000000;\"><strong>&#8211; Samedi 13 d\u00e9cembre \u00e0 Heillecourt \u00e0 20h 30, <\/strong>\u00e0 l\u2019\u00e9glise des saints Anges Gardiens, concert avec les deux chorales \u2018\u2019Les Voix Si les voix La\u2019\u2019 et de \u2018\u2019la Manonchante\u2019\u2019.<\/span><br \/><span style=\"color: #000000;\"><strong>&#8211; Dimanche 14 d\u00e9cembre \u00e0 15h30, \u00e0 Houdemont <\/strong>\u00e0 l\u2019\u00e9glise saint Go\u00ebric, par le ch\u0153ur d\u2019hommes \u2018\u2019Faridol<strong>\u2018&rsquo;<br \/><\/strong><strong>&#8211; Samedi 20 d\u00e9cembre \u00e0 Ludres, \u00e0 20h, <\/strong>\u00e0 l\u2019\u00e9glise Saint Epvre<strong>, conte de No\u00ebl <\/strong>avec la \u2018\u2019Cantalud\u2019\u2019<\/span><\/p>\n<p><span style=\"color: #000000;\"><strong>C\u00e9l\u00e9brations du pardon :<br \/><\/strong><strong>Lundi 22 d\u00e9cembre c\u00e9l\u00e9brations du pardon (<\/strong>ou sacrement de r\u00e9conciliation) avec confessions :<br \/>\u00a0 \u00a0 \u00a0 \u00a0 \u00a0 \u00a0 \u00a0 \u00a0 \u00a0 \u00a0 \u00a0 \u00a0 \u00a0 \u00a0 \u00a0 \u00a0 14h \u00e0 Neuves-Maisons, 16h \u00e0 Heillecourt, 19h \u00e0 Jarville.<\/span><\/p>\n<p><span style=\"color: #000000;\"><strong>Collecte au fond des \u00e9glises\u00a0pour la \u2018\u2019soupe des sans abri\u2019\u2019 :<br \/><\/strong>Tout le temps de l\u2019Avent, d\u00e8s le 06 d\u00e9cembre, un panier plac\u00e9 au fond de l\u2019\u00e9glise recueillera vos dons, produits d\u2019hygi\u00e8ne, de pu\u00e9riculture (savon, gel douche, shampoing, cr\u00e8me \u00e0 raser, couches pour b\u00e9b\u00e9s), produits alimentaires non p\u00e9rissables (huile, farine, th\u00e9, caf\u00e9, cacao, conserves de poisson, p\u00e2tes, riz, sauce tomate) et des surprises ou g\u00e2teries de No\u00ebl\u00a0pour les personnes en difficult\u00e9, redistribu\u00e9s par les services de notre secteur. Un grand merci !<\/span><\/p>\n<p><span style=\"color: #000000;\"><strong>Rencontres <\/strong><strong>AJC<\/strong><strong> des jeunes du secteur Nancy-Sud :<br \/><\/strong><strong>\u00a0 \u00a0 \u00a0 \u00a0 \u00a0 Vendredi 19 d\u00e9cembre \u00e0 Ludres,<\/strong> de 19h \u00e0 21h30, une soir\u00e9e de pastorale des jeunes sur le th\u00e8me du regard et du jugement (mon regard sur les autres, le regard des autres sur moi, le regard de Dieu sur nous).<br \/><strong>\u00a0 \u00a0 \u00a0 \u00a0 \u00a0Un week-end hivernal,<\/strong> <strong>du<\/strong> <strong>samedi 10 janvier au matin jusqu\u2019au dimanche 11 janvier <\/strong>est propos\u00e9,<strong> c<\/strong>omme chaque ann\u00e9e, aux jeunes de nos paroisses, au monast\u00e8re d\u2019<strong>Orbey<\/strong>, dans les Vosges. Au programme : Randonn\u00e9e, jeux, petits topos, veill\u00e9e <em>cluedo<\/em>, participation aux offices monastiques avec les s\u0153urs. Le prix du week-end sera d\u2019environ 37 \u20ac. Si certains ont cours le samedi matin, ce n\u2019est pas un frein \u00e0 votre venue, nous organisons un second d\u00e9part.<\/span><\/p>\n<p><span style=\"color: #000000;\"><strong>Assembl\u00e9e g\u00e9n\u00e9rale de l\u2019Association Kermesse paroissiale :<br \/><\/strong><strong>Samedi 20 d\u00e9cembre \u00e0 10h30 <\/strong>dans les salles paroissiales de Jarville.<\/span><\/p>\n<p><span style=\"color: #000000;\"><strong>Eveil \u00e0 la foi pour les enfants de 3 \u00e0 7 ans :<br \/><\/strong><strong>Dimanche 21 d\u00e9cembre \u00e0 10h \u00e0 Ludres parents et enfants se retrouvent \u00e0 la maison paroissiale. <\/strong>Temps d\u2019\u00e9veil en cette p\u00e9riode de No\u00ebl.<\/span><\/p>\n<p><span style=\"color: #000000;\"><strong>Bapt\u00eame :<br \/><\/strong><strong>Dimanche 21 d\u00e9cembre, \u00e0 Jarville, bapt\u00eame <\/strong>de Margot LALOT. Nous prions pour elle et sa famille.<\/span><\/p>\n<p><span style=\"color: #000000;\"><strong>\u00a0Horaires des messes dominicales du 20 et 21 d\u00e9cembre 2025 :<br \/><\/strong><strong>Samedi 20 d\u00e9cembre<\/strong>: <strong>18h<\/strong> Laneuveville, Heillecourt.<br \/><strong>Dimanche 21 d\u00e9cembre<\/strong>: <strong>9h30<\/strong> Pulligny \u00a0\u00a0\u00a0\u00a0\u00a0\u00a0\u00a0\u00a0\u00a0\u00a0<strong>11h<\/strong> Jarville, Ludres<\/span><\/p>\n<p><span style=\"color: #000000;\"><strong>Horaires des messes de No\u00ebl :<\/strong><\/span><\/p>\n<table>\n<tbody>\n<tr>\n<td width=\"179\">\n<p><span style=\"color: #000000;\"><strong>\u00a0<\/strong><\/span><\/p>\n<\/td>\n<td width=\"179\">\n<p><span style=\"color: #000000;\"><strong>Saint-Fran\u00e7ois de Sales<\/strong><\/span><\/p>\n<\/td>\n<td width=\"179\">\n<p><span style=\"color: #000000;\"><strong>Sainte-Jeanne-de-Chantal<\/strong><\/span><\/p>\n<\/td>\n<td width=\"179\">\n<p><span style=\"color: #000000;\"><strong>La Visitation sur Moselle et Madon<\/strong><\/span><\/p>\n<\/td>\n<\/tr>\n<tr>\n<td width=\"179\">\n<p><span style=\"color: #000000;\"><strong>Mercredi24 d\u00e9cembre<\/strong><\/span><\/p>\n<p><span style=\"color: #000000;\"><strong>Messe de la nuit<\/strong><\/span><\/p>\n<\/td>\n<td width=\"179\">\n<p><span style=\"color: #000000;\"><strong>18h \u00e0 Jarville<\/strong><\/span><\/p>\n<p><span style=\"color: #000000;\"><strong>\u00a0<\/strong><\/span><\/p>\n<p><span style=\"color: #000000;\"><strong>22h15 Fl\u00e9ville<\/strong><\/span><\/p>\n<\/td>\n<td width=\"179\">\n<p><span style=\"color: #000000;\"><strong>18h \u00e0 Flavigny<\/strong><\/span><\/p>\n<\/td>\n<td width=\"179\">\n<p><span style=\"color: #000000;\"><strong>18h \u00e0 Neuves-Maisons <\/strong><\/span><\/p>\n<p><span style=\"color: #000000;\"><strong>18h Frolois<\/strong><\/span><\/p>\n<\/td>\n<\/tr>\n<tr>\n<td width=\"179\">\n<p><span style=\"color: #000000;\"><strong>Jeudi 25 d\u00e9cembre<\/strong><\/span><\/p>\n<p><span style=\"color: #000000;\"><strong>Messes de l\u2019aurore<\/strong><\/span><\/p>\n<p><span style=\"color: #000000;\"><strong>Messes du jour de No\u00ebl <\/strong><\/span><\/p>\n<\/td>\n<td width=\"179\">\n<p><span style=\"color: #000000;\"><strong>\u00a0<\/strong><\/span><\/p>\n<p><span style=\"color: #000000;\"><strong>9h30 Jarville<\/strong><\/span><\/p>\n<p><span style=\"color: #000000;\"><strong>11h Laneuveville<\/strong><\/span><\/p>\n<\/td>\n<td width=\"179\">\n<p><span style=\"color: #000000;\"><strong>\u00a0<\/strong><\/span><\/p>\n<p><span style=\"color: #000000;\"><strong>9h30 Heillecourt<\/strong><\/span><\/p>\n<p><span style=\"color: #000000;\"><strong>11h Ludres<\/strong><\/span><\/p>\n<\/td>\n<td width=\"179\">\n<p><span style=\"color: #000000;\"><strong>\u00a0<\/strong><\/span><\/p>\n<p><span style=\"color: #000000;\"><strong>9h30 Xeuilley<\/strong><\/span><\/p>\n<p><span style=\"color: #000000;\"><strong>11h Neuves-Maisons<\/strong><\/span><\/p>\n<\/td>\n<\/tr>\n<\/tbody>\n<\/table>\n<p><span style=\"color: #000000;\"><strong>Repas paroissial :<br \/><\/strong><strong>Dimanche 18 janvier 2026 \u00e0 la Maison du Temps Libre \u00e0 Heillecourt, \u00e0 partir de midi, <\/strong>nos paroisses se retrouvent, pour le repas annuel. R\u00e9servez d\u00e8s \u00e0 pr\u00e9sent la date\u00a0!<\/span><\/p>\n<p><span style=\"color: #000000;\"><strong>A la rencontre du Christ :<br \/><\/strong>Dans nos paroisses des personnes viennent demander \u00e0 \u00eatre initi\u00e9es ou form\u00e9es \u00e0 la connaissance de notre foi au Christ. <strong>En janvier, <\/strong>nouveau parcours<strong> Alpha <\/strong>\u00e0 partir du<strong> mardi 13 janvier 2026, \u00e0 Jarville, \u00e0 19h30, dans les salles paroissiales : <\/strong>Alpha est une s\u00e9rie de rencontres qui permet d\u2019explorer librement en petits groupes les bases de la foi chr\u00e9tienne, dans un environnement ouvert et convivial. Tout le monde est le bienvenu. Contacter le 03 83 51 34 05<\/span><\/p>\n<p><span style=\"color: #000000;\"><strong>A<\/strong><strong>utres Annonces :<\/strong><\/span><\/p>\n<ol>\n<li><span style=\"color: #000000;\"><strong>Conf\u00e9rence de l\u2019ADA : \u2018\u2019Boualem Sansal- A l\u2019\u00e9preuve du r\u00e9el\u2018\u2019<br \/><\/strong><strong style=\"font-size: revert;\">Mardi 16 d\u00e9cembre \u00e0 20h30, <\/strong><span style=\"font-size: revert;\">au Domaine de l\u2019Asn\u00e9e, <\/span><strong style=\"font-size: revert;\">une soir\u00e9e consacr\u00e9e \u00e0 l\u2019\u00e9crivain alg\u00e9rien Boualem Sansal<\/strong><span style=\"font-size: revert;\">, figure majeure de la litt\u00e9rature contemporaine. La conf\u00e9rence\u00a0<\/span><em style=\"font-size: revert;\">A l\u2019\u00e9preuve du r\u00e9el<\/em><span style=\"font-size: revert;\">\u00a0sera anim\u00e9e par Lisa Romain, agr\u00e9g\u00e9e de Lettres modernes et docteure en litt\u00e9rature. La rencontre sera suivie d\u2019une vente du livre\u00a0<\/span><em style=\"font-size: revert;\">Boualem Sansal. \u00c0 l\u2019\u00e9preuve du r\u00e9el<\/em><span style=\"font-size: revert;\">\u00a0(\u00c9ditions du Cerf) et d\u2019une s\u00e9ance de d\u00e9dicaces avec Lisa Romain.<\/span><\/span><\/li>\n<li><span style=\"color: #000000;\"><strong>Invitation \u00e0 la cl\u00f4ture dioc\u00e9saine du jubil\u00e9 de l\u2019esp\u00e9rance :<br \/><\/strong>Notre Ev\u00eaque, Mgr Michel, \u00e0 la cl\u00f4ture dioc\u00e9saine du jubil\u00e9 de l&rsquo;esp\u00e9rance qui se vivra le 4 janvier, jour de l\u2019Epiphanie, de 11h00 \u00e0 16h00 en la cath\u00e9drale de Nancy \/<\/span><br \/><span style=\"color: #000000;\"><strong style=\"font-size: revert;\">11h\u00a015<\/strong><span style=\"font-size: revert;\"> : messe en la Cath\u00e9drale de Nancy<br \/><\/span><strong style=\"font-size: revert;\">12h 15\u00a0<\/strong><span style=\"font-size: revert;\">: repas partag\u00e9 \u00e0 Saint Dominique (ensemble scolaire \u00e0 c\u00f4t\u00e9 de la Cath\u00e9drale).<\/span><\/span><\/li>\n<\/ol>\n<p><span style=\"color: #000000;\"><strong style=\"font-size: revert;\">\u00a0 \u00a0 \u00a0 \u00a0 \u00a0 Apr\u00e8s-midi <\/strong><span style=\"font-size: revert;\">: revue photos et vid\u00e9os, partages et jeux.\u00a0 \u00a0\u00a0<br \/><\/span><strong>\u00a0 \u00a0 \u00a0 \u00a0 \u00a0 16h <\/strong>: fin de la journ\u00e9e apr\u00e8s avoir pri\u00e9 aupr\u00e8s de Notre-Dame de Tendresse\u2026<\/span><\/p>\n<p><\/p>\n","protected":false},"excerpt":{"rendered":"","protected":false},"author":5,"featured_media":2464,"comment_status":"closed","ping_status":"open","sticky":false,"template":"","format":"standard","meta":[],"categories":[7],"tags":[],"acf":[],"_links":{"self":[{"href":"https:\/\/paroisses-nancy-sud.fr\/HOME\/wp-json\/wp\/v2\/posts\/5046"}],"collection":[{"href":"https:\/\/paroisses-nancy-sud.fr\/HOME\/wp-json\/wp\/v2\/posts"}],"about":[{"href":"https:\/\/paroisses-nancy-sud.fr\/HOME\/wp-json\/wp\/v2\/types\/post"}],"author":[{"embeddable":true,"href":"https:\/\/paroisses-nancy-sud.fr\/HOME\/wp-json\/wp\/v2\/users\/5"}],"replies":[{"embeddable":true,"href":"https:\/\/paroisses-nancy-sud.fr\/HOME\/wp-json\/wp\/v2\/comments?post=5046"}],"version-history":[{"count":1,"href":"https:\/\/paroisses-nancy-sud.fr\/HOME\/wp-json\/wp\/v2\/posts\/5046\/revisions"}],"predecessor-version":[{"id":5047,"href":"https:\/\/paroisses-nancy-sud.fr\/HOME\/wp-json\/wp\/v2\/posts\/5046\/revisions\/5047"}],"wp:featuredmedia":[{"embeddable":true,"href":"https:\/\/paroisses-nancy-sud.fr\/HOME\/wp-json\/wp\/v2\/media\/2464"}],"wp:attachment":[{"href":"https:\/\/paroisses-nancy-sud.fr\/HOME\/wp-json\/wp\/v2\/media?parent=5046"}],"wp:term":[{"taxonomy":"category","embeddable":true,"href":"https:\/\/paroisses-nancy-sud.fr\/HOME\/wp-json\/wp\/v2\/categories?post=5046"},{"taxonomy":"post_tag","embeddable":true,"href":"https:\/\/paroisses-nancy-sud.fr\/HOME\/wp-json\/wp\/v2\/tags?post=5046"}],"curies":[{"name":"wp","href":"https:\/\/api.w.org\/{rel}","templated":true}]}}