{"id":5060,"date":"2025-12-14T22:05:18","date_gmt":"2025-12-14T21:05:18","guid":{"rendered":"https:\/\/paroisses-nancy-sud.fr\/HOME\/?p=5060"},"modified":"2025-12-14T22:05:18","modified_gmt":"2025-12-14T21:05:18","slug":"annonces-de-la-visitation-du-14-decembre","status":"publish","type":"post","link":"https:\/\/paroisses-nancy-sud.fr\/HOME\/annonces-de-la-visitation-du-14-decembre\/","title":{"rendered":"Annonces de la Visitation du 14 d\u00e9cembre"},"content":{"rendered":"\n<div>\n<p class=\"x_MsoNormal\" style=\"text-align: left;\" align=\"center\"><span style=\"color: #000000;\"><b>Dimanche 28 d\u00e9cembre, bapt\u00eame<\/b> de Sidonie en l\u2019\u00e9glise de Neuves-Maisons<\/span><br \/><span style=\"color: #000000;\">R\u00e9jouissons-nous et portons-la, ainsi que ses parents, dans nos prri\u00e8res.<\/span><\/p>\n<p class=\"x_MsoNormal\"><span style=\"color: #000000;\"><strong>Collecte au fond des \u00e9glises\u00a0<\/strong>Tout le temps de l\u2019Avent, un panier plac\u00e9 au fond de l\u2019\u00e9glise recueillera vos dons, produits d\u2019hygi\u00e8ne, de pu\u00e9riculture (savon, gel douche, shampoing, couches pour b\u00e9b\u00e9s), produits alimentaires non p\u00e9rissables (huile, farine, th\u00e9, caf\u00e9, chocolat en tablettes ou en poudre, biscuits), lait, jus de fruits et des surprises ou friandises de No\u00ebl\u00a0pour les personnes en difficult\u00e9, redistribu\u00e9s par les services de notre secteur. Un grand merci !<b><\/b><\/span><\/p>\n<p class=\"x_MsoNormal\"><span style=\"color: #000000;\"><b>Ce dimanche 14 d\u00e9cembre, notre paroisse participe \u00e0 \u00ab\u00a0l\u2019op\u00e9ration Oranges\u00a0\u00bb.\u00a0<\/b>Pour soutenir l\u2019\u0153uvre de S\u0153ur Emmanuelle et pour apporter une aide aux enfants, il vous sera propos\u00e9 \u00e0 la fin de la messe des oranges bio au prix symbolique de 1\u20ac pour une orange. Le b\u00e9n\u00e9fice des ventes sera revers\u00e9 int\u00e9gralement \u00e0 l&rsquo;association\u00a0<i>Op\u00e9ration Oranges<\/i>\u00a0pour poursuivre des actions dans diff\u00e9rents pays comme le Liban, l\u2019Egypte et en particulier le Soudan du Sud.<\/span><\/p>\n<p class=\"x_MsoNormal\"><span style=\"color: #000000;\"><b>Dimanche 14 d\u00e9cembre \u00e0 16h00<\/b>, l\u2019Association des Amis de St Remi de Xeuilley organise son concert de No\u00ebl. La chorale\u00a0<i>Croqu\u2019Notes<\/i>, sous la direction de Madeleine Griffaton interpr\u00e9tera des chants traditionnels et populaires, a capella et avec orgue.\u00a0<b><i>Entr\u00e9e libre.<\/i><\/b><\/span><\/p>\n<p class=\"x_MsoNormal\"><span style=\"color: #000000;\"><b>Dimanche 4 janvier 2026, jour de la solennit\u00e9 de l\u2019\u00c9piphanie,\u00a0\u00e0 11h15,\u00a0<\/b>\u00e0 la cath\u00e9drale Notre-Dame-de-l\u2019Annonciation de Nancy<b>\u00a0:<\/b>\u00a0les catholiques de notre dioc\u00e8se sont invit\u00e9s \u00e0 participer \u00e0 la grande c\u00e9l\u00e9bration dioc\u00e9saine de cl\u00f4ture du Jubil\u00e9. Elle sera pr\u00e9sid\u00e9e par Monseigneur Pierre-Yves Michel, \u00e9v\u00eaque de Nancy et Toul. Nous rendrons gr\u00e2ce pour cette ann\u00e9e d\u00e9di\u00e9e \u00e0 l\u2019esp\u00e9rance.<\/span><\/p>\n<p class=\"x_MsoNormal\"><span style=\"color: #000000;\">Comme chaque ann\u00e9e, la pastorale des jeunes de nos paroisses propose aux jeunes un week-end hivernal.\u00a0 Il aura lieu du\u00a0<b>samedi 10 janvier au matin jusqu\u2019au dimanche 11 janvier<\/b>, avec un retour pr\u00e9vu en d\u00e9but d\u2019apr\u00e8s-midi. Comme l\u2019an dernier, il aura lieu au monast\u00e8re d\u2019Orbey, dans les Vosges. Le prix du week-end sera d\u2019environ 37 \u20ac.<\/span><br \/><span style=\"color: #000000;\">Au programme : Randonn\u00e9e, jeux, petits topos, participation aux offices monastiques avec les s\u0153ur et une veill\u00e9e \u00ab\u00a0<i>cluedo<\/i>\u00ab\u00a0.<\/span><\/p>\n<p class=\"x_MsoNormal\" align=\"center\"><span style=\"color: #000000;\"><b>\u00a0<\/b><\/span><\/p>\n<\/div>\n<div>\u00a0<\/div>\n","protected":false},"excerpt":{"rendered":"<p>Dimanche 28 d\u00e9cembre, bapt\u00eame de Sidonie en l\u2019\u00e9glise de Neuves-MaisonsR\u00e9jouissons-nous et portons-la, ainsi que ses parents, dans nos prri\u00e8res. Collecte au fond des \u00e9glises\u00a0Tout le temps de l\u2019Avent, un panier plac\u00e9 au fond de l\u2019\u00e9glise recueillera vos dons, produits d\u2019hygi\u00e8ne, de pu\u00e9riculture (savon, gel douche, shampoing, couches pour b\u00e9b\u00e9s), produits alimentaires non p\u00e9rissables (huile, farine,&hellip; <br \/> <a class=\"read-more\" href=\"https:\/\/paroisses-nancy-sud.fr\/HOME\/annonces-de-la-visitation-du-14-decembre\/\">Lire la suite<\/a><\/p>\n","protected":false},"author":5,"featured_media":472,"comment_status":"closed","ping_status":"open","sticky":false,"template":"","format":"standard","meta":[],"categories":[10],"tags":[],"acf":[],"_links":{"self":[{"href":"https:\/\/paroisses-nancy-sud.fr\/HOME\/wp-json\/wp\/v2\/posts\/5060"}],"collection":[{"href":"https:\/\/paroisses-nancy-sud.fr\/HOME\/wp-json\/wp\/v2\/posts"}],"about":[{"href":"https:\/\/paroisses-nancy-sud.fr\/HOME\/wp-json\/wp\/v2\/types\/post"}],"author":[{"embeddable":true,"href":"https:\/\/paroisses-nancy-sud.fr\/HOME\/wp-json\/wp\/v2\/users\/5"}],"replies":[{"embeddable":true,"href":"https:\/\/paroisses-nancy-sud.fr\/HOME\/wp-json\/wp\/v2\/comments?post=5060"}],"version-history":[{"count":1,"href":"https:\/\/paroisses-nancy-sud.fr\/HOME\/wp-json\/wp\/v2\/posts\/5060\/revisions"}],"predecessor-version":[{"id":5061,"href":"https:\/\/paroisses-nancy-sud.fr\/HOME\/wp-json\/wp\/v2\/posts\/5060\/revisions\/5061"}],"wp:featuredmedia":[{"embeddable":true,"href":"https:\/\/paroisses-nancy-sud.fr\/HOME\/wp-json\/wp\/v2\/media\/472"}],"wp:attachment":[{"href":"https:\/\/paroisses-nancy-sud.fr\/HOME\/wp-json\/wp\/v2\/media?parent=5060"}],"wp:term":[{"taxonomy":"category","embeddable":true,"href":"https:\/\/paroisses-nancy-sud.fr\/HOME\/wp-json\/wp\/v2\/categories?post=5060"},{"taxonomy":"post_tag","embeddable":true,"href":"https:\/\/paroisses-nancy-sud.fr\/HOME\/wp-json\/wp\/v2\/tags?post=5060"}],"curies":[{"name":"wp","href":"https:\/\/api.w.org\/{rel}","templated":true}]}}