{"id":5118,"date":"2026-01-23T09:41:34","date_gmt":"2026-01-23T08:41:34","guid":{"rendered":"https:\/\/paroisses-nancy-sud.fr\/HOME\/?p=5118"},"modified":"2026-01-23T11:03:57","modified_gmt":"2026-01-23T10:03:57","slug":"5118-2","status":"publish","type":"post","link":"https:\/\/paroisses-nancy-sud.fr\/HOME\/5118-2\/","title":{"rendered":"Annonces de la Visitation du 25 janvier"},"content":{"rendered":"\n<p><span style=\"color: #000000;\"><strong>Bapt\u00eames :<br \/>Bapt\u00eames de L\u00e9a<\/strong>\u00a0dimanche 8 f\u00e9vrier<strong>, <\/strong>en l\u2019\u00e9glise de Neuves-Maisons., <strong>de Madhi<\/strong><strong>, <\/strong>samedi 21 f\u00e9vrier, en l\u2019\u00e9glise de Chavigny, et de <strong>Elise<\/strong>, dimanche 22 f\u00e9vrier, en l&rsquo;\u00e9glise d&rsquo;Autrey sur Madon.<\/span><br \/><span style=\"color: #000000;\">Nous nous r\u00e9jouissons et les portons dans nos pri\u00e8res.<\/span><\/p>\n<p><span style=\"color: #000000;\"><strong>Une ann\u00e9e sp\u00e9ciale de saint Fran\u00e7ois <\/strong><u>du 10 janvier 2026 au 10 janvier 2027<\/u><strong>,<\/strong> au cours de laquelle \u00abchaque fid\u00e8le chr\u00e9tien, \u00e0 l&rsquo;exemple du saint d&rsquo;Assise, se fera lui-m\u00eame mod\u00e8le de saintet\u00e9 de vie et t\u00e9moin constant de paix\u00bb, est proclam\u00e9e par le Pape L\u00e9on XIV.<\/span><\/p>\n<p><span style=\"color: #000000;\"><strong>Session des la\u00efcs en Mission Eccl\u00e9siale et coordinateur paroissiaux <\/strong>:\u00a0 Ces la\u00efcs se rencontreront <u>Samedi 31 janvier<\/u> sur le th\u00e8me \u00ab\u00a0Moins de pr\u00eatres, moins de forces vives, accueil de nouveaux croyants &#8230; \u00ab\u00a0<strong>Vivre les changements pour Lui et avec Lui<\/strong>\u00ab\u00a0, <em>\u00ab\u00a0de mani\u00e8re \u00e0 servir dans la nouveaut\u00e9 de l&rsquo;Esprit<\/em>\u00a0\u00bb (Lettre aux Romains)<\/span><\/p>\n<p><span style=\"color: #000000;\"><u>Dimanche 1er f\u00e9vrier<\/u>, comme tous les 1ers dimanche du mois, la <strong>qu\u00eate<\/strong> sera d\u00e9di\u00e9e, pour une partie, aux <strong>charges paroissiales<\/strong> (chauffage, photocopies, d\u00e9placements et autres besoins de secr\u00e9tariat).<\/span><\/p>\n<p><span style=\"color: #000000;\"><u>Lundi 2 f\u00e9vrier \u00e0 14h00, comme tous les 1er lundis de mois<\/u> : R\u00e9union du <strong>Rosaire <\/strong>dans la salle paroissiale. Vous pouvez vous joindre au groupe.<\/span><\/p>\n<p><span style=\"color: #000000;\"><strong>Journ\u00e9e mondiale des malades,<\/strong><u> Mercredi 11 f\u00e9vrier<\/u>. Le th\u00e8me de cette ann\u00e9e 2026 est \u00ab\u00a0<em>La compassion du Samaritain\u00a0: aimer en portant la souffrance de l\u2019autre<\/em>\u00a0\u00bb.<\/span><\/p>\n<p><span style=\"color: #000000;\"><u>Jeudi 12 f\u00e9vrier de 14h \u00e0 15h<\/u>\u00a0: prochaine <strong>conf\u00e9rence d&rsquo;enseignement<\/strong> <strong>biblique par Patrice Kelche<\/strong>\u00a0sur le sacrement du pardon et le sacrement des malades, dans la grande salle paroissiale.<\/span><\/p>\n<p><span style=\"color: #000000;\">Une d\u00e9l\u00e9gation s&rsquo;est rendue au Burundi, du 14 au 21 janvier <strong>avec Monseigneur Pierre Yves Michel<\/strong><strong>. <\/strong>Vous pouvez voir ou revoir la visite gr\u00e2ce aux photos et autres informations sur le site : <strong>https:\/\/www.catholique-nancy.fr\/actualite-du-diocese\/<\/strong> et sur la <strong>page Facebook du dioc\u00e8se<\/strong>.<\/span><\/p>\n<p><span style=\"color: #000000;\">La paroisse de la Visitation propose <strong>de vieilles chaises d&rsquo;\u00e9colier bois et m\u00e9tal, <\/strong><u>pour 5\u20ac pi\u00e8ce<\/u>. N&rsquo;h\u00e9sitez pas \u00e0 contacter le secr\u00e9tariat pour plus de renseignements (coordonn\u00e9es ci-dessous).<\/span><\/p>\n<p><span style=\"color: #000000;\"><strong>Messes \u00e0 la Visitation<br \/><\/strong>Dimanche 01 f\u00e9vrier \u00e0 09h30\u00a0: Xeuilley et \u00e0 11h00\u00a0: Neuves Maisons,<\/span><\/p>\n<p><span style=\"color: #000000;\"><strong>Messes en semaine.<br \/><\/strong>Jeudi\u00a0: adoration \u00e0 16h00 et messe \u00e0 16h30 \u00e0 la chapelle.<\/span><br \/><span style=\"color: #000000;\">Vendredi\u00a0: messe \u00e0 08h20 chez les s\u0153urs \u00e0 Bainville, 67 rue Jacques Callot.<\/span><\/p>\n","protected":false},"excerpt":{"rendered":"<p>Bapt\u00eames :Bapt\u00eames de L\u00e9a\u00a0dimanche 8 f\u00e9vrier, en l\u2019\u00e9glise de Neuves-Maisons., de Madhi, samedi 21 f\u00e9vrier, en l\u2019\u00e9glise de Chavigny, et de Elise, dimanche 22 f\u00e9vrier, en l&rsquo;\u00e9glise d&rsquo;Autrey sur Madon.Nous nous r\u00e9jouissons et les portons dans nos pri\u00e8res. Une ann\u00e9e sp\u00e9ciale de saint Fran\u00e7ois du 10 janvier 2026 au 10 janvier 2027, au cours de&hellip; <br \/> <a class=\"read-more\" href=\"https:\/\/paroisses-nancy-sud.fr\/HOME\/5118-2\/\">Lire la suite<\/a><\/p>\n","protected":false},"author":5,"featured_media":471,"comment_status":"closed","ping_status":"open","sticky":false,"template":"","format":"standard","meta":[],"categories":[10],"tags":[],"acf":[],"_links":{"self":[{"href":"https:\/\/paroisses-nancy-sud.fr\/HOME\/wp-json\/wp\/v2\/posts\/5118"}],"collection":[{"href":"https:\/\/paroisses-nancy-sud.fr\/HOME\/wp-json\/wp\/v2\/posts"}],"about":[{"href":"https:\/\/paroisses-nancy-sud.fr\/HOME\/wp-json\/wp\/v2\/types\/post"}],"author":[{"embeddable":true,"href":"https:\/\/paroisses-nancy-sud.fr\/HOME\/wp-json\/wp\/v2\/users\/5"}],"replies":[{"embeddable":true,"href":"https:\/\/paroisses-nancy-sud.fr\/HOME\/wp-json\/wp\/v2\/comments?post=5118"}],"version-history":[{"count":4,"href":"https:\/\/paroisses-nancy-sud.fr\/HOME\/wp-json\/wp\/v2\/posts\/5118\/revisions"}],"predecessor-version":[{"id":5124,"href":"https:\/\/paroisses-nancy-sud.fr\/HOME\/wp-json\/wp\/v2\/posts\/5118\/revisions\/5124"}],"wp:featuredmedia":[{"embeddable":true,"href":"https:\/\/paroisses-nancy-sud.fr\/HOME\/wp-json\/wp\/v2\/media\/471"}],"wp:attachment":[{"href":"https:\/\/paroisses-nancy-sud.fr\/HOME\/wp-json\/wp\/v2\/media?parent=5118"}],"wp:term":[{"taxonomy":"category","embeddable":true,"href":"https:\/\/paroisses-nancy-sud.fr\/HOME\/wp-json\/wp\/v2\/categories?post=5118"},{"taxonomy":"post_tag","embeddable":true,"href":"https:\/\/paroisses-nancy-sud.fr\/HOME\/wp-json\/wp\/v2\/tags?post=5118"}],"curies":[{"name":"wp","href":"https:\/\/api.w.org\/{rel}","templated":true}]}}