{"id":5125,"date":"2026-01-23T18:22:05","date_gmt":"2026-01-23T17:22:05","guid":{"rendered":"https:\/\/paroisses-nancy-sud.fr\/HOME\/?p=5125"},"modified":"2026-01-23T18:22:05","modified_gmt":"2026-01-23T17:22:05","slug":"jetais-en-prison-et-vous-etes-venus-jusqua-moi","status":"publish","type":"post","link":"https:\/\/paroisses-nancy-sud.fr\/HOME\/jetais-en-prison-et-vous-etes-venus-jusqua-moi\/","title":{"rendered":"\u00ab\u00a0J&rsquo;\u00e9tais en prison et vous \u00eates venus jusqu&rsquo;\u00e0 moi\u00a0\u00bb"},"content":{"rendered":"\n<p><span style=\"color: #000000;\"><strong>\u00ab\u00a0J\u2019\u00e9tais en prison, et vous \u00eates venus jusqu\u2019\u00e0 moi !\u201d Matthieu 25, 36<\/strong><\/span><\/p>\n<p><span style=\"color: #000000;\">En mettant en application cette parole tir\u00e9e de l\u2019\u00c9vangile selon Matthieu, les \u00e9v\u00eaques de France ont c\u00e9l\u00e9br\u00e9 en d\u00e9cembre dernier \u00ab\u00a0le Jubil\u00e9 des d\u00e9tenus\u00a0\u00bb en visitant plus d\u2019une centaine d\u2019\u00e9tablissements p\u00e9nitentiaires \u00e0 la rencontre des plus d\u00e9sh\u00e9rit\u00e9s de nos fr\u00e8res en humanit\u00e9.<\/span><\/p>\n<p><span style=\"color: #000000;\">Cette d\u00e9marche peut surprendre et m\u00eame choquer ceux qui pensent que ces hommes, par les crimes et d\u00e9lits qu\u2019ils ont commis, ne m\u00e9ritent aucune attention parce qu\u2019ils se sont exclus eux m\u00eame de la soci\u00e9t\u00e9.<\/span><\/p>\n<p><span style=\"color: #000000;\">Dans un plaidoyer audacieux, les \u00e9v\u00eaques de France d\u00e9noncent une surpopulation carc\u00e9rale historique, des conditions de d\u00e9tention souvent d\u00e9gradantes et indignes et n\u2019h\u00e9sitent pas \u00e0 pointer ce qui heurte notre conscience de chr\u00e9tiens : une Justice qui se r\u00e9sume trop souvent \u00e0 l\u2019\u00e9limination plut\u00f4t qu\u2019\u00e0 la r\u00e9demption de l\u2019\u00eatre humain.<\/span><\/p>\n<p><span style=\"color: #000000;\">Le c\u0153ur du plaidoyer repose sur une vision profond\u00e9ment spirituelle et \u00e9vang\u00e9lique de la condition carc\u00e9rale : si la Justice doit condamner, elle ne peut ignorer la dignit\u00e9 inali\u00e9nable de toute personne humaine, ind\u00e9pendamment de ses fautes. \u00a0<\/span><\/p>\n<p><span style=\"color: #000000;\">En soulignant que personne ne peut \u00eatre r\u00e9duit \u00e0 l\u2019acte qu\u2019il a commis, les \u00e9v\u00eaques replacent l\u2019\u00eatre humain au centre de la r\u00e9flexion, non comme un objet de ch\u00e2timent, mais comme un sujet d\u2019esp\u00e9rance.<\/span><\/p>\n<p><span style=\"color: #000000;\">Par leur pr\u00e9sence en prison, les \u00e9v\u00eaques mais aussi, au quotidien, les aum\u00f4niers, pr\u00eatres et la\u00efcs, s\u2019appuient sur la conviction que \u00ab tout \u00eatre humain est cr\u00e9\u00e9 \u00e0 l\u2019image de Dieu\u00a0\u00bb<\/span><\/p>\n<p><span style=\"color: #000000;\">Par leur t\u00e9moignage, ils affirment avec force que la Justice a besoin de mis\u00e9ricorde, que la sanction doit ouvrir \u00e0 la r\u00e9insertion et que la v\u00e9ritable s\u00e9curit\u00e9 d\u2019une soci\u00e9t\u00e9 passe par le rel\u00e8vement des personnes et non par leur rejet.<\/span><\/p>\n<p><span style=\"color: #000000;\">Ce plaidoyer nous appelle \u00e0 poser un regard diff\u00e9rent sur ceux qui sont oubli\u00e9s au fond de leur prison et \u00e0 travailler pour que la Justice que nous appelons de nos v\u0153ux soit aussi une justice qui remet debout l\u2019homme bless\u00e9.<\/span><\/p>\n<p><span style=\"color: #000000;\">Ne renon\u00e7ons jamais \u00e0 la fraternit\u00e9 inclusive inscrite au c\u0153ur de l\u2019\u00c9vangile, \u00e0 la lumi\u00e8re de cette parole du Seigneur \u00ab j\u2019\u00e9tais en prison et tu m\u2019as visit\u00e9 \u00bb, une parole qui engage chacun de nous \u00e0 reconna\u00eetre le Christ dans le visage de l\u2019autre, de tous les autres !<\/span><\/p>\n<p style=\"text-align: right;\"><span style=\"color: #000000;\"><em>Pascal, Equipe liturgique Saint-Fran\u00e7ois-de-Sales<\/em><\/span><\/p>\n","protected":false},"excerpt":{"rendered":"<p>\u00ab\u00a0J\u2019\u00e9tais en prison, et vous \u00eates venus jusqu\u2019\u00e0 moi !\u201d Matthieu 25, 36 En mettant en application cette parole tir\u00e9e de l\u2019\u00c9vangile selon Matthieu, les \u00e9v\u00eaques de France ont c\u00e9l\u00e9br\u00e9 en d\u00e9cembre dernier \u00ab\u00a0le Jubil\u00e9 des d\u00e9tenus\u00a0\u00bb en visitant plus d\u2019une centaine d\u2019\u00e9tablissements p\u00e9nitentiaires \u00e0 la rencontre des plus d\u00e9sh\u00e9rit\u00e9s de nos fr\u00e8res en humanit\u00e9.&hellip; <br \/> <a class=\"read-more\" href=\"https:\/\/paroisses-nancy-sud.fr\/HOME\/jetais-en-prison-et-vous-etes-venus-jusqua-moi\/\">Lire la suite<\/a><\/p>\n","protected":false},"author":5,"featured_media":523,"comment_status":"closed","ping_status":"open","sticky":false,"template":"","format":"standard","meta":[],"categories":[6],"tags":[],"acf":[],"_links":{"self":[{"href":"https:\/\/paroisses-nancy-sud.fr\/HOME\/wp-json\/wp\/v2\/posts\/5125"}],"collection":[{"href":"https:\/\/paroisses-nancy-sud.fr\/HOME\/wp-json\/wp\/v2\/posts"}],"about":[{"href":"https:\/\/paroisses-nancy-sud.fr\/HOME\/wp-json\/wp\/v2\/types\/post"}],"author":[{"embeddable":true,"href":"https:\/\/paroisses-nancy-sud.fr\/HOME\/wp-json\/wp\/v2\/users\/5"}],"replies":[{"embeddable":true,"href":"https:\/\/paroisses-nancy-sud.fr\/HOME\/wp-json\/wp\/v2\/comments?post=5125"}],"version-history":[{"count":1,"href":"https:\/\/paroisses-nancy-sud.fr\/HOME\/wp-json\/wp\/v2\/posts\/5125\/revisions"}],"predecessor-version":[{"id":5126,"href":"https:\/\/paroisses-nancy-sud.fr\/HOME\/wp-json\/wp\/v2\/posts\/5125\/revisions\/5126"}],"wp:featuredmedia":[{"embeddable":true,"href":"https:\/\/paroisses-nancy-sud.fr\/HOME\/wp-json\/wp\/v2\/media\/523"}],"wp:attachment":[{"href":"https:\/\/paroisses-nancy-sud.fr\/HOME\/wp-json\/wp\/v2\/media?parent=5125"}],"wp:term":[{"taxonomy":"category","embeddable":true,"href":"https:\/\/paroisses-nancy-sud.fr\/HOME\/wp-json\/wp\/v2\/categories?post=5125"},{"taxonomy":"post_tag","embeddable":true,"href":"https:\/\/paroisses-nancy-sud.fr\/HOME\/wp-json\/wp\/v2\/tags?post=5125"}],"curies":[{"name":"wp","href":"https:\/\/api.w.org\/{rel}","templated":true}]}}