{"id":5127,"date":"2026-01-25T10:00:00","date_gmt":"2026-01-25T09:00:00","guid":{"rendered":"https:\/\/paroisses-nancy-sud.fr\/HOME\/?p=5127"},"modified":"2026-01-23T18:23:23","modified_gmt":"2026-01-23T17:23:23","slug":"afin-que-ne-soit-videe-la-croix-du-christ","status":"publish","type":"post","link":"https:\/\/paroisses-nancy-sud.fr\/HOME\/afin-que-ne-soit-videe-la-croix-du-christ\/","title":{"rendered":"Afin que ne soit vid\u00e9e la croix du Christ"},"content":{"rendered":"\n<p class=\"Textbody\" style=\"margin-bottom: 5.65pt; text-align: justify;\"><span style=\"color: #000000;\"><b><span style=\"font-size: 15.5pt; font-family: Caladea;\">Afin que ne soit vid\u00e9e la croix du Christ<\/span><\/b><\/span><\/p>\n<p class=\"Textbody\" style=\"margin-bottom: 5.65pt; text-align: justify;\"><span style=\"color: #000000;\"><i><span style=\"font-size: 15.5pt; font-family: Caladea;\">Le Christ, en effet, ne m\u2019a pas envoy\u00e9 pour baptiser, mais pour annoncer l\u2019\u00c9vangile, et cela sans avoir recours au langage de la sagesse humaine, ce qui rendrait vaine la croix du Christ.<\/span><\/i><span style=\"font-size: 15.5pt; font-family: Caladea;\"> En suivant le texte au plus pr\u00e8s, on pourrait traduire\u00a0: \u00ab\u00a0Afin que ne soit vid\u00e9e la croix du Christ.\u00a0\u00bb<\/span><\/span><\/p>\n<p class=\"Textbody\" style=\"margin-bottom: 5.65pt; text-align: justify;\"><span style=\"font-size: 15.5pt; font-family: Caladea; color: #000000;\">De toute \u00e9vidence, pour Paul, les discours de sagesse seulement humaine ne peuvent rendre compte du myst\u00e8re de la croix du Christ. En cherchant \u00e0 rendre cet \u00e9l\u00e9ment central de la foi audible et acceptable, on s&rsquo;expose \u00e0 vider la croix du Christ de sa puissance, \u00e0 la neutraliser, \u00e0 la polir, \u00e0 l&rsquo;\u00e9mousser, \u00e0 la mettre \u00e0 distance, \u00e0 la rendre insignifiante et insipide. Si cela \u00e9tait le cas du temps de Paul, c&rsquo;est sans doute toujours la m\u00eame chose aujourd&rsquo;hui. De quelle mani\u00e8re\u00a0?<\/span><\/p>\n<p class=\"Textbody\" style=\"margin-bottom: 5.65pt; text-align: justify;\"><span style=\"color: #000000;\"><span style=\"font-size: 15.5pt; font-family: Caladea;\">\u00a0<\/span><span style=\"font-size: 15.5pt; font-family: Caladea;\">La croix du Christ n&rsquo;est pas un mythe. Nous affirmons que le Seigneur J\u00e9sus fut \u00ab\u00a0crucifi\u00e9 pour nous sous Ponce Pilate\u00a0\u00bb. La sp\u00e9cificit\u00e9 de la foi chr\u00e9tienne h\u00e9rit\u00e9e du juda\u00efsme est qu&rsquo;elle se fonde sur un \u00e9v\u00e9nement historique. Si le Christ n&rsquo;est pas n\u00e9, mort et ressuscit\u00e9 dans l&rsquo;histoire, si tout cela n&rsquo;est que symbole, notre foi est vide. C&rsquo;est parce que le Christ est mort et ressuscit\u00e9 que nous avons l&rsquo;assurance de l&rsquo;amour de Dieu. Comme l&rsquo;\u00e9crit S.\u00a0Jean (1Jn\u00a03,16)\u00a0: <i>\u00ab\u00a0Voici comment nous avons reconnu l\u2019amour\u00a0: lui, J\u00e9sus, a donn\u00e9 sa vie pour nous. Nous aussi, nous devons donner notre vie pour nos fr\u00e8res.\u00a0\u00bb<\/i><\/span><\/span><\/p>\n<p class=\"Textbody\" style=\"margin-bottom: 5.65pt; text-align: justify;\"><span style=\"font-size: 15.5pt; font-family: Caladea; color: #000000;\">Inversement, ce n&rsquo;est pas parce que la croix du Christ est un \u00e9v\u00e9nement historique qu&rsquo;elle est totalement r\u00e9volue. Comme l&rsquo;\u00e9crivait joliment le pape Fran\u00e7ois, lors de chaque eucharistie, \u00ab\u00a0le contenu du Pain rompu est la croix de J\u00e9sus, son sacrifice d\u2019ob\u00e9issance par amour pour le P\u00e8re\u00a0\u00bb. Aujourd&rsquo;hui, le Christ donne sa vie pour nous et pour la multitude.<\/span><\/p>\n<p class=\"Textbody\" style=\"margin-bottom: 5.65pt; text-align: justify;\"><span style=\"font-size: 15.5pt; font-family: Caladea; color: #000000;\">Dans l&rsquo;\u00c9glise catholique, on repr\u00e9sente rarement la croix sans le Crucifi\u00e9\u00a0: en effet, aujourd&rsquo;hui encore, lorsque la croix, c&rsquo;est-\u00e0-dire l&rsquo;\u00e9preuve, la contradiction, la souffrance, etc., survient dans ma vie, ce n&rsquo;est jamais sans le Christ qui la porte avec moi. Il y a 2000 ans, le Fils de Dieu a souffert seul afin que moi je ne sois jamais seul avec ma souffrance.<\/span><\/p>\n<p class=\"Textbody\" style=\"margin-bottom: 5.65pt; text-align: justify;\"><span style=\"color: #000000;\"><span style=\"font-size: 15.5pt; font-family: Caladea;\">\u00a0<\/span><span style=\"font-size: 15.5pt; font-family: Caladea;\">Le Fils de Dieu a souffert pour moi, c&rsquo;est-\u00e0-dire en ma faveur. Il a aussi souffert \u00e0 cause de moi. Une mani\u00e8re de vider la croix du Christ serait que j&rsquo;en refuse la responsabilit\u00e9, que je me consid\u00e8re comme innocent de cet \u00e9v\u00e9nement, comme si c&rsquo;\u00e9tait uniquement de la faute de Judas le tra\u00eetre, de Pierre le ren\u00e9gat, de Ca\u00efphe le fourbe, de Pilate le l\u00e2che, des Juifs, des Romains, de qui vous voulez, mais en tout cas pas de la mienne&#8230;<\/span><\/span><\/p>\n<p class=\"Textbody\" style=\"margin-bottom: 5.65pt; text-align: justify;\"><span style=\"font-size: 15.5pt; font-family: Caladea; color: #000000;\">Et pourtant c&rsquo;est bien le p\u00e9ch\u00e9 du monde qui a clou\u00e9 le Seigneur J\u00e9sus sur la croix, p\u00e9ch\u00e9 du monde auquel je participe moi aussi. Les envol\u00e9es magnifiques de Paul sur l&rsquo;amour de Dieu ont pour point de d\u00e9part n\u00e9cessaire la conscience du besoin de chacun d&rsquo;\u00eatre sauv\u00e9. Il \u00e9crit aux Romains (Rm\u00a022-24)\u00a0: <i>\u00ab\u00a0Il n\u2019y a pas de diff\u00e9rence\u00a0: tous les hommes ont p\u00e9ch\u00e9, ils sont priv\u00e9s de la gloire de Dieu, et lui, gratuitement, les fait devenir justes par sa gr\u00e2ce, en vertu de la r\u00e9demption accomplie dans le Christ J\u00e9sus.\u00a0\u00bb<\/i> Rappelons-nous aussi des paroles inaugurales du pape Fran\u00e7ois\u00a0: \u00ab\u00a0Je suis un p\u00e9cheur que le Seigneur a regard\u00e9 avec mis\u00e9ricorde.\u00a0\u00bb<\/span><\/p>\n<p class=\"Textbody\" style=\"margin-bottom: 5.65pt; text-align: justify;\"><span style=\"font-size: 15.5pt; font-family: Caladea; color: #000000;\">Nos fr\u00e8res protestants insistent beaucoup sur cet aspect du myst\u00e8re de la croix\u00a0: absolument personne ne peut se pr\u00e9valoir de quelque m\u00e9rite que ce soit dans le salut accompli par le Christ. <i>\u00ab\u00a0Convertissez-vous\u00a0\u00bb<\/i>, nous redit le Seigneur aujourd&rsquo;hui.<\/span><\/p>\n<p class=\"Textbody\" style=\"margin-bottom: 5.65pt; text-align: justify;\"><span style=\"color: #000000;\"><span style=\"font-size: 15.5pt; font-family: Caladea;\">\u00a0<\/span><span style=\"font-size: 15.5pt; font-family: Caladea;\">Certes, c&rsquo;est le p\u00e9ch\u00e9 du monde qui a clou\u00e9 le Seigneur J\u00e9sus sur la croix\u00a0; cependant, c&rsquo;est d&rsquo;abord et avant tout son amour incommensurable pour le P\u00e8re et pour nous, un unique amour dans sa Personne humaine et divine.<\/span><\/span><\/p>\n<p class=\"Textbody\" style=\"margin-bottom: 5.65pt; text-align: justify;\"><span style=\"font-size: 15.5pt; font-family: Caladea; color: #000000;\">Car le Seigneur J\u00e9sus n&rsquo;est pas qu&rsquo;un souffrant parmi la multitude des victimes des injustices et des violences. Lui, le seul homme innocent et sans p\u00e9ch\u00e9 a \u00e9t\u00e9 pour nous identifi\u00e9 au p\u00e9ch\u00e9 (1Co\u00a05,21)\u00a0; lui, l&rsquo;Agneau immacul\u00e9, a pris sur lui toute la souillure du monde\u00a0; lui, la Lumi\u00e8re, s&rsquo;est laiss\u00e9 engloutir par les t\u00e9n\u00e8bres\u00a0; lui, la Vie, est mort de la mort des meurtriers\u00a0; lui, la Parole Eternelle de Dieu, a accept\u00e9 le silence du tombeau\u00a0; lui, le Fils consubstantiel au P\u00e8re, a bien voulu ressentir dans sa chair l&rsquo;\u00e9loignement de Dieu.<\/span><\/p>\n<p class=\"Textbody\" style=\"margin-bottom: 5.65pt; text-align: justify;\"><span style=\"font-size: 15.5pt; font-family: Caladea; color: #000000;\">Si toute violence exerc\u00e9e sur une personne est un scandale, a fortiori l&rsquo;injustice, la torture et la mort, la croix du Christ, elle, est le scandale des scandales. Ne vidons pas la croix du Christ, acceptons d&rsquo;\u00eatre saisis par le vertige. <i>La lumi\u00e8re est venue dans le monde, et les hommes ont pr\u00e9f\u00e9r\u00e9 les t\u00e9n\u00e8bres \u00e0 la lumi\u00e8re (Jn\u00a03,19)<\/i>\u00a0; l&rsquo;Amour a \u00e9t\u00e9 victime de la haine, si bien que la Vie est morte sur la croix.<\/span><\/p>\n<p class=\"Textbody\" style=\"margin-bottom: 5.65pt; text-align: justify;\"><span style=\"font-size: 15.5pt; font-family: Caladea; color: #000000;\">Il fallait ce scandale des scandales pour manifester l&rsquo;immensit\u00e9 de l&rsquo;amour de Dieu et accomplir le salut du monde entier. Il fallait la croix du Christ pour que <i>le peuple qui marchait dans les t\u00e9n\u00e8bres <\/i>voie <i>se lever une grande lumi\u00e8re ; et <\/i>que <i>sur les habitants du pays de l\u2019ombre, une lumi\u00e8re <\/i>resplendisse<i>.<\/i> Il fallait la croix du Christ pour porter et enlever le p\u00e9ch\u00e9 du monde, que soient <i>bris\u00e9s le joug, la barre <\/i>et<i> le b\u00e2ton du tyran<\/i>. Il fallait la croix du Christ pour abattre les portes du s\u00e9jour des morts et rouvrir celles du Ciel. Il fallait la croix du Christ pour que le P\u00e8re livre son Fils, que le Fils ouvre ses bras et son c\u0153ur et r\u00e9pande l&rsquo;Esprit sur toute chair.<\/span><\/p>\n<p class=\"Textbody\" style=\"margin-bottom: 5.65pt; text-align: justify;\"><span style=\"color: #000000;\"><span style=\"font-size: 15.5pt; font-family: Caladea;\">\u00a0<\/span><span style=\"font-size: 15.5pt; font-family: Caladea;\">Ne vidons pas la croix du Christ par nos mots trop humains. Osons go\u00fbter son amertume car cette <i>amertume am\u00e8re<\/i> nous conduira <i>\u00e0 la paix<\/i> et \u00e0 la joie \u00e9ternelle dans l&rsquo;Esprit Saint avec le P\u00e8re et son Fils Crucifi\u00e9 et Ressuscit\u00e9 pour les si\u00e8cles des si\u00e8cles. Amen.<\/span><\/span><\/p>\n<p style=\"text-align: right;\"><span style=\"color: #000000;\"><em>P\u00e8re Alexandre-Marie Valder<\/em><\/span><\/p>\n","protected":false},"excerpt":{"rendered":"<p>Afin que ne soit vid\u00e9e la croix du Christ Le Christ, en effet, ne m\u2019a pas envoy\u00e9 pour baptiser, mais pour annoncer l\u2019\u00c9vangile, et cela sans avoir recours au langage de la sagesse humaine, ce qui rendrait vaine la croix du Christ. En suivant le texte au plus pr\u00e8s, on pourrait traduire\u00a0: \u00ab\u00a0Afin que ne&hellip; <br \/> <a class=\"read-more\" href=\"https:\/\/paroisses-nancy-sud.fr\/HOME\/afin-que-ne-soit-videe-la-croix-du-christ\/\">Lire la suite<\/a><\/p>\n","protected":false},"author":9,"featured_media":290,"comment_status":"closed","ping_status":"open","sticky":false,"template":"","format":"standard","meta":[],"categories":[9],"tags":[],"acf":[],"_links":{"self":[{"href":"https:\/\/paroisses-nancy-sud.fr\/HOME\/wp-json\/wp\/v2\/posts\/5127"}],"collection":[{"href":"https:\/\/paroisses-nancy-sud.fr\/HOME\/wp-json\/wp\/v2\/posts"}],"about":[{"href":"https:\/\/paroisses-nancy-sud.fr\/HOME\/wp-json\/wp\/v2\/types\/post"}],"author":[{"embeddable":true,"href":"https:\/\/paroisses-nancy-sud.fr\/HOME\/wp-json\/wp\/v2\/users\/9"}],"replies":[{"embeddable":true,"href":"https:\/\/paroisses-nancy-sud.fr\/HOME\/wp-json\/wp\/v2\/comments?post=5127"}],"version-history":[{"count":1,"href":"https:\/\/paroisses-nancy-sud.fr\/HOME\/wp-json\/wp\/v2\/posts\/5127\/revisions"}],"predecessor-version":[{"id":5128,"href":"https:\/\/paroisses-nancy-sud.fr\/HOME\/wp-json\/wp\/v2\/posts\/5127\/revisions\/5128"}],"wp:featuredmedia":[{"embeddable":true,"href":"https:\/\/paroisses-nancy-sud.fr\/HOME\/wp-json\/wp\/v2\/media\/290"}],"wp:attachment":[{"href":"https:\/\/paroisses-nancy-sud.fr\/HOME\/wp-json\/wp\/v2\/media?parent=5127"}],"wp:term":[{"taxonomy":"category","embeddable":true,"href":"https:\/\/paroisses-nancy-sud.fr\/HOME\/wp-json\/wp\/v2\/categories?post=5127"},{"taxonomy":"post_tag","embeddable":true,"href":"https:\/\/paroisses-nancy-sud.fr\/HOME\/wp-json\/wp\/v2\/tags?post=5127"}],"curies":[{"name":"wp","href":"https:\/\/api.w.org\/{rel}","templated":true}]}}