{"id":5130,"date":"2026-01-23T18:21:03","date_gmt":"2026-01-23T17:21:03","guid":{"rendered":"https:\/\/paroisses-nancy-sud.fr\/HOME\/?p=5130"},"modified":"2026-01-23T18:21:03","modified_gmt":"2026-01-23T17:21:03","slug":"annonces-de-saint-francois-de-sales-et-sainte-jeanne-de-chantal-du-25-janvier","status":"publish","type":"post","link":"https:\/\/paroisses-nancy-sud.fr\/HOME\/annonces-de-saint-francois-de-sales-et-sainte-jeanne-de-chantal-du-25-janvier\/","title":{"rendered":"Annonces de Saint-Fran\u00e7ois-de-Sales et Sainte-Jeanne-de-Chantal du 25 janvier"},"content":{"rendered":"\n<p><span style=\"color: #000000;\"><strong>Dimanche de la Parole :<br \/><\/strong>Par un\u00a0<em>motu proprio*<\/em>du\u00a030 septembre 2019, le Pape Fran\u00e7ois a institu\u00e9 le <strong>dimanche de la Parole de Dieu<\/strong>, qui est c\u00e9l\u00e9br\u00e9 chaque ann\u00e9e le 3<sup>\u00e8me<\/sup>dimanche du Temps Ordinaire, une belle occasion de r\u00e9fl\u00e9chir sur <strong>la place<\/strong> <strong>centrale de la Bible,<\/strong> par laquelle Dieu ne cesse de dialoguer avec nous.<br \/><em>* De son propre chef.\u00a0\u00a0Acte l\u00e9gislatif pris et promulgu\u00e9 par le\u00a0Pape, agissant de sa propre initiative, en pleine connaissance de cause et non pour r\u00e9pondre \u00e0 une sollicitation. Cet acte \u00e9quivaut \u00e0 un d\u00e9cret qui pr\u00e9cise des r\u00e8gles d\u2019administration et d\u2019organisation dans l\u2019Eglise.<\/em><\/span><\/p>\n<p><span style=\"color: #000000;\"><strong>Pr\u00e9paration au mariage : <\/strong>Les couples qui souhaitent se marier en cette ann\u00e9e 2026, se retrouvent <strong>samedi 24 janvier de 14h \u00e0 17h30, et dimanche 25 janvier de 9h \u00e0 midi \u00e0 Jarville<\/strong> et le <strong>dimanche 7 f\u00e9vrier<\/strong> pour la rencontre dioc\u00e9saine des futurs mari\u00e9s \u00e0 Saint L\u00e9on \u00e0 Nancy, avec les couples accompagnateurs, le p\u00e8re Fran\u00e7ois et le diacre Antoine M\u00e9riaux. Chaque rencontre comprend des temps d\u2019enseignement, d\u2019\u00e9change, de pri\u00e8re.<\/span><\/p>\n<p><span style=\"color: #000000;\"><strong>Parcours Alpha 2026\u00a0: <em>A la rencontre du Christ :<br \/><\/em><\/strong><strong>Le parcours Alpha a d\u00e9marr\u00e9, n\u2019h\u00e9sitez pas \u00e0 le rejoindre\u00a0! mardi 27 janvier le th\u00e8me est \u00ab\u00a0<em>Pourquoi J\u00e9sus est-il mort<\/em>?\u00a0\u00bb\u00a0: \u00e0 Jarville, \u00e0 19h30, <\/strong>dans les salles paroissiales.<br \/>Alpha est une s\u00e9rie de rencontres qui permettent d\u2019explorer librement en petits groupes les bases de la foi chr\u00e9tienne, dans un environnement ouvert et convivial.<br \/>Un petit groupe de six personnes a d\u00e9marr\u00e9 le parcours mais peut encore accueillir quelques personnes\u00a0!<\/span><\/p>\n<p><span style=\"color: #000000;\"><strong>Rencontre des jeunes AJC, coll\u00e8ge-lyc\u00e9e :<br \/><\/strong>Voici les prochaines rencontres de la pasto jeunes du secteur paroissial :\u00a0<\/span><br \/><span style=\"color: #000000;\"><strong>Vendredi 30 janvier, \u00e0 Jarville<\/strong>, \u00e0 partir de 18h pour l\u2019adoration, puis la messe \u00e0 19h<\/span><br \/><span style=\"color: #000000;\"><strong>Dimanche 1<sup>er<\/sup> f\u00e9vrier<\/strong>, messe pour les jeunes, tous ensemble, \u00e0 Neuves-Maisons.<\/span><\/p>\n<p><span style=\"color: #000000;\"><strong>Qu\u00eate du 1<sup>er<\/sup> dimanche du mois :<br \/><\/strong><strong>Samedi 31 janvier et dimanche 1<sup>er<\/sup> f\u00e9vrier<\/strong>, sera propos\u00e9e \u00e0 la sortie des messes la qu\u00eate suppl\u00e9mentaire du premier dimanche du mois. Elle permet de compl\u00e9ter les qu\u00eates et de couvrir les frais pastoraux et de fonctionnement de nos paroisses. Merci\u00a0!<\/span><\/p>\n<p><span style=\"color: #000000;\"><strong>Rencontre pour les \u00e9quipes liturgiques et chants :<br \/><\/strong>Le p\u00e8re Fran\u00e7ois Weber r\u00e9unira les \u00e9quipes liturgiques de nos deux paroisses pour une r\u00e9vision de la liturgie dans nos c\u00e9l\u00e9brations : pr\u00e9paration des messes et animation des chants soit le <strong>mercredi 11 f\u00e9vrier de 15h \u00e0 16h30, dans les salles paroissiales de Jarville soit le mercredi 11 f\u00e9vrier de 20h \u00e0 21h30, dans les salles paroissiales de Ludres.<\/strong><\/span><\/p>\n<p><span style=\"color: #000000;\"><strong>Besoin de b\u00e9n\u00e9voles :<br \/><\/strong><strong>A la paroisse Sainte-Jeanne-de-Chantal<\/strong>, on recherche une ou deux personnes pour le t\u00e9l\u00e9phone qui fait le lien entre les pompes fun\u00e8bres et la paroisse. Il faudrait compl\u00e9ter les \u00e9quipes de pr\u00e9paration des messes, des fun\u00e9railles, des permanences \u00e0 l\u2019\u00e9glise et au secr\u00e9tariat de Ludres, la visite aux personnes isol\u00e9es. Nous avons vraiment besoin de vous\u00a0!<\/span><\/p>\n<p><span style=\"color: #000000;\"><strong>Horaires des messes dominicales du 31 janvier et 1<sup>er<\/sup> f\u00e9vrier 2026.<br \/><\/strong><strong>Samedi 31 janvier<\/strong>: <strong>18h<\/strong> Laneuveville, Heillecourt.<br \/><strong>Dimanche 1<sup>er<\/sup> f\u00e9vrier<\/strong>: <strong>9h30<\/strong> Xeuilley\u00a0\u00a0\u00a0\u00a0\u00a0\u00a0\u00a0\u00a0\u00a0\u00a0\u00a0\u00a0\u00a0\u00a0\u00a0\u00a0\u00a0\u00a0\u00a0 \u00a0\u00a0\u00a0\u00a0\u00a0\u00a0\u00a0<strong>11h<\/strong> Jarville, Ludres, Neuves-Maisons<\/span><\/p>\n<p><span style=\"color: #000000;\"><strong>Autres Annonces :<\/strong><\/span><\/p>\n<p><span style=\"color: #000000;\"><strong>\u00a0&#8211; Ann\u00e9e jubilaire de saint Fran\u00e7ois d\u2019Assise :<br \/><\/strong>\u00c0 l&rsquo;occasion du huiti\u00e8me centenaire de la mort de saint Fran\u00e7ois d&rsquo;Assise, une ann\u00e9e jubilaire a \u00e9t\u00e9 proclam\u00e9e par le Pape L\u00e9on XIV <strong>du\u00a010 janvier 2026 au 10 janvier 2027<\/strong>. Dans notre dioc\u00e8se, une messe sera pr\u00e9sid\u00e9e par Monseigneur Pierre-Yves Michel dans l\u2019\u00e9glise des Cordeliers \u00e0 Nancy, le\u00a0samedi 3 octobre 2026, \u00e0 10h30.<\/span><\/p>\n<p><span style=\"color: #000000;\"><strong>\u00a0&#8211; Journ\u00e9e mondiale des malades de la l\u00e8pre : 23-24-25 janvier 2026<br \/><\/strong><em>\u2018\u2019Parce que la l\u00e8pre d\u00e9chire encore des vies\u2019\u2019<br \/><\/em><span style=\"font-size: revert;\">\u00ab\u00a0Une mobilisation des esprits et des c\u0153urs\u00a0\u00bb. Voici la d\u00e9finition de la Journ\u00e9e mondiale des malades de la l\u00e8pre pour Raoul Follereau. La premi\u00e8re journ\u00e9e fut lanc\u00e9e en 1954. Depuis, chaque ann\u00e9e, cette journ\u00e9e de la fin du mois de janvier est un jour de f\u00eate pour les malades de la l\u00e8pre. Une qu\u00eate est propos\u00e9e \u00e0 la sortie des messes<\/span><\/span><\/p>\n<p><span style=\"color: #000000;\"><strong>\u00a0&#8211; Messe de la cr\u00e9ation :<br \/><\/strong><strong>Jeudi 29 janvier 2026<\/strong>, \u00e0 12h, \u00e0 la chapelle de la Maison dioc\u00e9saine : c\u00e9l\u00e9bration d&rsquo;une messe de la Cr\u00e9ation, suivie de <strong>la signature d&rsquo;un bail entre notre dioc\u00e8se et un mara\u00eecher bio qui va s&rsquo;installer sur le domaine de l&rsquo;Asn\u00e9e. <\/strong>Cela sera l\u2019ach\u00e8vement d\u2019une d\u00e9marche visant \u00e0\u00a0valoriser les terres d\u2019Eglise\u00a0dans le respect de l\u2019environnement\u00a0et pour un\u00a0d\u00e9veloppement humain int\u00e9gral. L\u2019objectif par la suite sera <strong>de permettre aux acteurs et habitants du quartier de b\u00e9n\u00e9ficier de fruits et l\u00e9gumes bio en circuit ultra court.<\/strong><\/span><\/p>\n<p><span style=\"color: #000000;\"><strong>\u00a0&#8211; Prions pour les cat\u00e9chum\u00e8nes :<br \/><\/strong>Les cat\u00e9chum\u00e8nes adultes, qui se pr\u00e9parent \u00e0 devenir chr\u00e9tiens, ont v\u00e9cu une r\u00e9collection\u00a0samedi 17 janvier dernier, \u00e0 la Maison dioc\u00e9saine. <strong>Prions pour les cent trente hommes et femmes<\/strong> qui vont recevoir le bapt\u00eame lors de la prochaine nuit de P\u00e2ques. La prochaine \u00e9tape pour ces cat\u00e9chum\u00e8nes est <strong>l\u2019appel d\u00e9cisif<\/strong>\u00a0qui aura lieu\u00a0<strong>le dimanche<\/strong> <strong>22 f\u00e9vrier 2026, \u00e0 15h, \u00e0 la cath\u00e9drale Saint-\u00c9tienne de Toul<\/strong>. L\u2019appel du Seigneur et de l\u2019\u00c9glise sera manifest\u00e9 lors de cette c\u00e9l\u00e9bration au cours de laquelle ils exprimeront leur r\u00e9ponse confiante et joyeuse \u00e0 cet appel. Notre \u00e9v\u00eaque de Nancy et Toul, Monseigneur Pierre-Yves Michel, vous invite tous \u00e0 y participer pour les soutenir par votre pr\u00e9sence.<\/span><\/p>\n<p><span style=\"color: #000000;\"><strong>\u00a0&#8211; Session des La\u00efcs en Mission Eccl\u00e9siale et coordinateurs<\/strong><strong> paroissiaux\u00a0<br \/><\/strong><strong>Samedi 31 janvier\u00a0: <\/strong>les la\u00efcs en mission eccl\u00e9siale, se rencontrent sur le <em>th\u00e8me \u2018\u2019Moins de pr\u00eatres, moins de forces vives, accueil de nouveaux croyants\u2026Vivre les changements pour Lui et avec Lui \u2026 de mani\u00e8re \u00e0 servir dans la nouveaut\u00e9 de l\u2019Esprit <\/em>(lettre de St Paul aux Romains)<\/span><\/p>\n<p><span style=\"color: #000000;\"><strong>\u00a0&#8211; Conf\u00e9rence \u00e0 l\u2019espace ADA :<br \/><\/strong>L\u2019Espace ADA vous convie le\u00a0<strong>mardi\u00a03 f\u00e9vrier 2026, \u00e0 20h30<\/strong>, \u00e0 une soir\u00e9e autour du th\u00e8me du \u00ab\u00a0<em>Je\u2019\u2019 et du \u2018\u2019Nous<\/em>\u00ab\u00a0, avec Fran\u00e7ois Huguenin, docteur en histoire et sciences sociales, au domaine de l\u2019Asn\u00e9e, \u00e0 Villers-l\u00e8s-Nancy.\u00a0<\/span><\/p>\n<p><span style=\"color: #000000;\"><strong>\u00a0&#8211; Le Domaine de l\u2019Asn\u00e9e accueille une \u0153uvre d\u2019art :<br \/><\/strong>L\u2019\u0153uvre, au-del\u00e0 du personnage, associe des mains dor\u00e9es riches de symboles. Mains qui accueillent, saluent, guident, servent, comme savent le faire celles des membres des \u00e9quipes du Domaine, mais \u00e9galement mains qui peuvent rassurer, transmettre, relier. Sans aucun doute \u00ab L\u2019homme aux mains dor\u00e9es \u00bb trouvera ici sa place, au c\u0153ur de notre lieu de vie et de rencontres. Ce don est un cadeau inestimable fait \u00e0 notre association. <a style=\"color: #000000;\" href=\"https:\/\/www.catholique-nancy.fr\/accueil\/106457-le-domaine-de-lasnee-accueille-une-oeuvre-dart\/\">(lien<\/a> vers le site du dioc\u00e8se)<\/span><\/p>\n","protected":false},"excerpt":{"rendered":"<p>Dimanche de la Parole :Par un\u00a0motu proprio*du\u00a030 septembre 2019, le Pape Fran\u00e7ois a institu\u00e9 le dimanche de la Parole de Dieu, qui est c\u00e9l\u00e9br\u00e9 chaque ann\u00e9e le 3\u00e8medimanche du Temps Ordinaire, une belle occasion de r\u00e9fl\u00e9chir sur la place centrale de la Bible, par laquelle Dieu ne cesse de dialoguer avec nous.* De son propre&hellip; <br \/> <a class=\"read-more\" href=\"https:\/\/paroisses-nancy-sud.fr\/HOME\/annonces-de-saint-francois-de-sales-et-sainte-jeanne-de-chantal-du-25-janvier\/\">Lire la suite<\/a><\/p>\n","protected":false},"author":5,"featured_media":554,"comment_status":"closed","ping_status":"open","sticky":false,"template":"","format":"standard","meta":[],"categories":[7],"tags":[],"acf":[],"_links":{"self":[{"href":"https:\/\/paroisses-nancy-sud.fr\/HOME\/wp-json\/wp\/v2\/posts\/5130"}],"collection":[{"href":"https:\/\/paroisses-nancy-sud.fr\/HOME\/wp-json\/wp\/v2\/posts"}],"about":[{"href":"https:\/\/paroisses-nancy-sud.fr\/HOME\/wp-json\/wp\/v2\/types\/post"}],"author":[{"embeddable":true,"href":"https:\/\/paroisses-nancy-sud.fr\/HOME\/wp-json\/wp\/v2\/users\/5"}],"replies":[{"embeddable":true,"href":"https:\/\/paroisses-nancy-sud.fr\/HOME\/wp-json\/wp\/v2\/comments?post=5130"}],"version-history":[{"count":1,"href":"https:\/\/paroisses-nancy-sud.fr\/HOME\/wp-json\/wp\/v2\/posts\/5130\/revisions"}],"predecessor-version":[{"id":5131,"href":"https:\/\/paroisses-nancy-sud.fr\/HOME\/wp-json\/wp\/v2\/posts\/5130\/revisions\/5131"}],"wp:featuredmedia":[{"embeddable":true,"href":"https:\/\/paroisses-nancy-sud.fr\/HOME\/wp-json\/wp\/v2\/media\/554"}],"wp:attachment":[{"href":"https:\/\/paroisses-nancy-sud.fr\/HOME\/wp-json\/wp\/v2\/media?parent=5130"}],"wp:term":[{"taxonomy":"category","embeddable":true,"href":"https:\/\/paroisses-nancy-sud.fr\/HOME\/wp-json\/wp\/v2\/categories?post=5130"},{"taxonomy":"post_tag","embeddable":true,"href":"https:\/\/paroisses-nancy-sud.fr\/HOME\/wp-json\/wp\/v2\/tags?post=5130"}],"curies":[{"name":"wp","href":"https:\/\/api.w.org\/{rel}","templated":true}]}}