{"id":5220,"date":"2026-03-13T10:30:47","date_gmt":"2026-03-13T09:30:47","guid":{"rendered":"https:\/\/paroisses-nancy-sud.fr\/HOME\/?p=5220"},"modified":"2026-03-13T10:30:47","modified_gmt":"2026-03-13T09:30:47","slug":"annonces-de-la-visitation-du-15-mars","status":"publish","type":"post","link":"https:\/\/paroisses-nancy-sud.fr\/HOME\/annonces-de-la-visitation-du-15-mars\/","title":{"rendered":"Annonces de la Visitation du 15 mars"},"content":{"rendered":"\n<p><span style=\"color: #000000;\"><strong>Les jeudis du temps de Car\u00eame \u00e0 14h00 des conf\u00e9rences <\/strong>anim\u00e9es par Mr. Patrice Kelche \u00a0sont propos\u00e9es avec pour th\u00e8me\u00a0: \u00ab\u00a0Comment comprendre aujourd&rsquo;hui les pratiques de la tradition chr\u00e9tienne pendant le car\u00eame : le je\u00fbne, la Pri\u00e8re, le partage (aum\u00f4ne)\u00a0\u00bb? Vous \u00eates tous invit\u00e9s \u00e0 ce temps d&rsquo;enseignement et d&rsquo;\u00e9changes qui s&rsquo;inscrit dans notre cheminement vers P\u00e2ques \u00e0 la\u00a0salle paroissiale de N-Maisons. <strong>Attention, la rencontre du 26 mars est avanc\u00e9e au mardi 24 mars\u00a0!<\/strong><\/span><\/p>\n<p><span style=\"color: #000000;\"><strong>Les 3e, 4e et 5e dimanches de Car\u00eame, 08, 15 et 22 mars<\/strong>, <strong><em>\u00a0<\/em><\/strong>\u00e0 Neuves-Maisons, quelques semaines avant leurs bapt\u00eames lors de la vigile pascale,\u00a0l&rsquo;\u00c9glise offrira \u00e0 Aurore, \u00c9lisa, Florian, Josua, L\u00e9o et Michael, trois rites p\u00e9nitentiels appel\u00e9s scrutins.<\/span><br \/><span style=\"color: #000000;\">Le mot \u00e9voque le discernement entre la lumi\u00e8re et les t\u00e9n\u00e8bres. Les \u00ab appel\u00e9s \u00bb sont invit\u00e9s \u00e0 la conversion, \u00e0 se tourner vers le Seigneur pour se voir \u00e0 sa lumi\u00e8re.<\/span><br \/><span style=\"color: #000000;\">L\u2019ann\u00e9e liturgique A donnera pendant ce car\u00eame \u00e0 toute l\u2019\u00c9glise d\u2019\u00e9couter les \u00c9vangiles des dimanches de scrutins : la Samaritaine, l\u2019Aveugle-n\u00e9, et la r\u00e9surrection de Lazare, pour m\u00e9diter sur les signes du bapt\u00eame, l\u2019eau vive, la lumi\u00e8re, la vie nouvelle.<\/span><\/p>\n<p><span style=\"color: #000000;\"><strong>Lundi 16 mars, de 14h15 \u00e0 16h00<\/strong>, prochaine rencontre de lecture suivie des Lettres de Saint Pierre. Vous pouvez vous joindre au groupe de Bainville, chez les S\u0153urs, ou \u00e0 celui de N-M au presbyt\u00e8re.<\/span><\/p>\n<p><span style=\"color: #000000;\"><strong>\u00a0<\/strong><strong>Vendredi 20 mars \u00e0 18h45 \u00e0 Ludres<\/strong>, rencontre des\u00a0 groupes jeunes p\u00e8lerins de Neuves-Maisons\u00a0et jeunes de Jarville. <em>Enseignements, \u00e9changes et repas partag\u00e9.<\/em><\/span><\/p>\n<p><span style=\"color: #000000;\"><strong>Samedi 21 mars 2026\u00a0au domaine de l\u2019Asn\u00e9e \u00e0 Villers-l\u00e8s-Nancy<\/strong>,<a style=\"color: #000000;\" href=\"https:\/\/nancy.annuaire-eglise.net\/#groupe?id=1570\"> Esp\u00e9rance et Vie<\/a>, mouvement chr\u00e9tien pour les premi\u00e8res ann\u00e9es de veuvage, organise une journ\u00e9e sur le th\u00e8me \u00ab J\u2019attends la r\u00e9surrection des morts et la vie du monde \u00e0 venir \u00bb (Credo de Nic\u00e9e \u2013 Constantinople).\u00a0 La journ\u00e9e sera anim\u00e9e par le conseiller spirituel du mouvement, le p\u00e8re Michel Lagravi\u00e8re, et l\u2019accueil se fera \u00e0 partir de 9h30. <em>Contact pour la paroisse\u00a0: Jeannette Joubert 06 81 86 71 46.<\/em><\/span><\/p>\n<p><span style=\"color: #000000;\"><strong>Le samedi 28 mars \u00e0 15h et le dimanche 29 mars \u00e0 15h et 16h30<\/strong>, l\u2019association patrimoine de Frolois propose un week-end culturel et musical. <em>Voir d\u00e9pliants au fond de l\u2019\u00e9glise<\/em>. <em>Entr\u00e9e libre.<br \/><\/em>Conf\u00e9rence sur les ann\u00e9es 20 et deux concerts\u00a0: Ch\u0153ur d\u2019enfants et ch\u0153ur d\u2019hommes J. Bouillet.<\/span><\/p>\n<p><span style=\"color: #000000;\"><strong>La vente des \u0153ufs de P\u00e2ques,<\/strong> au b\u00e9n\u00e9fice des \u0153uvres dioc\u00e9saines a d\u00e9marr\u00e9. Merci de pr\u00e9parer vos commandes et paiements. Prix 0,85\u20ac\u00a0; Vous adresser au secr\u00e9tariat. Une vente est \u00e9galement propos\u00e9e \u00e0 la sortie de l\u2019\u00e9glise.<\/span><br \/><span style=\"color: #000000;\">Les ch\u00e8ques seront libell\u00e9s \u00e0 l&rsquo;ordre de : \u00ab\u00a0Paroisse de la Visitation\u00a0\u00bb. Merci !<\/span><\/p>\n<p><span style=\"color: #000000;\"><strong>Messes \u00e0 la Visitation<br \/><\/strong>Samedi 21 mars\u00a0: 18h00 \u00e0 Parey Saint C\u00e9saire<\/span><br \/><span style=\"color: #000000;\">Dimanche 22 mars\u00a0: 11h00\u00a0\u00e0 Neuves Maisons,<\/span><\/p>\n<p><span style=\"color: #000000;\"><strong>Messes en semaine.<br \/><\/strong>Jeudi\u00a0: adoration \u00e0 16h00 et messe \u00e0 16h30 \u00e0 la chapelle.<\/span><br \/><span style=\"color: #000000;\">Vendredi\u00a0: messe \u00e0 08h20 chez les s\u0153urs \u00e0 Bainville, 67 rue Jacques Callot.<\/span><\/p>\n<p><span style=\"color: #000000;\"><u><strong>Permanences<\/strong> \u00e0 <strong>la maison paroissiale<\/strong> :<\/u> <\/span><br \/><span style=\"color: #000000;\">Mardi de 14h \u00e0 16h30 et Samedi de 9h30 \u00e0 11h30<\/span><br \/><span style=\"color: #000000;\">tel : 03 83 47 25 54 \u2013 <em><strong>adresse mail<\/strong><\/em><strong> : <\/strong><a style=\"color: #000000;\" href=\"mailto:visitationmm@orange.fr\">visitationmm@orange.fr<\/a>\u00a0 <\/span><br \/><span style=\"color: #000000;\">Horaires des messes :\u00a0 <a style=\"color: #000000;\" href=\"https:\/\/messes.info\/\">messesinfo<\/a><em> (cliquer sur le lien)<\/em><\/span><\/p>\n","protected":false},"excerpt":{"rendered":"<p>Les jeudis du temps de Car\u00eame \u00e0 14h00 des conf\u00e9rences anim\u00e9es par Mr. Patrice Kelche \u00a0sont propos\u00e9es avec pour th\u00e8me\u00a0: \u00ab\u00a0Comment comprendre aujourd&rsquo;hui les pratiques de la tradition chr\u00e9tienne pendant le car\u00eame : le je\u00fbne, la Pri\u00e8re, le partage (aum\u00f4ne)\u00a0\u00bb? Vous \u00eates tous invit\u00e9s \u00e0 ce temps d&rsquo;enseignement et d&rsquo;\u00e9changes qui s&rsquo;inscrit dans notre cheminement&hellip; <br \/> <a class=\"read-more\" href=\"https:\/\/paroisses-nancy-sud.fr\/HOME\/annonces-de-la-visitation-du-15-mars\/\">Lire la suite<\/a><\/p>\n","protected":false},"author":5,"featured_media":471,"comment_status":"closed","ping_status":"open","sticky":false,"template":"","format":"standard","meta":[],"categories":[7],"tags":[],"acf":[],"_links":{"self":[{"href":"https:\/\/paroisses-nancy-sud.fr\/HOME\/wp-json\/wp\/v2\/posts\/5220"}],"collection":[{"href":"https:\/\/paroisses-nancy-sud.fr\/HOME\/wp-json\/wp\/v2\/posts"}],"about":[{"href":"https:\/\/paroisses-nancy-sud.fr\/HOME\/wp-json\/wp\/v2\/types\/post"}],"author":[{"embeddable":true,"href":"https:\/\/paroisses-nancy-sud.fr\/HOME\/wp-json\/wp\/v2\/users\/5"}],"replies":[{"embeddable":true,"href":"https:\/\/paroisses-nancy-sud.fr\/HOME\/wp-json\/wp\/v2\/comments?post=5220"}],"version-history":[{"count":1,"href":"https:\/\/paroisses-nancy-sud.fr\/HOME\/wp-json\/wp\/v2\/posts\/5220\/revisions"}],"predecessor-version":[{"id":5221,"href":"https:\/\/paroisses-nancy-sud.fr\/HOME\/wp-json\/wp\/v2\/posts\/5220\/revisions\/5221"}],"wp:featuredmedia":[{"embeddable":true,"href":"https:\/\/paroisses-nancy-sud.fr\/HOME\/wp-json\/wp\/v2\/media\/471"}],"wp:attachment":[{"href":"https:\/\/paroisses-nancy-sud.fr\/HOME\/wp-json\/wp\/v2\/media?parent=5220"}],"wp:term":[{"taxonomy":"category","embeddable":true,"href":"https:\/\/paroisses-nancy-sud.fr\/HOME\/wp-json\/wp\/v2\/categories?post=5220"},{"taxonomy":"post_tag","embeddable":true,"href":"https:\/\/paroisses-nancy-sud.fr\/HOME\/wp-json\/wp\/v2\/tags?post=5220"}],"curies":[{"name":"wp","href":"https:\/\/api.w.org\/{rel}","templated":true}]}}