{"id":5222,"date":"2026-03-16T12:43:22","date_gmt":"2026-03-16T11:43:22","guid":{"rendered":"https:\/\/paroisses-nancy-sud.fr\/HOME\/?p=5222"},"modified":"2026-03-16T12:43:22","modified_gmt":"2026-03-16T11:43:22","slug":"annonces-de-saint-francois-de-sales-et-sainte-jeanne-de-chantal-du-15-mars","status":"publish","type":"post","link":"https:\/\/paroisses-nancy-sud.fr\/HOME\/annonces-de-saint-francois-de-sales-et-sainte-jeanne-de-chantal-du-15-mars\/","title":{"rendered":"Annonces de Saint-Fran\u00e7ois-de-Sales et Sainte-Jeanne-de-Chantal du 15 mars"},"content":{"rendered":"\n<p><span style=\"color: #000000;\"><strong>2<sup>\u00e8me<\/sup> scrutin des cat\u00e9chum\u00e8nes :<br \/><\/strong><em>Corinne<\/em><em>, Vannel, Julianne, Manon vont c\u00e9l\u00e9brer l<\/em>e deuxi\u00e8me scrutin des cat\u00e9chum\u00e8nes \u00e0 Laneuveville ce samedi 14 mars, 4<sup>\u00e8me<\/sup> dimanche de Car\u00eame. Matthieu va le c\u00e9l\u00e9brer pendant le WE retraite \u00e0 Autrey avec les jeunes de La Malgrange et le p\u00e8re Alexandre-Marie avec lesquels il s\u2019est pr\u00e9par\u00e9 au bapt\u00eame.<\/span><\/p>\n<p><span style=\"color: #000000;\"><strong>Bapt\u00eame :<br \/><\/strong><strong>Dimanche 15 mars \u00e0 Ludres, <\/strong>bapt\u00eame de L\u00e9on SCHLICK de Ludres.<br \/>Prions pour nos cat\u00e9chum\u00e8nes et le petit L\u00e9on.<\/span><\/p>\n<p><span style=\"color: #000000;\"><strong>Eveil \u00e0 la foi :<br \/><\/strong><strong>Dimanche 15 mars, \u00e0 Jarville, \u00e0 10h<\/strong>, rencontre des petits de 3 \u00e0 7 ans et leurs parents.<\/span><\/p>\n<p><span style=\"color: #000000;\"><strong>Table ouverte :<br \/><\/strong>Table ouverte c<strong>e dimanche 15 mars \u00e0 Jarville<\/strong>. N\u2019h\u00e9sitez pas \u00e0 inviter\u00a0! et comme d\u2019habitude chacun apporte un plat sal\u00e9 ou sucr\u00e9, du fromage, de quoi faire un petit ap\u00e9ro et son envie de partager un moment fraternel\u00a0!<\/span><\/p>\n<p><span style=\"color: #000000;\"><strong>Temps de pri\u00e8re \u00e0 Fl\u00e9ville :<br \/><\/strong><strong>Mardi 17 mars \u00e0 15h \u00e0 Fl\u00e9ville une heure de pri\u00e8re d\u00e9di\u00e9e \u00e0 Saint Joseph.<\/strong><\/span><\/p>\n<p><span style=\"color: #000000;\"><strong>Parcours Alpha :<br \/><\/strong><strong>Mardi 17 mars, <\/strong>rencontre du parcours Alpha <strong>\u00e0 Jarville <\/strong>sur\u00a0<strong>: <em>\u2018\u2019Comment r\u00e9sister au mal\u00a0?\u2019\u2019.<\/em><\/strong><\/span><\/p>\n<p><span style=\"color: #000000;\"><strong>R\u00e9union de l\u2019EAP de Sainte Jeanne de Chantal :<br \/><\/strong><strong>Mercredi 18 mars \u00e0 14h \u00e0 Ludres, r\u00e9union de l\u2019\u00e9quipe d\u2019animation Pastorale.<\/strong><\/span><\/p>\n<p><span style=\"color: #000000;\"><strong>Rendez-vous<\/strong> <strong>et p<\/strong><strong>ropositions<\/strong> <strong>de Car\u00eame 2026 :<br \/><\/strong><strong>&#8211; Chemin de croix\u00a0: vendredi 20 mars \u00e0 15h \u00e0 l\u2019\u00e9glise d\u2019Heillecourt <\/strong>puis tous les vendredis.<\/span><br \/><span style=\"color: #000000;\"><strong>&#8211; <\/strong>\u00a0<strong>Mercredi 25 mars, \u00e0 18h30,<\/strong> <strong>f\u00eate de l\u2019Annonciation, messe <\/strong>\u00e0 Jarville suivie <strong>d\u2019un topo sur l\u2019Annonciation<\/strong> par le P. Fran\u00e7ois.<\/span><br \/><span style=\"color: #000000;\"><strong>&#8211; Vendredi 27 mars \u00e0 19h30 \u00e0 l\u2019\u00e9glise de Flavigny\u00a0: <\/strong>c\u00e9l\u00e9bration p\u00e9nitentielle avec adoration <em>\u2018\u2019Rends-moi la joie d\u2019\u00eatre sauv\u00e9\u00a0\u2018\u2019 (il n\u2019y aura pas d\u2019autre c\u00e9l\u00e9bration p\u00e9nitentielle sur la paroisse)<br \/><\/em><em>&#8211; <\/em><strong>Mardi 31 mars \u00e0 18h, messe chrismale \u00e0 la cath\u00e9drale de Toul.<br \/><\/strong><strong>&#8211; Semaine sainte : voir le tableau<br \/><\/strong><strong style=\"font-size: revert;\">&#8211; Mardi 28 avril \u00e0 Heillecourt \u00e0 19h30\u00a0: soir\u00e9e festive de louange et d\u2019action de gr\u00e2ce, apr\u00e8s P\u00e2ques<\/strong><\/span><\/p>\n<p><span style=\"color: #000000;\"><strong>\u00a0Appel \u00e0 la solidarit\u00e9 :\u00a0<\/strong><strong>Collecte de Car\u00eame\u00a0:<br \/><\/strong>Des paniers seront au fond de nos \u00e9glises pour r\u00e9colter des produits d\u2019alimentation non p\u00e9rissables et des produits d\u2019hygi\u00e8ne pour l\u2019association <em>\u2018La soupe des-sans abri\u2019\u2019<\/em>.<\/span><\/p>\n<p><span style=\"color: #000000;\"><strong>Collecte du Dimanche du CCFD :<br \/><\/strong><strong style=\"font-size: revert;\">Dimanche 22 mars,<\/strong><span style=\"font-size: revert;\"> 5<\/span><sup>\u00e8me<\/sup><span style=\"font-size: revert;\"> dimanche de Car\u00eame, les \u00e9quipes du CCFD pr\u00e9pareront la messe, une qu\u00eate sera propos\u00e9e, les enveloppes pourront \u00eatre redonn\u00e9es pour financer les projets partenaires.<\/span><\/span><\/p>\n<p><span style=\"color: #000000;\"><strong>&#8211; Pour cheminer pendant le Car\u00eame, n\u2019h\u00e9sitez pas \u00e0 profiter des parcours propos\u00e9s en ligne\u00a0: <em>Car\u00eame dans la ville<\/em> <\/strong>(avec les dominicains)<strong> \u2013 le fr\u00e8re Paul-Adrien <\/strong>(dominicain)<\/span><\/p>\n<p><span style=\"color: #000000;\"><strong>Distribution des \u2018\u2019<em>Passerelle\u2019\u2019 :<br \/><\/em><\/strong>Le nouveau num\u00e9ro de Passerelle sera disponible \u00e0 partir du 20 mars. Merci aux \u00e9quipes de s\u2019organiser pour une distribution avant les Rameaux.<\/span><\/p>\n<p><span style=\"color: #000000;\"><strong>\u00a0<\/strong><strong>Soir\u00e9e de pastorale des jeunes :<br \/><\/strong><strong>Vendredi 20 mars \u00e0 18h45 \u00e0 Ludres, \u00e0 la Maison paroissiale, <\/strong>rencontre des jeunes du secteur Nouveau th\u00e8me\u00a0: \u2018\u2019Dans les \u00e9preuves et dans l\u2019esp\u00e9rance\u2019\u2019<\/span><\/p>\n<p><span style=\"color: #000000;\"><strong>Temps fort pour les confirmands :<br \/><\/strong><strong>Samedi 21 mars, <\/strong>les confirmands se retrouvent pour leur troisi\u00e8me temps fort de pr\u00e9paration \u00e0 la confirmation <strong>\u00e0 Jarville \u00e0 13h45. Les parents <\/strong>sont invit\u00e9s \u00e0 c\u00e9l\u00e9brer<strong> la messe <\/strong>avec les jeunes et leurs accompagnateurs \u00e0<strong> 18h.<\/strong><\/span><\/p>\n<p><span style=\"color: #000000;\"><strong>Rite de l\u2019engagement de vie \u00e9vang\u00e9lique :<br \/><\/strong><strong>Le dimanche 22 mars<\/strong>, pendant la messe, <strong>\u00e0 Jarville,<\/strong> se d\u00e9roulera le rite de l&rsquo;Engagement de Vie \u00c9vang\u00e9lique d\u00e9finitive (ou Profession d\u00e9finitive) de <strong>Lindsay,<\/strong> au sein de l&rsquo;Ordre Franciscain S\u00e9culier (OFS). La Profession est l&rsquo;acte eccl\u00e9sial par lequel le candidat, conscient de l&rsquo;appel re\u00e7u du Christ, renouvelle les promesses de son Bapt\u00eame et affirme publiquement son engagement \u00e0 vivre\u00a0l&rsquo;\u00c9vangile dans le monde selon l&rsquo;exemple de Saint Fran\u00e7ois d&rsquo;Assise et en suivant la R\u00e8gle de l&rsquo;Ordre Franciscain S\u00e9culier. Suite \u00e0 ce rite, Lindsay sera incorpor\u00e9e dans l&rsquo;Ordre Franciscain S\u00e9culier.<\/span><br \/><span style=\"color: #000000;\">Apr\u00e8s la c\u00e9l\u00e9bration de la messe, s&rsquo;ensuivra une journ\u00e9e fraternelle avec la fraternit\u00e9 franciscaine \u00e0 laquelle vous \u00eates chaleureusement convi\u00e9s : pique-nique apport\u00e9 par chacun (lieu selon m\u00e9t\u00e9o) ; chant ; chemin de croix dans le parc de Saint Mansuy ; temps fraternel ; pri\u00e8re de cl\u00f4ture \u00e0 la grotte de Lourdes (dans le parc) \u00e0 16h30.<\/span><\/p>\n<p><span style=\"color: #000000;\"><strong>Horaires des messes dominicales du 21 et du 22 mars 2026. <br \/><\/strong><strong>Samedi 21 mars<\/strong>: <strong>18h<\/strong> Laneuveville, Heillecourt.<br \/><strong>Dimanche 22 mars<\/strong><strong>: 9h30<\/strong> Flavigny, Fl\u00e9ville\u00a0\u00a0\u00a0\u00a0\u00a0\u00a0\u00a0\u00a0\u00a0\u00a0\u00a0\u00a0\u00a0\u00a0\u00a0\u00a0\u00a0\u00a0\u00a0\u00a0\u00a0\u00a0\u00a0\u00a0\u00a0\u00a0\u00a0 <strong>11h<\/strong> Jarville, Neuves-Maisons,<\/span><\/p>\n<p><span style=\"color: #000000;\">.\u00a0 <strong>Semaine sainte et P\u00e2ques<\/strong><\/span><\/p>\n<table style=\"width: 96.6667%;\" width=\"743\">\n<tbody>\n<tr>\n<td style=\"width: 19.1667%;\" width=\"143\">\n<p style=\"text-align: center;\"><span style=\"color: #000000;\"><strong>Jeudi saint<br \/><\/strong><strong style=\"font-size: revert; font-family: inherit;\">2 avril<\/strong><\/span><\/p>\n<\/td>\n<td style=\"width: 23.6905%;\" width=\"178\">\n<p style=\"text-align: center;\"><span style=\"color: #000000;\"><strong>18h<br \/><\/strong>Heillecourt<\/span><\/p>\n<\/td>\n<td style=\"width: 24.6429%;\" width=\"185\">\n<p><span style=\"color: #000000;\"><strong>18h30<br \/><\/strong>Neuves-Maisons<\/span><\/p>\n<\/td>\n<td style=\"width: 27.9762%;\" width=\"236\">\n<p><span style=\"color: #000000;\"><strong>19h<br \/><\/strong>Jarville<\/span><\/p>\n<\/td>\n<\/tr>\n<tr>\n<td style=\"width: 19.1667%;\" width=\"143\">\n<p style=\"text-align: center;\"><span style=\"color: #000000;\"><strong>Vendredi saint<br \/><\/strong><strong style=\"font-size: revert; font-family: inherit;\">3 avril<\/strong><\/span><\/p>\n<\/td>\n<td style=\"width: 23.6905%;\" width=\"178\">\n<p style=\"text-align: center;\"><span style=\"color: #000000;\"><strong>15h<\/strong> chemin de croix Heillecourt, puis\u00a0<strong>Confessions\u00a0<\/strong><\/span><\/p>\n<p><span style=\"color: #000000;\"><strong>18h<\/strong> <strong>office de la Passion<br \/><\/strong>A Heillecourt<\/span><\/p>\n<\/td>\n<td style=\"width: 24.6429%;\" width=\"185\">\n<p style=\"text-align: center;\"><span style=\"color: #000000;\"><strong>15h<\/strong> chemin de croix<\/span><br \/><span style=\"color: #000000;\">\u00e0 Neuves-Maisons\u00a0<\/span><br \/><span style=\"color: #000000;\">et Bainville\u00a0<\/span><\/p>\n<p style=\"text-align: center;\"><span style=\"color: #000000;\"><strong>18h30<\/strong> <strong>office de la Passion <\/strong>\u00e0 Neuves-Maisons<\/span><\/p>\n<\/td>\n<td style=\"width: 27.9762%;\" width=\"236\">\n<p style=\"text-align: center;\"><span style=\"color: #000000;\"><strong>15h <\/strong>chemin de croix<\/span><br \/><span style=\"color: #000000;\">\u00e0 Laneuveville<\/span><\/p>\n<p style=\"text-align: center;\"><span style=\"color: #000000;\"><strong>19h office de la Passion\u00a0<br \/><\/strong>\u00e0 Jarville<\/span><\/p>\n<\/td>\n<\/tr>\n<tr>\n<td style=\"width: 19.1667%;\" width=\"143\">\n<p style=\"text-align: center;\"><span style=\"color: #000000;\"><strong>Samedi saint<br \/><\/strong><strong style=\"font-size: revert; font-family: inherit;\">4 avril<\/strong><\/span><\/p>\n<\/td>\n<td style=\"width: 23.6905%;\" width=\"178\">\n<p><span style=\"color: #000000;\"><strong>\u00a0<\/strong><\/span><\/p>\n<p style=\"text-align: center;\"><span style=\"color: #000000;\"><strong>\u00a0<\/strong><strong>21h Vigile de P\u00e2ques<br \/><\/strong> \u00e0 Heillecourt<\/span><\/p>\n<\/td>\n<td style=\"width: 24.6429%;\" width=\"185\">\n<p style=\"text-align: center;\"><span style=\"color: #000000;\"><strong>9h Laudes et confessions<\/strong><\/span><\/p>\n<p style=\"text-align: center;\"><span style=\"color: #000000;\"><strong>21h Vigile de P\u00e2ques\u00a0<br \/><\/strong>\u00e0 Neuves-Maisons<\/span><\/p>\n<\/td>\n<td style=\"width: 27.9762%;\" width=\"236\">\n<p style=\"text-align: center;\"><span style=\"color: #000000;\"><strong>9h \u00e0 Jarville Office des <\/strong><strong style=\"font-size: revert; font-family: inherit;\">t\u00e9n\u00e8bres<\/strong><\/span><\/p>\n<p style=\"text-align: center;\"><span style=\"color: #000000;\"><strong>21h Vigile de P\u00e2ques<br \/><\/strong>\u00e0 Jarville<\/span><\/p>\n<\/td>\n<\/tr>\n<tr>\n<td style=\"width: 19.1667%;\" width=\"143\">\n<p style=\"text-align: center;\"><span style=\"color: #000000;\"><strong>Dimanche de <br \/>P\u00e2ques<br \/><\/strong><strong style=\"font-size: revert; font-family: inherit;\">5 avril<\/strong><\/span><\/p>\n<\/td>\n<td style=\"width: 23.6905%;\" width=\"178\">\n<p style=\"text-align: center;\"><span style=\"color: #000000;\"><strong>11h<\/strong> \u00e0 Ludres<\/span><\/p>\n<\/td>\n<td style=\"width: 24.6429%;\" width=\"185\">\n<p style=\"text-align: center;\"><span style=\"color: #000000;\"><strong>9h30<\/strong> Xeuilley<\/span><br \/><span style=\"color: #000000;\"><strong>11h<\/strong> \u00e0 Neuves-Maisons<\/span><\/p>\n<\/td>\n<td style=\"width: 27.9762%;\" width=\"236\">\n<p style=\"text-align: center;\"><span style=\"color: #000000;\"><strong>9h30<\/strong> Fl\u00e9ville<\/span><br \/><span style=\"color: #000000;\"><strong>11h<\/strong> \u00e0 Laneuveville<\/span><\/p>\n<\/td>\n<\/tr>\n<\/tbody>\n<\/table>\n<p><span style=\"color: #000000;\"><strong>Les \u0153ufs de P\u00e2ques sont arriv\u00e9s :<br \/><\/strong><strong>A Saint Fran\u00e7ois-de-Sales<\/strong> la vente est pr\u00e9vue le WE des 21-22 mars \u00e0 la sortie des messes. <\/span><br \/><span style=\"color: #000000;\">A la paroisse <strong>Sainte-Jeanne-de-Chantal<\/strong> les \u0153ufs seront disponibles les<strong> mercredis ou samedis matins \u00e0 Ludres ou sur demande <\/strong>aupr\u00e8s de Jocelyne ou de Micheline<strong> et le WE des Rameaux, \u00e0 la sortie des messes,. <\/strong>L\u2019\u0153uf est \u00e0 0,85 \u20ac ou 2,50 \u20ac les 3, 5 \u20ac les 6, 10 \u20ac les 12.<\/span><\/p>\n<p><span style=\"color: #000000;\"><strong>Les voyageurs chr\u00e9tiens :<br \/><\/strong><strong>Jeudi 16 avril avec les \u00ab\u00a0Voyageurs chr\u00e9tiens\u00a0\u00bb: sortie ouverte \u00e0 tous en autocar PMR au d\u00e9part de Laneuveville. D\u00e9couverte de Luxeuil sur les pas de Saint Colomban. Visites guid\u00e9es de l&rsquo;Ecclesia pr\u00e9sentant la riche histoire de Luxeuil, de la basilique et du conservatoire de la dentelle.<\/strong><\/span><\/p>\n","protected":false},"excerpt":{"rendered":"<p>2\u00e8me scrutin des cat\u00e9chum\u00e8nes :Corinne, Vannel, Julianne, Manon vont c\u00e9l\u00e9brer le deuxi\u00e8me scrutin des cat\u00e9chum\u00e8nes \u00e0 Laneuveville ce samedi 14 mars, 4\u00e8me dimanche de Car\u00eame. Matthieu va le c\u00e9l\u00e9brer pendant le WE retraite \u00e0 Autrey avec les jeunes de La Malgrange et le p\u00e8re Alexandre-Marie avec lesquels il s\u2019est pr\u00e9par\u00e9 au bapt\u00eame. Bapt\u00eame :Dimanche 15&hellip; <br \/> <a class=\"read-more\" href=\"https:\/\/paroisses-nancy-sud.fr\/HOME\/annonces-de-saint-francois-de-sales-et-sainte-jeanne-de-chantal-du-15-mars\/\">Lire la suite<\/a><\/p>\n","protected":false},"author":5,"featured_media":2464,"comment_status":"closed","ping_status":"open","sticky":false,"template":"","format":"standard","meta":[],"categories":[7],"tags":[],"acf":[],"_links":{"self":[{"href":"https:\/\/paroisses-nancy-sud.fr\/HOME\/wp-json\/wp\/v2\/posts\/5222"}],"collection":[{"href":"https:\/\/paroisses-nancy-sud.fr\/HOME\/wp-json\/wp\/v2\/posts"}],"about":[{"href":"https:\/\/paroisses-nancy-sud.fr\/HOME\/wp-json\/wp\/v2\/types\/post"}],"author":[{"embeddable":true,"href":"https:\/\/paroisses-nancy-sud.fr\/HOME\/wp-json\/wp\/v2\/users\/5"}],"replies":[{"embeddable":true,"href":"https:\/\/paroisses-nancy-sud.fr\/HOME\/wp-json\/wp\/v2\/comments?post=5222"}],"version-history":[{"count":1,"href":"https:\/\/paroisses-nancy-sud.fr\/HOME\/wp-json\/wp\/v2\/posts\/5222\/revisions"}],"predecessor-version":[{"id":5223,"href":"https:\/\/paroisses-nancy-sud.fr\/HOME\/wp-json\/wp\/v2\/posts\/5222\/revisions\/5223"}],"wp:featuredmedia":[{"embeddable":true,"href":"https:\/\/paroisses-nancy-sud.fr\/HOME\/wp-json\/wp\/v2\/media\/2464"}],"wp:attachment":[{"href":"https:\/\/paroisses-nancy-sud.fr\/HOME\/wp-json\/wp\/v2\/media?parent=5222"}],"wp:term":[{"taxonomy":"category","embeddable":true,"href":"https:\/\/paroisses-nancy-sud.fr\/HOME\/wp-json\/wp\/v2\/categories?post=5222"},{"taxonomy":"post_tag","embeddable":true,"href":"https:\/\/paroisses-nancy-sud.fr\/HOME\/wp-json\/wp\/v2\/tags?post=5222"}],"curies":[{"name":"wp","href":"https:\/\/api.w.org\/{rel}","templated":true}]}}