{"id":5224,"date":"2026-03-16T12:45:29","date_gmt":"2026-03-16T11:45:29","guid":{"rendered":"https:\/\/paroisses-nancy-sud.fr\/HOME\/?p=5224"},"modified":"2026-03-16T12:45:29","modified_gmt":"2026-03-16T11:45:29","slug":"saint-joseph-fete-le-jeudi-19-mars","status":"publish","type":"post","link":"https:\/\/paroisses-nancy-sud.fr\/HOME\/saint-joseph-fete-le-jeudi-19-mars\/","title":{"rendered":"Saint Joseph, f\u00eat\u00e9 le jeudi 19 mars"},"content":{"rendered":"\n<p><span style=\"color: #000000;\"><strong>Saint Joseph, f\u00eat\u00e9 jeudi 19 mars,<\/strong><\/span><\/p>\n<p><span style=\"color: #000000;\">Joseph \u00ab\u00a0\u00e9tait un juste\u00a0\u00bb, selon l\u2019\u00e9vangile de saint Matthieu, chapitre 1, verset 19. Les \u00e9vang\u00e9listes ne nous ont conserv\u00e9 aucune parole de ce \u00ab\u00a0juste\u00a0\u00bb, le charpentier de Nazareth en Galil\u00e9e, fianc\u00e9 \u00e0 Marie, la M\u00e8re de Dieu, \u00e9poux aussi discret que fid\u00e8le et chaste. P\u00e8re nourricier et \u00e9ducateur de Dieu le Fils, devenu homme parmi les hommes de ce village, il le fait tout simplement. L\u2019ange lui avait dit : \u00ab\u00a0<strong><em>Ne crains pas de prendre chez toi Marie, ton \u00e9pouse<\/em>.<\/strong>\u00a0\u00bb et Joseph prit chez lui Marie son \u00e9pouse. L\u2019ange lui avait dit : \u00ab\u00a0<strong><em>L\u00e8ve-toi, prends l\u2019enfant et sa m\u00e8re.<\/em>\u00a0<\/strong>\u00bb et il se leva, prit l\u2019enfant et sa m\u00e8re et s\u2019enfuit en Egypte. Il est un vrai fils d\u2019Abraham : il croit et fait ce que Dieu lui dit. Lorsque J\u00e9sus dispara\u00eet pendant trois jours lors du p\u00e8lerinage \u00e0 J\u00e9rusalem, Joseph accompagne la qu\u00eate de Marie : \u00ab\u00a0<strong><em>Ton p\u00e8re et moi nous te cherchions.<\/em>\u00a0<\/strong>\u00bb Et J\u00e9sus, m\u00eame s\u2019il se consacre d\u00e9sormais \u00ab\u00a0<strong><em>aux affaires de son P\u00e8re<\/em><\/strong>\u00a0\u00bb n\u2019en est pas moins soumis \u00e0 celui qui, sur terre, a autorit\u00e9 paternelle sur lui. Le P\u00e8re savait \u00e0 qui il confiait son Fils unique et sa M\u00e8re. Les Orientaux honorent saint Joseph depuis toujours. Les Latins l\u2019ont m\u00e9connu longtemps.<\/span><\/p>\n<p><span style=\"color: #000000;\">Lors de l&rsquo;audience g\u00e9n\u00e9rale du 2 f\u00e9vrier 2022, <strong>le pape Fran\u00e7ois<\/strong>, poursuivant sa cat\u00e9ch\u00e8se sur saint Joseph, avait invit\u00e9 chacun \u00e0 mettre cette confiance vers les saints \u00ab\u00a0aux moments d\u00e9cisifs\u00a0\u00bb de sa vie. Il a lui-m\u00eame confi\u00e9 r\u00e9citer tous les jours une pri\u00e8re \u00e0 saint Joseph \u00ab\u00a0depuis plus de 40 ans\u00a0\u00bb, qu\u2019il a trouv\u00e9e dans un livre de pri\u00e8res des S\u0153urs de J\u00e9sus et Marie datant du XVIIIe si\u00e8cle. \u00ab\u00a0Plus qu\u2019une pri\u00e8re, c\u2019est un d\u00e9fi\u00a0\u00bb, a-t-il d\u00e9clar\u00e9 avant de la r\u00e9citer :<\/span><\/p>\n<p style=\"text-align: center;\"><span style=\"color: #000000;\"><em>Glorieux Patriarche saint Joseph,<br \/>Dont la puissance rend possible l\u2019impossible,\u00a0<br \/>Venez \u00e0 mon secours en ces moments d\u2019angoisse et de difficult\u00e9.\u00a0<br \/>Prenez sous votre protection les situations tr\u00e8s graves et difficiles que je vous confie,\u00a0<br \/>Afin qu\u2019elles aient une solution heureuse.\u00a0<br \/>Mon P\u00e8re bien-aim\u00e9, toute ma confiance est plac\u00e9e en toi.\u00a0<br \/>Qu\u2019il ne soit pas dit que je vous ai invoqu\u00e9 en vain,\u00a0<br \/>Et puisque vous pouvez tout faire avec J\u00e9sus et Marie,\u00a0<br \/>Montrez-moi que votre bont\u00e9 est aussi grande que votre puissance.<br \/>Amen.<\/em><\/span><\/p>\n<p style=\"text-align: right;\"><span style=\"color: #000000;\">Eglise catholique en France<\/span><\/p>\n","protected":false},"excerpt":{"rendered":"<p>Saint Joseph, f\u00eat\u00e9 jeudi 19 mars, Joseph \u00ab\u00a0\u00e9tait un juste\u00a0\u00bb, selon l\u2019\u00e9vangile de saint Matthieu, chapitre 1, verset 19. Les \u00e9vang\u00e9listes ne nous ont conserv\u00e9 aucune parole de ce \u00ab\u00a0juste\u00a0\u00bb, le charpentier de Nazareth en Galil\u00e9e, fianc\u00e9 \u00e0 Marie, la M\u00e8re de Dieu, \u00e9poux aussi discret que fid\u00e8le et chaste. P\u00e8re nourricier et \u00e9ducateur de&hellip; <br \/> <a class=\"read-more\" href=\"https:\/\/paroisses-nancy-sud.fr\/HOME\/saint-joseph-fete-le-jeudi-19-mars\/\">Lire la suite<\/a><\/p>\n","protected":false},"author":5,"featured_media":529,"comment_status":"closed","ping_status":"open","sticky":false,"template":"","format":"standard","meta":[],"categories":[6],"tags":[],"acf":[],"_links":{"self":[{"href":"https:\/\/paroisses-nancy-sud.fr\/HOME\/wp-json\/wp\/v2\/posts\/5224"}],"collection":[{"href":"https:\/\/paroisses-nancy-sud.fr\/HOME\/wp-json\/wp\/v2\/posts"}],"about":[{"href":"https:\/\/paroisses-nancy-sud.fr\/HOME\/wp-json\/wp\/v2\/types\/post"}],"author":[{"embeddable":true,"href":"https:\/\/paroisses-nancy-sud.fr\/HOME\/wp-json\/wp\/v2\/users\/5"}],"replies":[{"embeddable":true,"href":"https:\/\/paroisses-nancy-sud.fr\/HOME\/wp-json\/wp\/v2\/comments?post=5224"}],"version-history":[{"count":1,"href":"https:\/\/paroisses-nancy-sud.fr\/HOME\/wp-json\/wp\/v2\/posts\/5224\/revisions"}],"predecessor-version":[{"id":5225,"href":"https:\/\/paroisses-nancy-sud.fr\/HOME\/wp-json\/wp\/v2\/posts\/5224\/revisions\/5225"}],"wp:featuredmedia":[{"embeddable":true,"href":"https:\/\/paroisses-nancy-sud.fr\/HOME\/wp-json\/wp\/v2\/media\/529"}],"wp:attachment":[{"href":"https:\/\/paroisses-nancy-sud.fr\/HOME\/wp-json\/wp\/v2\/media?parent=5224"}],"wp:term":[{"taxonomy":"category","embeddable":true,"href":"https:\/\/paroisses-nancy-sud.fr\/HOME\/wp-json\/wp\/v2\/categories?post=5224"},{"taxonomy":"post_tag","embeddable":true,"href":"https:\/\/paroisses-nancy-sud.fr\/HOME\/wp-json\/wp\/v2\/tags?post=5224"}],"curies":[{"name":"wp","href":"https:\/\/api.w.org\/{rel}","templated":true}]}}