{"id":5318,"date":"2026-04-26T11:00:00","date_gmt":"2026-04-26T09:00:00","guid":{"rendered":"https:\/\/paroisses-nancy-sud.fr\/HOME\/?p=5318"},"modified":"2026-05-01T21:39:40","modified_gmt":"2026-05-01T19:39:40","slug":"pour-le-pardon-des-peches-et-le-don-du-saint-esprit","status":"publish","type":"post","link":"https:\/\/paroisses-nancy-sud.fr\/HOME\/pour-le-pardon-des-peches-et-le-don-du-saint-esprit\/","title":{"rendered":"Pour le pardon des p\u00e9ch\u00e9s et le don du Saint-Esprit"},"content":{"rendered":"\n<p><span style=\"color: #000000;\"><strong>Pour le pardon des p\u00e9ch\u00e9s et le don du Saint-Esprit<\/strong><\/span><\/p>\n<p><span style=\"color: #000000;\">\u00ab\u00a0Fr\u00e8res, que devons-nous faire\u00a0? _ Convertissez-vous, et que chacun de vous soit baptis\u00e9 au nom de J\u00e9sus Christ pour le pardon de ses p\u00e9ch\u00e9s\u00a0; vous recevrez alors le don du Saint-Esprit. Car la promesse est pour vous, pour vos enfants et pour tous ceux qui sont loin, aussi nombreux que le Seigneur notre Dieu les appellera.\u00a0\u00bb<\/span><\/p>\n<p><span style=\"color: #000000;\">Prendre part \u00e0 la c\u00e9l\u00e9bration eucharistique, surtout pendant le temps pascal,\u00a0 devrait nous remplir d&rsquo;\u00e9merveillement pour le don immense du bapt\u00eame, et encore plus aujourd&rsquo;hui o\u00f9 nous allons communiquer ce don \u00e0 la petite Noa.<\/span><\/p>\n<p><span style=\"color: #000000;\">Fr\u00e8res et s\u0153urs, nous avons \u00e9t\u00e9 baptis\u00e9s au nom de J\u00e9sus Christ.<\/span><\/p>\n<p><span style=\"color: #000000;\">Le Seigneur lui-m\u00eame nous a re\u00e7us et plong\u00e9s dans sa mort et sa r\u00e9surrection, dans le myst\u00e8re de sa P\u00e2que. Tant que notre bapt\u00eame reste vivant et actif, nous sommes en communion avec celui qui a dit\u00a0: \u00ab\u00a0Moi, je suis venu pour que les brebis aient la vie, la vie en abondance.\u00a0\u00bb<\/span><\/p>\n<p><span style=\"color: #000000;\">Cette vie en abondance, le Seigneur J\u00e9sus nous la donne d\u00e8s aujourd&rsquo;hui, \u00e0 la mesure de ce que nous sommes capables de recevoir. Ann\u00e9e apr\u00e8s ann\u00e9e, il dilate notre c\u0153ur pour nous pr\u00e9parer \u00e0 recevoir la vie \u00e9ternelle en pl\u00e9nitude. Notre part \u00e0 nous, c&rsquo;est \u2013 comme l&rsquo;\u00e9crivait le pape Fran\u00e7ois \u2013 \u00ab\u00a0de nous abandonner \u00e0 son amour, de nous laisser attirer par lui.\u00a0\u00bb Ce n&rsquo;est pas si facile de s&rsquo;en remettre totalement \u00e0 un autre. C&rsquo;est pourtant le seul chemin de la vie \u00e9ternelle. J\u00e9sus lui-m\u00eame est pass\u00e9 par l\u00e0, comme l&rsquo;\u00e9crit Pierre dans la deuxi\u00e8me lecture\u00a0: \u00ab\u00a0Insult\u00e9, il ne rendait pas l\u2019insulte, dans la souffrance, il ne mena\u00e7ait pas, mais il s\u2019abandonnait \u00e0 Celui qui juge avec justice.\u00a0\u00bb<\/span><\/p>\n<p><span style=\"color: #000000;\">Notre bapt\u00eame n&rsquo;est pas d&rsquo;abord un signe d&rsquo;appartenance \u00e0 un pays, \u00e0 une civilisation, \u00e0 une culture, \u00e0 une tradition. Il est la marque de Dieu, un signe d&rsquo;appartenance \u00e0 Dieu lui-m\u00eame. Nous sommes baptis\u00e9s en vue de la communion avec Dieu\u00a0: communion re\u00e7ue une premi\u00e8re fois \u2014 c&rsquo;est la premi\u00e8re communion, entretenue en la recevant chaque dimanche, et tout cela en vue de la communion bienheureuse de la vie \u00e9ternelle.<\/span><\/p>\n<p><span style=\"color: #000000;\">Fr\u00e8res et s\u0153urs, nous avons \u00e9t\u00e9 baptis\u00e9s pour le pardon des p\u00e9ch\u00e9s.<\/span><\/p>\n<p><span style=\"color: #000000;\">Pour nous donner la vie en abondance, le Seigneur J\u00e9sus a le d\u00e9sir de d\u00e9truire en nous le p\u00e9ch\u00e9 qui donne la mort, et il en a le pouvoir. L&rsquo;\u00c9vangile parle du p\u00e9ch\u00e9 comme d&rsquo;une dette, et combien cette image est-elle d&rsquo;actualit\u00e9 pour nous\u00a0!<\/span><\/p>\n<p><span style=\"color: #000000;\">Quel que soit notre \u00e2ge, il n&rsquo;est jamais ni trop t\u00f4t ni trop tard pour laisser le Seigneur all\u00e9ger notre fardeau et \u00f4ter le poids qui charge nos \u00e9paules. \u00ab\u00a0Venez \u00e0 moi, vous tous qui peinez sous le poids du fardeau, nous dit-il, et moi, je vous procurerai le repos.\u00a0\u00bb<\/span><\/p>\n<p><span style=\"color: #000000;\">L\u00e0 encore, c&rsquo;est \u00e0 la fois facile et difficile\u00a0: il nous faut accepter de n&rsquo;avoir aucun droit \u00e0 acc\u00e9der \u00e0 Dieu par nos propres m\u00e9rites et d&rsquo;avoir besoin d&rsquo;\u00eatre sauv\u00e9s par un autre, gu\u00e9ris et pardonn\u00e9s.<\/span><\/p>\n<p><span style=\"color: #000000;\">Une fois nos p\u00e9ch\u00e9s pardonn\u00e9s, nous pouvons alors lutter chaque jour pour rejeter le mal et pour accomplir le bien. Notre dette est effac\u00e9e, nous avons l&rsquo;assurance de toujours pouvoir compter sur la mis\u00e9ricorde de Dieu lorsque nous venons \u00e0 retomber, et nous avons la promesse garantie par Dieu lui-m\u00eame que nos efforts vers le bien ne seront pas vains.<\/span><\/p>\n<p><span style=\"color: #000000;\">Fr\u00e8res et s\u0153urs, baptis\u00e9s dans le Christ, nous avons re\u00e7u le don de l&rsquo;Esprit Saint.<\/span><\/p>\n<p><span style=\"color: #000000;\">Dans l&rsquo;Esprit Saint, l&rsquo;Esprit du Christ J\u00e9sus, l&rsquo;Esprit du Fils, nous avons acc\u00e8s sans rendez-vous aupr\u00e8s du Dieu Unique, et nous avons le droit de l&rsquo;appeler du nom de P\u00e8re. Le faisons-nous suffisamment\u00a0? Prenons-nous le temps de nous confier au P\u00e8re matin et soir, de lui parler de nos joies et de nos \u00e9preuves, de lui dire que nous l&rsquo;aimons et que nous comptons sur lui\u00a0?<\/span><\/p>\n<p><span style=\"color: #000000;\">Dans l&rsquo;Esprit Saint qui a parl\u00e9 par les proph\u00e8tes, nous pouvons faire de la Bible notre nourriture quotidienne, apprendre de l&rsquo;exp\u00e9rience des hommes et des femmes qui ont cherch\u00e9 Dieu avant nous\u00a0: Abraham, Mo\u00efse, David et Elie, Sara, Rebecca, Judith et Esther, Marie et Joseph, Pierre et Paul, Marie-Madeleine et tous les autres, en passant par Fran\u00e7ois de Sales, Jeanne de Chantal et les martyrs de l&rsquo;Ouganda, dont No\u00e9 Mawaggali.<\/span><\/p>\n<p><span style=\"color: #000000;\">Fr\u00e8res et s\u0153urs, cultivez une vie de pri\u00e8re simple, fid\u00e8le mais ardente. Que Dieu soit pour vous non pas quelque chose dont on parle, mais bien quelqu&rsquo;un \u00e0 qui l&rsquo;on parle. Et transmettez cette art de la pri\u00e8re \u00e0 Noa, avec les tr\u00e9sors du notre P\u00e8re, du Je vous salue Marie, de la Bible, du Rosaire, des sacrements.<\/span><\/p>\n<p><span style=\"color: #000000;\">Fr\u00e8res et s\u0153urs, baptis\u00e9s dans le Christ, remercions Dieu pour ceux par qui nous avons re\u00e7u ces tr\u00e9sors, pour les \u00e9v\u00eaques et les pr\u00eatres qui consacrent leur vie enti\u00e8re \u00e0 annoncer la parole et \u00e0 c\u00e9l\u00e9brer les sacrements.<\/span><\/p>\n<p><span style=\"color: #000000;\">Ce dimanche du Bon Pasteur est aussi la journ\u00e9e mondiale de pri\u00e8re pour les vocations. La personne humaine ne peut s&rsquo;\u00e9panouir pleinement qu&rsquo;en se d\u00e9couvrant appel\u00e9e personnellement par Dieu lui-m\u00eame\u00a0: appel\u00e9e \u00e0 l&rsquo;existence, appel\u00e9e au don de soi par amour. Prions notre P\u00e8re du Ciel de ne laisser personne s&rsquo;\u00e9garer dans une vie referm\u00e9e sur elle-m\u00eame.<\/span><\/p>\n<p><span style=\"color: #000000;\">Pour certains, cet appel, cette vocation, prend la forme du minist\u00e8re de pr\u00eatre, pour travailler avec le Christ \u00e0 ce que les hommes aient la vie en abondance. Le monde, l&rsquo;\u00c9glise, et particuli\u00e8rement notre \u00c9glise de Nancy et Toul, a besoin du\u00a0 minist\u00e8re des pr\u00eatres. Prions notre P\u00e8re du Ciel de donner aux baptis\u00e9s les pr\u00eatres dont ils ont besoin.<\/span><\/p>\n<p style=\"text-align: right;\"><span style=\"color: #000000;\"><em>P\u00e8re Alexandre-Marie Valder<\/em><\/span><\/p>\n","protected":false},"excerpt":{"rendered":"<p>Pour le pardon des p\u00e9ch\u00e9s et le don du Saint-Esprit \u00ab\u00a0Fr\u00e8res, que devons-nous faire\u00a0? _ Convertissez-vous, et que chacun de vous soit baptis\u00e9 au nom de J\u00e9sus Christ pour le pardon de ses p\u00e9ch\u00e9s\u00a0; vous recevrez alors le don du Saint-Esprit. Car la promesse est pour vous, pour vos enfants et pour tous ceux qui&hellip; <br \/> <a class=\"read-more\" href=\"https:\/\/paroisses-nancy-sud.fr\/HOME\/pour-le-pardon-des-peches-et-le-don-du-saint-esprit\/\">Lire la suite<\/a><\/p>\n","protected":false},"author":9,"featured_media":290,"comment_status":"closed","ping_status":"open","sticky":false,"template":"","format":"standard","meta":[],"categories":[9],"tags":[],"acf":[],"_links":{"self":[{"href":"https:\/\/paroisses-nancy-sud.fr\/HOME\/wp-json\/wp\/v2\/posts\/5318"}],"collection":[{"href":"https:\/\/paroisses-nancy-sud.fr\/HOME\/wp-json\/wp\/v2\/posts"}],"about":[{"href":"https:\/\/paroisses-nancy-sud.fr\/HOME\/wp-json\/wp\/v2\/types\/post"}],"author":[{"embeddable":true,"href":"https:\/\/paroisses-nancy-sud.fr\/HOME\/wp-json\/wp\/v2\/users\/9"}],"replies":[{"embeddable":true,"href":"https:\/\/paroisses-nancy-sud.fr\/HOME\/wp-json\/wp\/v2\/comments?post=5318"}],"version-history":[{"count":1,"href":"https:\/\/paroisses-nancy-sud.fr\/HOME\/wp-json\/wp\/v2\/posts\/5318\/revisions"}],"predecessor-version":[{"id":5319,"href":"https:\/\/paroisses-nancy-sud.fr\/HOME\/wp-json\/wp\/v2\/posts\/5318\/revisions\/5319"}],"wp:featuredmedia":[{"embeddable":true,"href":"https:\/\/paroisses-nancy-sud.fr\/HOME\/wp-json\/wp\/v2\/media\/290"}],"wp:attachment":[{"href":"https:\/\/paroisses-nancy-sud.fr\/HOME\/wp-json\/wp\/v2\/media?parent=5318"}],"wp:term":[{"taxonomy":"category","embeddable":true,"href":"https:\/\/paroisses-nancy-sud.fr\/HOME\/wp-json\/wp\/v2\/categories?post=5318"},{"taxonomy":"post_tag","embeddable":true,"href":"https:\/\/paroisses-nancy-sud.fr\/HOME\/wp-json\/wp\/v2\/tags?post=5318"}],"curies":[{"name":"wp","href":"https:\/\/api.w.org\/{rel}","templated":true}]}}