{"id":5327,"date":"2026-05-01T21:52:48","date_gmt":"2026-05-01T19:52:48","guid":{"rendered":"https:\/\/paroisses-nancy-sud.fr\/HOME\/?p=5327"},"modified":"2026-05-01T21:52:48","modified_gmt":"2026-05-01T19:52:48","slug":"annonces-de-saint-francois-de-sales-et-sainte-jeanne-de-chantal-du-3-mai","status":"publish","type":"post","link":"https:\/\/paroisses-nancy-sud.fr\/HOME\/annonces-de-saint-francois-de-sales-et-sainte-jeanne-de-chantal-du-3-mai\/","title":{"rendered":"Annonces de Saint-Fran\u00e7ois-de-Sales et Sainte-Jeanne-de-Chantal du 3 mai"},"content":{"rendered":"\n<p><span style=\"color: #000000;\"><strong>Bapt\u00eames :<br \/><\/strong><strong>Dimanche 03 Mai \u00e0 Ludres bapt\u00eame de <\/strong>Ali\u00e9nor Destaing. <strong>Dimanche 10 mai, bapt\u00eames, \u00e0 Fl\u00e9ville\u00a0de <\/strong>Ma\u00ebl Lorino-Delorme<strong> et \u00e0 Jarville <\/strong>de Julia Dobol<strong>.<br \/><\/strong>Nous prions pour ces enfants et leurs familles.<\/span><\/p>\n<p><span style=\"color: #000000;\"><strong>Qu\u00eate suppl\u00e9mentaire du premier dimanche du mois :<br \/><\/strong><strong>Ce samedi 2 mai et dimanche 3 mai, <\/strong>\u00e0 la sortie des messes vous sera propos\u00e9e la qu\u00eate suppl\u00e9mentaire de d\u00e9but de mois. Elle permet de compl\u00e9ter le budget pastoral et de fonctionnement de nos paroisses. Un grand merci pour votre g\u00e9n\u00e9rosit\u00e9 !<\/span><\/p>\n<p><span style=\"color: #000000;\"><strong>Concert :<br \/><\/strong><strong>Dimanche 3 mai, \u00e0 l\u2019\u00e9glise de Heillecourt<\/strong><strong>, \u00e0 14h, concert par \u2018<em>\u2019le ch\u0153ur\u00a0en balade\u2019\u2019<\/em><\/strong><\/span><\/p>\n<p><span style=\"color: #000000;\"><strong>Pri\u00e8re du premier jeudi du mois :<br \/><\/strong><strong>Jeudi 7 mai \u00e0 Jarville, \u00e0 17h30 <\/strong>pri\u00e8re pour les malade set les personnes en difficult\u00e9.<\/span><\/p>\n<p><span style=\"color: #000000;\"><strong>Mois de mai, mois de Marie :<br \/><\/strong><strong>A partir du lundi 4 mai \u00e0 17h30, <\/strong>m\u00e9ditation du chapelet avec les \u00e9quipes du Rosaire, \u00e0 la crypte de l\u2019\u00e9glise de Sacr\u00e9-C\u0153ur de Jarville.<\/span><\/p>\n<p><span style=\"color: #000000;\"><strong>Horaires des messes dominicales du 9 et 10 mai 2026. <br \/><\/strong><strong>Samedi 9 mai<\/strong>: <strong>18h<\/strong> Laneuveville, Heillecourt, Autrey-sur-Madon<br \/><strong>Dimanche 10 mai<\/strong><strong>: 9h30<\/strong> Flavigny et Fl\u00e9ville\u00a0\u00a0\u00a0\u00a0\u00a0\u00a0\u00a0\u00a0 \u00a0\u00a0\u00a0\u00a0\u00a0\u00a0\u00a0\u00a0\u00a0\u00a0\u00a0\u00a0\u00a0\u00a0\u00a0\u00a0<strong>11h<\/strong> Jarville, Neuves-Maisons,<\/span><\/p>\n<p><span style=\"color: #000000;\"><strong>Visite pastorale du secteur Nancy-Sud par notre \u00e9v\u00eaque :\u00a0<br \/><\/strong><strong>Monseigneur Pierre-Yves Michel<\/strong> vient sur notre secteur Nancy-Sud, <strong>du jeudi 14 mai (Ascension) au dimanche 17 mai,<\/strong> \u00e0 la rencontre des habitants, paroissiens, la\u00efcs engag\u00e9s, religieuses, diacres et pr\u00eatres. Dans un climat de pri\u00e8re, d\u2019\u00e9coute et d\u2019\u00e9change, nous lui ferons part de nos pr\u00e9occupations mais aussi de nos joies et de nos espoirs. Cette visite se d\u00e9roulera ainsi\u00a0:<\/span><\/p>\n<p><span style=\"color: #000000;\"><strong>\u00a0&#8211; Le jeudi de l\u2019Ascension<\/strong>, nous sommes tous invit\u00e9s \u00e0 notre p\u00e8lerinage traditionnel <strong>\u00e0 Sion.<\/strong> Le matin, une marche vers le monument Barr\u00e8s est propos\u00e9e. Le rendez-vous est \u00e0 <strong>9h30 \u00e0 Sion<\/strong> pour un d\u00e9part de marche \u00e0 10h. Nous nous retrouverons ensuite \u00e0 l\u2019abri du p\u00e8lerin pour un ap\u00e9ritif et un repas partag\u00e9, tous ensemble \u00e0 partir de midi. L\u2019apr\u00e8s-midi, \u00e0 14h, temps d\u2019\u00e9change, dans la basilique, avec notre \u00e9v\u00eaque Mgr Pierre-Yves Michel. <strong>La messe sera c\u00e9l\u00e9br\u00e9e \u00e0 16h<\/strong>.<\/span><\/p>\n<p><span style=\"color: #000000;\"><strong>\u00a0&#8211; La journ\u00e9e du vendredi, se d\u00e9roulera \u00e0 Ludres<\/strong>. L\u2019\u00e9v\u00eaque rencontrera le matin, les \u00e9quipes fun\u00e9railles, liturgiques, les sacristains, les fleuristes. L\u2019apr\u00e8s-midi ce sera un temps d\u2019\u00e9change avec les personnes des EAP, CEP, secr\u00e9tariats, accueils et en soir\u00e9e, avec les migrants et \u2018\u2019les \u2018\u2018amis de la rue \u2019\u2019et ceux qui les accompagnent. <strong>La messe sera c\u00e9l\u00e9br\u00e9e \u00e0 17h30<\/strong>. <strong>Tout le monde est invit\u00e9.<\/strong><\/span><\/p>\n<p><span style=\"color: #000000;\"><strong>\u00a0&#8211; La journ\u00e9e du samedi, se d\u00e9roulera \u00e0 Jarville<\/strong>. La messe sera c\u00e9l\u00e9br\u00e9e \u00e0 8h30.<strong> Tout le monde est invit\u00e9.<\/strong> Le matin, l\u2019\u00e9v\u00eaque rencontrera les groupes de jeunes de 14 \u00e0 35 ans et leurs animateurs. L\u2019apr\u00e8s-midi sera consacr\u00e9e \u00e0 un temps d\u2019\u00e9change avec les associations et les mouvements d\u2019Eglise des trois paroisses et en soir\u00e9e, avec l\u2019\u00e9quipe de pr\u00e9paration au mariage.<\/span><\/p>\n<p><span style=\"color: #000000;\"><strong>\u00a0&#8211; Le dimanche<\/strong>, apr\u00e8s un \u00e9change entre l\u2019\u00e9v\u00eaque, les musiciens et les choristes du secteur, nous sommes tous attendus pour participer \u00e0 <strong>la messe de cl\u00f4ture, \u00e0 Neuves-Maisons, \u00e0 11H<\/strong>. Un temps convivial et de partage pour toutes et tous, suivra la messe.<\/span><br \/><span style=\"color: #000000;\"><strong><em>Venez nombreux p\u00e9leriner \u00e0 Sion le jeudi de l\u2019Ascension et participer dimanche 17 mai, en l\u2019\u00e9glise de Neuves-Maisons, \u00e0 la messe de cl\u00f4ture pr\u00e9sid\u00e9e par Monseigneur Pierre-Yves Michel.<\/em><\/strong><\/span><\/p>\n<p><span style=\"color: #000000;\"><strong>Table ouverte du 2<sup>\u00e8me<\/sup> dimanche du mois :<br \/><\/strong><strong>Dimanche 10 mai \u00e0 Jarville, \u00e0 partir de midi, table ouverte\u00a0! <\/strong>chacun apporte un plat sal\u00e9 ou sucr\u00e9 ou une boisson, du fromage, du pain \u2026 et sa bonne humeur\u00a0et le plaisir de se retrouver\u00a0! les \u2018\u2019habitu\u00e9s \u2018\u2019 sont pr\u00eats \u00e0 accueillir de nouvelles personnes.<\/span><\/p>\n<p><span style=\"color: #000000;\"><strong>Alexandre-Marie appel\u00e9 pour un autre secteur paroissial :<br \/><\/strong><strong>Monseigneur Pierre-Yves Michel et l\u2019\u00e9quipe \u00e9piscopale, proposent au p\u00e8re Alexandre-Marie de remplir sa mission au sein du<\/strong> <strong>secteur Nancy-Ouest,<\/strong> paroisses de la Sainte-Famille, du Bon-Pasteur, Notre-Dame des Nations.<\/span><br \/><span style=\"color: #000000;\">Alexandre-Marie Valder avait commenc\u00e9 \u00e0 fr\u00e9quenter la paroisse Saint-Fran\u00e7ois-de-Sales pendant les vacances universitaires, avec le p\u00e8re Marc Haeussler, qu\u2019il connaissait d\u00e9j\u00e0.<\/span><br \/><span style=\"color: #000000;\"><strong>Apr\u00e8s son ordination diaconale<\/strong> <strong>en juin 2019<\/strong>, il y a \u00e9t\u00e9 officiellement envoy\u00e9. Sa mission a \u00e9t\u00e9 prolong\u00e9e et \u00e9largie \u00e0 l&rsquo;ensemble du <strong>secteur Nancy-Sud apr\u00e8s<\/strong> <strong>son ordination presbyt\u00e9rale en octobre 2020<\/strong>. Nous avons pu appr\u00e9cier ses qualit\u00e9s spirituelles, intellectuelles et pastorales et aurions aim\u00e9 le garder encore un peu. Pour notre secteur Nancy-Sud, un pr\u00eatre libanais devrait arriver. <em>Un grand merci Alexandre-Marie, nous prendrons un temps de remerciements pour rendre gr\u00e2ce des ann\u00e9es pass\u00e9es avec nous\u00a0la 2<sup>\u00e8me<\/sup> quinzaine du mois d\u2019ao\u00fbt !<\/em><\/span><\/p>\n<p><span style=\"color: #000000;\"><strong>Autres Annonces.\u00a0<br \/><\/strong><strong>\u00a0&#8211; Boutique fraternelle de Vandoeuvre<br \/><\/strong>Depuis le 8 avril, s\u2019est ouvert une boutique solidaire (femmes, enfants, pu\u00e9riculture), chaque <strong>mercredi de 14h \u00e0 16h30<\/strong>, 3 rue Carnot, b\u00e2timent les Pinsons, \u00e0 Vandoeuvre.<\/span><\/p>\n<p><span style=\"color: #000000;\"><strong>\u00a0&#8211; P\u00e8lerinage dioc\u00e9sain 2026 \u00e0 Lourdes :<br \/><\/strong><strong>Ce p\u00e8lerinage dioc\u00e9sain<\/strong>, annuel, auquel vous \u00eates tous invit\u00e9s \u00e0 participer, aura lieu\u00a0du <strong>dimanche 19 au samedi 25 juillet 2026,<\/strong> pr\u00e9sid\u00e9 par Monseigneur Pierre-Yves Michel, \u00e9v\u00eaque de Nancy et Toul. L\u2019occasion pour chacun de <strong>vivre une aventure unique marqu\u00e9e par la pri\u00e8re, le partage et la convivialit\u00e9<\/strong>. Au programme du p\u00e8lerinage : messe \u00e0 la grotte de Lourdes, temps de pri\u00e8re, enseignements, procession mariale, chemin de croix, etc. Pensez \u00e0 vous inscrire aupr\u00e8s du service des p\u00e8lerinages\u00a0!<\/span><\/p>\n<p><span style=\"color: #000000;\"><strong>\u00a0 \u00a0 \u00a0 \u00a0 \u00a0 \u00a0 \u00a0 \u00a0 \u00a0Les jeunes sont particuli\u00e8rement invit\u00e9s<\/strong> <strong>au p\u00e8lerinage<\/strong>\u00a0! Le service des jeunes du dioc\u00e8se\u00a0et le service dioc\u00e9sain de la diaconie et de l&rsquo;\u00e9cologie int\u00e9grale, montent un fonds de solidarit\u00e9 pour <strong>aider des jeunes et des personnes en situation de pr\u00e9carit\u00e9 \u00e0 participer au p\u00e8lerinage dioc\u00e9sain \u00e0 Lourdes<\/strong>. Et si vous leur offriez de vivre cette exp\u00e9rience spirituelle et fraternelle inoubliable ? Merci par avance pour votre g\u00e9n\u00e9rosit\u00e9. Tracts au fond des \u00e9glises. Contact <em>: <strong>\u00a0<\/strong><\/em>03 83 27 06 17 \u2013 07 89 29 41 49.<\/span><\/p>\n<p><span style=\"color: #000000;\"><strong>Veill\u00e9e de pri\u00e8re dioc\u00e9saine pour le respect de la vie :<br \/><\/strong><strong>Vendredi 8 mai 2026 \u00e0 20h, \u00e0 l\u2019\u00e9glise Saint-S\u00e9bastien de Nancy<\/strong> Notre dioc\u00e8se de Nancy et Toul vous invite \u00e0 une veill\u00e9e de pri\u00e8re dioc\u00e9saine pour le respect de la vie<strong>.<\/strong>\u00a0 Elle sera pr\u00e9sid\u00e9e par Monseigneur Pierre-Yves Michel, \u00e9v\u00eaque de Nancy et Toul.<\/span><\/p>\n","protected":false},"excerpt":{"rendered":"<p>Bapt\u00eames :Dimanche 03 Mai \u00e0 Ludres bapt\u00eame de Ali\u00e9nor Destaing. Dimanche 10 mai, bapt\u00eames, \u00e0 Fl\u00e9ville\u00a0de Ma\u00ebl Lorino-Delorme et \u00e0 Jarville de Julia Dobol.Nous prions pour ces enfants et leurs familles. Qu\u00eate suppl\u00e9mentaire du premier dimanche du mois :Ce samedi 2 mai et dimanche 3 mai, \u00e0 la sortie des messes vous sera propos\u00e9e la&hellip; <br \/> <a class=\"read-more\" href=\"https:\/\/paroisses-nancy-sud.fr\/HOME\/annonces-de-saint-francois-de-sales-et-sainte-jeanne-de-chantal-du-3-mai\/\">Lire la suite<\/a><\/p>\n","protected":false},"author":5,"featured_media":2464,"comment_status":"closed","ping_status":"open","sticky":false,"template":"","format":"standard","meta":[],"categories":[7],"tags":[],"acf":[],"_links":{"self":[{"href":"https:\/\/paroisses-nancy-sud.fr\/HOME\/wp-json\/wp\/v2\/posts\/5327"}],"collection":[{"href":"https:\/\/paroisses-nancy-sud.fr\/HOME\/wp-json\/wp\/v2\/posts"}],"about":[{"href":"https:\/\/paroisses-nancy-sud.fr\/HOME\/wp-json\/wp\/v2\/types\/post"}],"author":[{"embeddable":true,"href":"https:\/\/paroisses-nancy-sud.fr\/HOME\/wp-json\/wp\/v2\/users\/5"}],"replies":[{"embeddable":true,"href":"https:\/\/paroisses-nancy-sud.fr\/HOME\/wp-json\/wp\/v2\/comments?post=5327"}],"version-history":[{"count":2,"href":"https:\/\/paroisses-nancy-sud.fr\/HOME\/wp-json\/wp\/v2\/posts\/5327\/revisions"}],"predecessor-version":[{"id":5331,"href":"https:\/\/paroisses-nancy-sud.fr\/HOME\/wp-json\/wp\/v2\/posts\/5327\/revisions\/5331"}],"wp:featuredmedia":[{"embeddable":true,"href":"https:\/\/paroisses-nancy-sud.fr\/HOME\/wp-json\/wp\/v2\/media\/2464"}],"wp:attachment":[{"href":"https:\/\/paroisses-nancy-sud.fr\/HOME\/wp-json\/wp\/v2\/media?parent=5327"}],"wp:term":[{"taxonomy":"category","embeddable":true,"href":"https:\/\/paroisses-nancy-sud.fr\/HOME\/wp-json\/wp\/v2\/categories?post=5327"},{"taxonomy":"post_tag","embeddable":true,"href":"https:\/\/paroisses-nancy-sud.fr\/HOME\/wp-json\/wp\/v2\/tags?post=5327"}],"curies":[{"name":"wp","href":"https:\/\/api.w.org\/{rel}","templated":true}]}}