{"id":5329,"date":"2026-05-01T21:45:09","date_gmt":"2026-05-01T19:45:09","guid":{"rendered":"https:\/\/paroisses-nancy-sud.fr\/HOME\/?p=5329"},"modified":"2026-05-01T21:45:09","modified_gmt":"2026-05-01T19:45:09","slug":"annonces-de-la-visitation-du-3-mai","status":"publish","type":"post","link":"https:\/\/paroisses-nancy-sud.fr\/HOME\/annonces-de-la-visitation-du-3-mai\/","title":{"rendered":"Annonces de la Visitation du 3 mai"},"content":{"rendered":"\n<p><span style=\"color: #000000;\"><strong>\u00c9quipes du Rosaire<\/strong> : comme chaque d\u00e9but de mois, les \u00e9quipes du secteur se r\u00e9unissent.<\/span><br \/><span style=\"color: #000000;\">Ce sera le lundi 04 mai \u00e0 14h30 et elles invitent toutes personnes int\u00e9ress\u00e9es \u00e0 les rejoindre.<\/span><\/p>\n<p><span style=\"color: #000000;\"><strong>Qu\u00eate charges paroissiales<\/strong> : Comme tous les premiers dimanches du mois, une qu\u00eate est assur\u00e9e pour une participation aux charges paroissiales. Elle est valable pour toute la paroisse de la Visitation. Merci pour votre don !<\/span><\/p>\n<p><span style=\"color: #000000;\"><strong>Dimanche 10 mai<\/strong> : liturgie pour les enfants anim\u00e9e par Am\u00e9lie et Gautier ; Les enfants pr\u00e9sents de 3 \u00e0 8 ans seront invit\u00e9s avant la liturgie de la Parole \u00e0 suivre Am\u00e9lie et Gautier \u00e0 la salle du presbyt\u00e8re et ils rejoindront l\u2019assembl\u00e9e \u00e0 l\u2019offertoire.<\/span><\/p>\n<p><span style=\"color: #000000;\">Lundi 11 mai, de 14h15 \u00e0 16h00, prochaine rencontre de lecture suivie des Lettres de St Pierre Vous pouvez vous joindre au groupe de Bainville, chez les S\u0153urs, ou \u00e0 celui de N-M, au presbyt\u00e8re.<\/span><\/p>\n<p><span style=\"color: #000000;\"><strong>Visite pastorale du secteur Nancy-Sud par notre \u00e9v\u00eaque.<\/strong>\u00a0<\/span><br \/><span style=\"color: #000000;\">Du 14 au 17 mai 2026, Monseigneur Pierre-Yves Michel, sera en visite pastorale sur notre secteur de Nancy-Sud. Au c\u0153ur de cette d\u00e9marche : aller \u00e0 la rencontre, \u00e9couter les habitants, les pr\u00eatres et les personnes engag\u00e9es en paroisse, discerner les appels de l\u2019Esprit Saint et ouvrir de nouveaux chemins missionnaires.<\/span><br \/><span style=\"color: #000000;\">Le vendredi 15 et le samedi 16 mai, rencontres des divers groupes, \u00e9quipes, mouvements, associations \u0153uvrant sur la paroisse ; Programme d\u00e9taill\u00e9 sur le dernier num\u00e9ro de la Passerelle ;<\/span><br \/><span style=\"color: #000000;\">Il pr\u00e9sidera la messe de cl\u00f4ture du 17 mai \u00e0 11h00 \u00e0 l\u2019\u00e9glise de Neuves-Maisons.<\/span><br \/><span style=\"color: #000000;\">Un temps convivial et de partage pour toutes et tous, suivra la messe.<\/span><\/p>\n<p><span style=\"color: #000000;\"><strong>Jeudi<\/strong> 14 <strong>mai, d\u00e9roulement de la journ\u00e9e<\/strong> \u00e0 <strong>Sion<\/strong> :<\/span><br \/><span style=\"color: #000000;\">Marche le matin, RV \u00e0 9h30 pour les marcheurs sur le parking de Sion. D\u00e9part de la marche \u00e0 10h.<\/span><br \/><span style=\"color: #000000;\">Ap\u00e9ritif \u00e0 12h pour tous.<\/span><br \/><span style=\"color: #000000;\">Pique-nique \u00e0 l\u2019abri des p\u00e8lerins, chacun apporte de quoi partager.<\/span><br \/><span style=\"color: #000000;\">14h-15h temps avec l\u2019\u00e9v\u00eaque \u00e0 la basilique sur le th\u00e8me de la paix et de la r\u00e9conciliation.<\/span><br \/><span style=\"color: #000000;\">15h-15h30, pause d\u00e9tente 15h30-16h r\u00e9p\u00e9tition des chants.<\/span><br \/><span style=\"color: #000000;\">16h Messe, avec l\u2019entr\u00e9e en cat\u00e9chum\u00e9nat de 8 adultes et de 3 adolescents.<\/span><br \/><span style=\"color: #000000;\">17h Go\u00fbter. Fin de la journ\u00e9e vers 18h, temps de pri\u00e8re, les v\u00eapres.<\/span><\/p>\n<p><span style=\"color: #000000;\"><strong>Messes<\/strong> \u00e0 la <strong>Visitation<\/strong>\u00a0<\/span><br \/><span style=\"color: #000000;\">Samedi 09 mai : \u00e0 18h00, Autrey sur Madon<\/span><br \/><span style=\"color: #000000;\">Dimanche 10 mai : \u00e0 11h00, Neuves-Maisons.<\/span><\/p>\n<p><span style=\"color: #000000;\"><strong>Messes<\/strong> en sem<strong>a<\/strong>ine.<\/span><br \/><span style=\"color: #000000;\">Jeudi : adoration \u00e0 16h00 et messe \u00e0 16h30 \u00e0 la chapelle.<\/span><br \/><span style=\"color: #000000;\">Vendredi : messe \u00e0 08h20 chez les s\u0153urs \u00e0 Bainville, 67 rue Jacques Callot.<\/span><\/p>\n<p><span style=\"color: #000000;\"><u>Permanences \u00e0 la maison paroissiale :<\/u> <\/span><br \/><span style=\"color: #000000;\">Mardi de 14h \u00e0 16h30 et Samedi de 9h30 \u00e0 11h30<\/span><br \/><span style=\"color: #000000;\">tel : 03 83 47 25 54 \u2013 <em><strong>adresse mail<\/strong><\/em><strong> : <\/strong><a style=\"color: #000000;\" href=\"mailto:visitationmm@orange.fr\">visitationmm@orange.fr<\/a>\u00a0 <\/span><br \/><span style=\"color: #000000;\">Horaires des messes :\u00a0 <a style=\"color: #000000;\" href=\"https:\/\/messes.info\/\">messesinfo<\/a> <em>(<\/em><em>cliquer sur le lien<\/em><em>)<\/em><\/span><\/p>\n","protected":false},"excerpt":{"rendered":"<p>\u00c9quipes du Rosaire : comme chaque d\u00e9but de mois, les \u00e9quipes du secteur se r\u00e9unissent.Ce sera le lundi 04 mai \u00e0 14h30 et elles invitent toutes personnes int\u00e9ress\u00e9es \u00e0 les rejoindre. Qu\u00eate charges paroissiales : Comme tous les premiers dimanches du mois, une qu\u00eate est assur\u00e9e pour une participation aux charges paroissiales. Elle est valable&hellip; <br \/> <a class=\"read-more\" href=\"https:\/\/paroisses-nancy-sud.fr\/HOME\/annonces-de-la-visitation-du-3-mai\/\">Lire la suite<\/a><\/p>\n","protected":false},"author":5,"featured_media":471,"comment_status":"closed","ping_status":"open","sticky":false,"template":"","format":"standard","meta":[],"categories":[10],"tags":[],"acf":[],"_links":{"self":[{"href":"https:\/\/paroisses-nancy-sud.fr\/HOME\/wp-json\/wp\/v2\/posts\/5329"}],"collection":[{"href":"https:\/\/paroisses-nancy-sud.fr\/HOME\/wp-json\/wp\/v2\/posts"}],"about":[{"href":"https:\/\/paroisses-nancy-sud.fr\/HOME\/wp-json\/wp\/v2\/types\/post"}],"author":[{"embeddable":true,"href":"https:\/\/paroisses-nancy-sud.fr\/HOME\/wp-json\/wp\/v2\/users\/5"}],"replies":[{"embeddable":true,"href":"https:\/\/paroisses-nancy-sud.fr\/HOME\/wp-json\/wp\/v2\/comments?post=5329"}],"version-history":[{"count":1,"href":"https:\/\/paroisses-nancy-sud.fr\/HOME\/wp-json\/wp\/v2\/posts\/5329\/revisions"}],"predecessor-version":[{"id":5330,"href":"https:\/\/paroisses-nancy-sud.fr\/HOME\/wp-json\/wp\/v2\/posts\/5329\/revisions\/5330"}],"wp:featuredmedia":[{"embeddable":true,"href":"https:\/\/paroisses-nancy-sud.fr\/HOME\/wp-json\/wp\/v2\/media\/471"}],"wp:attachment":[{"href":"https:\/\/paroisses-nancy-sud.fr\/HOME\/wp-json\/wp\/v2\/media?parent=5329"}],"wp:term":[{"taxonomy":"category","embeddable":true,"href":"https:\/\/paroisses-nancy-sud.fr\/HOME\/wp-json\/wp\/v2\/categories?post=5329"},{"taxonomy":"post_tag","embeddable":true,"href":"https:\/\/paroisses-nancy-sud.fr\/HOME\/wp-json\/wp\/v2\/tags?post=5329"}],"curies":[{"name":"wp","href":"https:\/\/api.w.org\/{rel}","templated":true}]}}