{"id":5332,"date":"2026-05-01T22:11:54","date_gmt":"2026-05-01T20:11:54","guid":{"rendered":"https:\/\/paroisses-nancy-sud.fr\/HOME\/?p=5332"},"modified":"2026-05-01T22:11:54","modified_gmt":"2026-05-01T20:11:54","slug":"priere-pour-la-visite-pastorale-de-monseigneur-pierre-yves-michel","status":"publish","type":"post","link":"https:\/\/paroisses-nancy-sud.fr\/HOME\/priere-pour-la-visite-pastorale-de-monseigneur-pierre-yves-michel\/","title":{"rendered":"Pri\u00e8re pour la visite pastorale de Monseigneur Pierre-Yves Michel"},"content":{"rendered":"\n<p><span style=\"color: #000000;\"><strong>Pri\u00e8re pour la visite pastorale de Monseigneur Pierre-Yves Michel<\/strong><\/span><\/p>\n<p><span style=\"color: #000000;\"><em>\u00a0Cette pri\u00e8re est lue \u00e0 chacune des r\u00e9unions de pr\u00e9paration pour la venue de l\u2019\u00e9v\u00eaque.<\/em><\/span><\/p>\n<p style=\"text-align: center;\"><span style=\"color: #000000;\"><strong>Dieu notre P\u00e8re<\/strong>, nous qui sommes tes enfants,<\/span><br \/><span style=\"color: #000000;\"><span style=\"font-size: revert;\">nous te pr\u00e9sentons tous les habitants de notre dioc\u00e8se de Nancy et Toul.<br \/><\/span>Toi qui es la source de la vie, nous te b\u00e9nissons pour cette terre de Lorraine,<\/span><br \/><span style=\"color: #000000;\">avec ses mirabelles savoureuses et son patrimoine artistique, <\/span><br \/><span style=\"color: #000000;\">avec ses blessures de l\u2019histoire et ses mutations \u00e9conomiques.<\/span><br \/><span style=\"color: #000000;\">Pour celles et ceux qui vivent et travaillent ici, nous implorons ta protection.<\/span><br \/><span style=\"color: #000000;\">Avec celles et ceux qui chantent chaque jour tes louanges, nous te rendons gr\u00e2ce.<\/span><br \/><span style=\"color: #000000;\">Nous te prions pour tous les croyants et pour celles et ceux qui cherchent la lumi\u00e8re de la v\u00e9rit\u00e9 <\/span><br \/><span style=\"color: #000000;\">et un sens \u00e0 leur vie.<\/span><\/p>\n<p style=\"text-align: center;\"><span style=\"color: #000000;\"><strong>\u00d4 Christ,<\/strong> tu nous appelles \u00e0 nous lever pour marcher \u00e0 ta suite et vivre de l\u2019\u00c9vangile.<\/span><br \/><span style=\"color: #000000;\">Habit\u00e9s par ta Parole, fais de nous des t\u00e9moins courageux de ta mort et de ta r\u00e9surrection.<\/span><br \/><span style=\"color: #000000;\">Sanctifi\u00e9s par les sacrements et nourris de l\u2019Eucharistie, fais de nous des veilleurs<\/span><br \/><span style=\"color: #000000;\">dans la pri\u00e8re et des serviteurs aux pieds de nos fr\u00e8res et s\u0153urs,<\/span><br \/><span style=\"color: #000000;\">en particulier de tous ceux qui souffrent.<\/span><br \/><span style=\"color: #000000;\">Combl\u00e9s des dons de ton Esprit, fais grandir notre unit\u00e9 et apprends-nous \u00e0 former<\/span><br \/><span style=\"color: #000000;\">des fraternit\u00e9s dans nos villages et les quartiers de nos villes,<\/span><br \/><span style=\"color: #000000;\">pour \u00eatre signe de ta pr\u00e9sence aimante.<\/span><br \/><span style=\"color: #000000;\">Lib\u00e9r\u00e9s de nos p\u00e9ch\u00e9s et de nos peurs, donne-nous de devenir des artisans de paix<\/span><br \/><span style=\"color: #000000;\">et des messagers d\u2019esp\u00e9rance.<\/span><\/p>\n<p style=\"text-align: center;\"><span style=\"color: #000000;\"><strong>Viens Esprit Saint,<\/strong> ravive notre foi et notre joie de croire en Dieu.<\/span><br \/><span style=\"color: #000000;\">Fortifie l\u2019amour de ceux qui ont fond\u00e9 un foyer et \u00e9l\u00e8vent leurs enfants.<\/span><br \/><span style=\"color: #000000;\">Suscite la g\u00e9n\u00e9rosit\u00e9 de tous ceux qui \u0153uvrent pour le bien commun au c\u0153ur de la soci\u00e9t\u00e9.<\/span><br \/><span style=\"color: #000000;\">Donne \u00e0 ceux que tu appelles comme pr\u00eatres, diacres, religieuses ou consacr\u00e9s<\/span><br \/><span style=\"color: #000000;\">de r\u00e9pondre avec confiance et de se donner sans regarder en arri\u00e8re.<\/span><br \/><span style=\"color: #000000;\">Nous nous confions \u00e0 Notre-Dame de Sion.<\/span><br \/><span style=\"color: #000000;\">Nous nous pla\u00e7ons sous le haut patronage de saint Nicolas.<\/span><br \/><span style=\"color: #000000;\">Et par l\u2019intercession des saints et des saintes de Lorraine,<\/span><br \/><span style=\"color: #000000;\">nous appelons ta b\u00e9n\u00e9diction sur les familles, sur les jeunes et sur les anciens,<\/span><br \/><span style=\"color: #000000;\">en particulier sur ceux qui traversent des \u00e9preuves et sur tous ceux vers qui tu nous envoies.<\/span><\/p>\n<p style=\"text-align: center;\"><span style=\"color: #000000;\">Amen.<\/span><\/p>\n","protected":false},"excerpt":{"rendered":"<p>Pri\u00e8re pour la visite pastorale de Monseigneur Pierre-Yves Michel \u00a0Cette pri\u00e8re est lue \u00e0 chacune des r\u00e9unions de pr\u00e9paration pour la venue de l\u2019\u00e9v\u00eaque. Dieu notre P\u00e8re, nous qui sommes tes enfants,nous te pr\u00e9sentons tous les habitants de notre dioc\u00e8se de Nancy et Toul.Toi qui es la source de la vie, nous te b\u00e9nissons pour&hellip; <br \/> <a class=\"read-more\" href=\"https:\/\/paroisses-nancy-sud.fr\/HOME\/priere-pour-la-visite-pastorale-de-monseigneur-pierre-yves-michel\/\">Lire la suite<\/a><\/p>\n","protected":false},"author":5,"featured_media":523,"comment_status":"closed","ping_status":"open","sticky":false,"template":"","format":"standard","meta":[],"categories":[6],"tags":[],"acf":[],"_links":{"self":[{"href":"https:\/\/paroisses-nancy-sud.fr\/HOME\/wp-json\/wp\/v2\/posts\/5332"}],"collection":[{"href":"https:\/\/paroisses-nancy-sud.fr\/HOME\/wp-json\/wp\/v2\/posts"}],"about":[{"href":"https:\/\/paroisses-nancy-sud.fr\/HOME\/wp-json\/wp\/v2\/types\/post"}],"author":[{"embeddable":true,"href":"https:\/\/paroisses-nancy-sud.fr\/HOME\/wp-json\/wp\/v2\/users\/5"}],"replies":[{"embeddable":true,"href":"https:\/\/paroisses-nancy-sud.fr\/HOME\/wp-json\/wp\/v2\/comments?post=5332"}],"version-history":[{"count":1,"href":"https:\/\/paroisses-nancy-sud.fr\/HOME\/wp-json\/wp\/v2\/posts\/5332\/revisions"}],"predecessor-version":[{"id":5333,"href":"https:\/\/paroisses-nancy-sud.fr\/HOME\/wp-json\/wp\/v2\/posts\/5332\/revisions\/5333"}],"wp:featuredmedia":[{"embeddable":true,"href":"https:\/\/paroisses-nancy-sud.fr\/HOME\/wp-json\/wp\/v2\/media\/523"}],"wp:attachment":[{"href":"https:\/\/paroisses-nancy-sud.fr\/HOME\/wp-json\/wp\/v2\/media?parent=5332"}],"wp:term":[{"taxonomy":"category","embeddable":true,"href":"https:\/\/paroisses-nancy-sud.fr\/HOME\/wp-json\/wp\/v2\/categories?post=5332"},{"taxonomy":"post_tag","embeddable":true,"href":"https:\/\/paroisses-nancy-sud.fr\/HOME\/wp-json\/wp\/v2\/tags?post=5332"}],"curies":[{"name":"wp","href":"https:\/\/api.w.org\/{rel}","templated":true}]}}