{"id":5334,"date":"2026-05-01T22:17:37","date_gmt":"2026-05-01T20:17:37","guid":{"rendered":"https:\/\/paroisses-nancy-sud.fr\/HOME\/?p=5334"},"modified":"2026-05-01T22:40:13","modified_gmt":"2026-05-01T20:40:13","slug":"visite-pastorale-de-monseigneur-pierre-yves-michel-du-14-au-17-mai","status":"publish","type":"post","link":"https:\/\/paroisses-nancy-sud.fr\/HOME\/visite-pastorale-de-monseigneur-pierre-yves-michel-du-14-au-17-mai\/","title":{"rendered":"Visite pastorale de Monseigneur Pierre-Yves Michel du 14 au 17 mai"},"content":{"rendered":"\n<p><span style=\"color: #000000;\"><strong>D\u00e9roul\u00e9 de la venue de l\u2019\u00e9v\u00eaque du 14 au 17 mai 2026<\/strong><\/span><\/p>\n<p><span style=\"color: #000000;\"><strong>\u00a0<\/strong><strong><u>Jeudi 14 mai, journ\u00e9e \u00e0 Sion Le th\u00e8me de cette journ\u00e9e p\u00e8lerinage est la paix\/la r\u00e9conciliation<\/u><\/strong><\/span><\/p>\n<ul>\n<li><span style=\"color: #000000;\"><strong>Marche le matin<\/strong>, rendez-vous \u00e0 <strong>9h30 <\/strong>pour les marcheurs sur le parking de Sion. D\u00e9part de la marche <strong>\u00e0 10h<\/strong>.<\/span><\/li>\n<li><span style=\"color: #000000;\"><strong>Ap\u00e9ro \u00e0 12h pour tous<\/strong><\/span><\/li>\n<li><span style=\"color: #000000;\"><strong>Pique-nique<\/strong> \u00e0 l\u2019abri des p\u00e8lerins, chacun apporte de quoi partager<\/span><\/li>\n<li><span style=\"color: #000000;\"><strong>14h-15h<\/strong> temps avec l\u2019\u00e9v\u00eaque \u00e0 la basilique sur le th\u00e8me de la paix et de la r\u00e9conciliation<\/span><\/li>\n<li><span style=\"color: #000000;\"><strong>15h 15h30<\/strong>, pause d\u00e9tente <strong>15h30-16h<\/strong> r\u00e9p\u00e9tition des chants<\/span><\/li>\n<li><span style=\"color: #000000;\"><strong>16h<\/strong> Messe, avec entr\u00e9e en cat\u00e9chum\u00e9nat de 8 adultes et 3 ados<\/span><\/li>\n<\/ul>\n<p><span style=\"color: #000000;\"><strong><u>\u00a0<\/u><\/strong><strong><u>Vendredi 15 mai \u00e0 Ludres, <\/u><\/strong><strong>salles paroissiales 109 rue de l\u2019\u00e9glise \u00a0\u00a0\u00a0<\/strong><\/span><\/p>\n<p><span style=\"color: #000000;\"><em><u>Matin\u00a0: \u00a0<\/u><\/em><\/span><\/p>\n<ul>\n<li><span style=\"color: #000000;\"><strong>9h <\/strong>rendez-vous, accueil des <strong>Equipes fun\u00e9railles, \u00e9quipes liturgiques, sacristains, fleuristes, du secteur<\/strong><\/span><\/li>\n<li><span style=\"color: #000000;\"><strong>9h30<\/strong><em> Temps de pri\u00e8re<\/em>:<\/span><\/li>\n<li><span style=\"color: #000000;\"><strong>9h30-11h45 temps d\u2019\u00e9change avec ce groupe.<\/strong><\/span><\/li>\n<\/ul>\n<p><span style=\"color: #000000;\"><em><u>\u00a0<\/u><\/em><em><u>Apr\u00e8s-midi :<\/u><\/em><\/span><\/p>\n<ul>\n<li><span style=\"color: #000000;\"><strong>14h \u00e0 14h45<\/strong> Visite de l\u2019\u00e9glise de Ludres.<\/span><\/li>\n<li><span style=\"color: #000000;\"><strong>14h45- 15h<\/strong> accueil des membres des <strong>EAP, CEP, secr\u00e9tariat, <\/strong>dans les salles, temps convivial<\/span><\/li>\n<li><span style=\"color: #000000;\"><strong>15h \u00e0 15h15<\/strong> pri\u00e8re<\/span><\/li>\n<li><span style=\"color: #000000;\"><strong>15h15- 17h15 temps d\u2019\u00e9change avec ce groupe<\/strong><\/span><\/li>\n<li><span style=\"color: #000000;\"><strong>17h30<\/strong>, messe \u00e0 l\u2019\u00e9glise de Ludres, pour tous.<\/span><\/li>\n<li><span style=\"color: #000000;\"><strong>18h30<\/strong> ap\u00e9ro dinatoire, avec <strong>les \u00ab\u00a0migrants<\/strong>\u00bb de Ludres,<strong> le groupe Lazarre (<\/strong>amis de la rue \u00e0 Jarville<strong>), la soupe des sans abris.<\/strong><\/span><\/li>\n<\/ul>\n<p><span style=\"color: #000000;\"><strong><u>Samedi 16 mai \u00e0 Jarville <\/u><\/strong><strong>104 rue de la R\u00e9publique,<\/strong> salles \u00e0 droite de l\u2019\u00e9glise<\/span><\/p>\n<p><span style=\"color: #000000;\"><em><u>Matin \u00a0<\/u><\/em><\/span><\/p>\n<ul>\n<li><span style=\"color: #000000;\">8h30 messe \u00e0 l\u2019\u00e9glise, pour tous<\/span><\/li>\n<li><span style=\"color: #000000;\"><strong>9h<\/strong> accueil dans les salles, du <strong>\u00ab\u00a0groupe jeunes\u00a0\u00bbde 14 \u00e0 35 ans<\/strong>, temps convivial<\/span><\/li>\n<li><span style=\"color: #000000;\"><strong>9h30 \u00e0 11h45<\/strong> <strong>temps d\u2019\u00e9change avec ce groupe,<\/strong> pr\u00e9voir en amont des questions \u00e0 poser \u00e0 l\u2019\u00e9v\u00eaque, il y r\u00e9pondra pendant ce temps d\u2019\u00e9change.<\/span><\/li>\n<\/ul>\n<p><span style=\"color: #000000;\"><em><u>\u00a0<\/u><\/em><em><u>Apr\u00e8s-midi<\/u><\/em><\/span><\/p>\n<ul>\n<li><span style=\"color: #000000;\"><strong><em>14h \u00e0 15h30 <\/em><\/strong>visite du <em>F\u00e9ru des sciences, <\/em>(mus\u00e9e situ\u00e9 \u00e0 une dizaine de minutes de l\u2019\u00e9glise, \u00e0 pied)<\/span><\/li>\n<li><span style=\"color: #000000;\"><strong><em>15h30 \u00e0 15h45<\/em><\/strong><em>, <\/em>accueil d<strong>es associations et mouvements, <\/strong>dans les salles, temps convivial<\/span><\/li>\n<li><span style=\"color: #000000;\"><strong>15h45-16h<\/strong> pri\u00e8re<\/span><\/li>\n<li><span style=\"color: #000000;\"><strong><em>16h \u00e0 18h <\/em><\/strong><strong>temps d\u2019\u00e9change avec ce groupe <\/strong><\/span><\/li>\n<li><span style=\"color: #000000;\"><strong>18h30 <\/strong>v\u00eapres<\/span><\/li>\n<li><span style=\"color: #000000;\"><strong>19h- 20h30 <\/strong>ap\u00e9ro dinatoire, avec <strong>les couples de la pr\u00e9paration au mariage<\/strong><\/span><\/li>\n<\/ul>\n<p><span style=\"color: #000000;\"><strong><u>\u00a0<\/u><\/strong><strong><u>Dimanche 17 mai \u00e0 Neuves-Maisons, \u00e9glise 24 rue Capitaine Caillon<\/u><\/strong><\/span><\/p>\n<ul>\n<li><span style=\"color: #000000;\"><strong>9h45<\/strong> rencontre avec l\u2019\u00e9v\u00eaque, <strong>les musiciens, les animateurs chants<\/strong><\/span><\/li>\n<li><span style=\"color: #000000;\"><strong>10h30 11h<\/strong> r\u00e9p\u00e9tition chants<\/span><\/li>\n<li><span style=\"color: #000000;\"><strong>11h 12h30<\/strong>, Messe de cl\u00f4ture<\/span><\/li>\n<li><span style=\"color: #000000;\"><strong>12h30 13h30<\/strong> Ap\u00e9ro avec tous les paroissiens \u00e0 la sortie de la messe.<\/span><\/li>\n<\/ul>\n<p>\u00a0<\/p>\n<p>\u00a0<\/p>\n<p>\u00a0<\/p>\n<p>\u00a0<\/p>\n","protected":false},"excerpt":{"rendered":"<p>D\u00e9roul\u00e9 de la venue de l\u2019\u00e9v\u00eaque du 14 au 17 mai 2026 \u00a0Jeudi 14 mai, journ\u00e9e \u00e0 Sion Le th\u00e8me de cette journ\u00e9e p\u00e8lerinage est la paix\/la r\u00e9conciliation Marche le matin, rendez-vous \u00e0 9h30 pour les marcheurs sur le parking de Sion. D\u00e9part de la marche \u00e0 10h. Ap\u00e9ro \u00e0 12h pour tous Pique-nique \u00e0&hellip; <br \/> <a class=\"read-more\" href=\"https:\/\/paroisses-nancy-sud.fr\/HOME\/visite-pastorale-de-monseigneur-pierre-yves-michel-du-14-au-17-mai\/\">Lire la suite<\/a><\/p>\n","protected":false},"author":5,"featured_media":5338,"comment_status":"closed","ping_status":"open","sticky":false,"template":"","format":"standard","meta":[],"categories":[3],"tags":[],"acf":[],"_links":{"self":[{"href":"https:\/\/paroisses-nancy-sud.fr\/HOME\/wp-json\/wp\/v2\/posts\/5334"}],"collection":[{"href":"https:\/\/paroisses-nancy-sud.fr\/HOME\/wp-json\/wp\/v2\/posts"}],"about":[{"href":"https:\/\/paroisses-nancy-sud.fr\/HOME\/wp-json\/wp\/v2\/types\/post"}],"author":[{"embeddable":true,"href":"https:\/\/paroisses-nancy-sud.fr\/HOME\/wp-json\/wp\/v2\/users\/5"}],"replies":[{"embeddable":true,"href":"https:\/\/paroisses-nancy-sud.fr\/HOME\/wp-json\/wp\/v2\/comments?post=5334"}],"version-history":[{"count":2,"href":"https:\/\/paroisses-nancy-sud.fr\/HOME\/wp-json\/wp\/v2\/posts\/5334\/revisions"}],"predecessor-version":[{"id":5343,"href":"https:\/\/paroisses-nancy-sud.fr\/HOME\/wp-json\/wp\/v2\/posts\/5334\/revisions\/5343"}],"wp:featuredmedia":[{"embeddable":true,"href":"https:\/\/paroisses-nancy-sud.fr\/HOME\/wp-json\/wp\/v2\/media\/5338"}],"wp:attachment":[{"href":"https:\/\/paroisses-nancy-sud.fr\/HOME\/wp-json\/wp\/v2\/media?parent=5334"}],"wp:term":[{"taxonomy":"category","embeddable":true,"href":"https:\/\/paroisses-nancy-sud.fr\/HOME\/wp-json\/wp\/v2\/categories?post=5334"},{"taxonomy":"post_tag","embeddable":true,"href":"https:\/\/paroisses-nancy-sud.fr\/HOME\/wp-json\/wp\/v2\/tags?post=5334"}],"curies":[{"name":"wp","href":"https:\/\/api.w.org\/{rel}","templated":true}]}}