{"id":5523,"date":"2026-09-05T21:34:19","date_gmt":"2026-09-05T19:34:19","guid":{"rendered":"https:\/\/paroisses-nancy-sud.fr\/HOME\/?p=5523"},"modified":"2026-09-05T21:34:19","modified_gmt":"2026-09-05T19:34:19","slug":"annonces-de-saint-francois-de-sales-et-sainte-jeanne-de-chantal-du-6-septembre","status":"publish","type":"post","link":"https:\/\/paroisses-nancy-sud.fr\/HOME\/annonces-de-saint-francois-de-sales-et-sainte-jeanne-de-chantal-du-6-septembre\/","title":{"rendered":"Annonces de Saint-Fran\u00e7ois-de-Sales et Sainte-Jeanne-de-Chantal du 6 septembre"},"content":{"rendered":"\n<p><span style=\"color: #000000;\"><strong>Bapt\u00eames, mariages :\u00a0<br \/><\/strong><strong>\u00a0&#8211; Samedi 5 septembre \u00e0 Laneuveville<\/strong>, <strong>bapt\u00eame <\/strong>de Garance Ory,<\/span><br \/><span style=\"color: #000000;\"><strong>Samedi 12 septembre \u00e0 Heillecourt<\/strong> bapt\u00eame de Tiago<strong>, <br \/>imanche 13 septembre \u00e0 Jarville <\/strong>bapt\u00eame de Noah, <\/span><br \/><span style=\"color: #000000;\"><strong>Dimanche 20 septembre \u00e0 Ludres <\/strong>bapt\u00eame de Jade,<\/span><br \/><span style=\"color: #000000;\"><strong>\u00a0&#8211; Samedi 26 septembre \u00e0 Jarville mariage<\/strong> de Emilie et Quentin.<\/span><br \/><span style=\"color: #000000;\">Prions pour ces enfants, ces jeunes adultes et leurs familles.<\/span><\/p>\n<p><span style=\"color: #000000;\"><strong>Qu\u00eate suppl\u00e9mentaire du 1er dimanche du mois :<br \/><\/strong><strong>Ce samedi 5 septembre et dimanche 6 septembre <\/strong>a lieu la qu\u00eate suppl\u00e9mentaire \u00e0 la sortie des messes de nos paroisses\u00a0: qu\u00eate pour l\u2019\u00e9quilibre du budget de fonctionnement (activit\u00e9s pastorales, frais divers, travaux ..). Merci\u00a0!<\/span><\/p>\n<p><span style=\"color: #000000;\"><strong>Rentr\u00e9e de nos paroisses :<br \/><\/strong><strong>Dimanche 6 septembre \u00e0 11h Ludres <\/strong>pour la paroisse Sainte-Jeanne-de-Chantal.<br \/><strong>Dimanche 13 septembre \u00e0 11h \u00e0 Jarville <\/strong>pour la paroisse Saint-Fran\u00e7ois de Sales<br \/><strong>et \u00e0 Neuves-Maisons <\/strong>pour la paroisse de la Visitation sur Moselle et Madon<\/span><\/p>\n<p><span style=\"color: #000000;\"><strong>Pensez \u00e0 la rentr\u00e9e et inscrivez vos enfants au cat\u00e9chisme !<\/strong><\/span><\/p>\n<ul>\n<li><span style=\"color: #000000;\">A partir du CE2, les enfants d\u00e9butent la cat\u00e9ch\u00e8se (avant le CE2, c\u2019est l\u2019\u00e9veil \u00e0 la foi). La cat\u00e9ch\u00e8se se compose de :<\/span><\/li>\n<li><span style=\"color: #000000;\">* <strong>La messe des familles mensuelle<\/strong> : cette messe est organis\u00e9e pour et par les enfants qui sont partie prenante de la liturgie, notamment en assurant les lectures.<\/span><\/li>\n<li><span style=\"color: #000000;\">* <strong>Les s\u00e9ances de cat\u00e9chisme<\/strong> : il y a une douzaine de rencontres dans l\u2019ann\u00e9e. Les horaires sont d\u00e9finis en d\u00e9but d\u2019ann\u00e9e, en fonction des disponibilit\u00e9s des enfants et des parents.<\/span><\/li>\n<li><span style=\"color: #000000;\">* <strong>Les temps-forts<\/strong> : pour vivre les moments phares de l\u2019ann\u00e9e (avant No\u00ebl, avant P\u00e2ques) ou pour pr\u00e9parer les sacrements et f\u00eates (sacrement de r\u00e9conciliation, premi\u00e8re communion, profession de foi).<\/span><\/li>\n<li><span style=\"color: #000000;\"><strong>L\u2019inscription <\/strong>se fait \u00e0 l\u2019aide d\u2019un formulaire accessible depuis le site \u00ab\u00a0<strong><em>paroisses-nancy-sud\u00a0<\/em><\/strong>\u00bb ou au secr\u00e9tariat de la paroisse. Une fois rempli, ce document est \u00e0 envoyer \u00e0 <strong>cate@paroisses-nancy-sud.fr<\/strong> ou \u00e0 remettre au secr\u00e9tariat Vous serez ensuite contact\u00e9s par un(e) cat\u00e9chiste.<\/span><\/li>\n<\/ul>\n<p><span style=\"color: #000000;\"><strong>R\u00e9unions de rentr\u00e9e des parents des enfants du cat\u00e9 :<br \/><\/strong><strong>Mardi 8 septembre<\/strong> <strong>r\u00e9union parents 2<sup>\u00e8me<\/sup> ann\u00e9e cat\u00e9,<br \/><\/strong><strong>Mardi 15 septembre<\/strong> r\u00e9union des parents 3<sup>\u00e8me<\/sup> et 4<sup>\u00e8me<\/sup> ann\u00e9e cat\u00e9,<br \/><strong>Mardi 22 septembre<\/strong> r\u00e9union des parents 1<sup>\u00e8re<\/sup> ann\u00e9e cat\u00e9,<br \/><strong>Mardi 29 septembre<\/strong> r\u00e9union parents 5<sup>\u00e8me<\/sup> ann\u00e9e cat\u00e9,<br \/>\u00a0&#8211; Les r\u00e9unions ont lieu \u00e0 la <strong>Maison paroissiale de Ludres \u00e0 20h.<br \/>\u00a0&#8211; <\/strong><strong>Samedi 19 septembre rentr\u00e9e -retraite des cat\u00e9chistes<\/strong> au Centre Spirituel Dioc\u00e9sain de <strong>9h30 \u00e0 16h\u00a0: <\/strong><em>Vivre du Notre P\u00e8re\u00a0: joie force et esp\u00e9rance des cat\u00e9chistes<\/em><strong>.<\/strong><\/span><\/p>\n<p><span style=\"color: #000000;\"><strong>Nouveau parcours ALPHA :<br \/><\/strong>Il d\u00e9marre <strong>mercredi 23 septembre 2026, \u00e0 19h30<\/strong>, dans les salles paroissiales de Jarville. N\u2019h\u00e9sitez pas \u00e0 vous renseigner aupr\u00e8s d\u2019un pr\u00eatre ou aupr\u00e8s du secr\u00e9tariat de votre paroisse.<br \/>Ce parcours est <strong>propos\u00e9 \u00e0 toute personne de notre secteur<\/strong>, <strong>d\u00e9sireuse de recherche de sens ou de d\u00e9couverte de la foi,<\/strong> jeunes mari\u00e9s, jeunes parents, nouveaux baptis\u00e9s, parents d\u2019enfants inscrits en cat\u00e9ch\u00e8se ou simplement paroissiens.<\/span><\/p>\n<p><span style=\"color: #000000;\"><strong>Table ouverte du 2<sup>\u00e8me <\/sup>dimanche du mois :<br \/><\/strong><strong>Dimanche 13 septembre \u00e0 Jarville, <\/strong>la table ouverte reprend\u00a0! chacun apporte un plat sal\u00e9 ou sucr\u00e9 ou une boisson et son envie de partager et de rencontrer. Chacun est le bienvenu\u00a0!<\/span><\/p>\n<p><span style=\"color: #000000;\"><strong>Messes de semaine :<br \/><\/strong><strong>A Jarville, <\/strong>les messes auront lieu les <strong>mardi et mercredi \u00e0 18h30 et le vendredi \u00e0 19h.<br \/><\/strong><strong>A Ludres<\/strong>, messe le <strong>mercredi \u00e0 9h. A Fl\u00e9ville<\/strong> pas de messe \u00e0 l\u2019Or\u00e9e du Bois 11 et 18 septembre.<\/span><\/p>\n<p><span style=\"color: #000000;\"><strong>Renforcement de l\u2019\u00e9quipe des pr\u00eatres :<br \/><\/strong>Nomination d\u2019un <strong><em>vicaire dominical<\/em><\/strong> pour renforcer l\u2019\u00e9quipe des pr\u00eatres de notre secteur\u00a0: c&rsquo;est le p\u00e8re Georges Ishtac, un Libanais, qui est actuellement sur la paroisse Notre-Dame de Lourdes.<\/span><\/p>\n<p><span style=\"color: #000000;\"><strong>Messes dominicales des 12 et 13 septembre 2026 :<br \/><\/strong><strong>Samedi 12 septembre\u00a0: 18h <\/strong>Heillecourt, Laneuveville, Autrey.<\/span><br \/><span style=\"color: #000000;\"><strong>Dimanche 13 septembre\u00a0: 9h30 <\/strong>Flavigny, Fl\u00e9ville\u00a0\u00a0\u00a0\u00a0\u00a0\u00a0\u00a0\u00a0\u00a0\u00a0\u00a0\u00a0\u00a0\u00a0\u00a0\u00a0\u00a0 \u00a0\u00a0\u00a0\u00a0<strong>11h <\/strong>Jarville, Neuves-Maisons.<\/span><\/p>\n<p><span style=\"color: #000000;\"><strong>Journ\u00e9es europ\u00e9ennes du patrimoine : 19 et 20 septembre 2026\u00a0<br \/><\/strong><strong>\u00a0&#8211; A Ludres<\/strong>, des visites de l\u2019\u00e9glise \u00e0 <strong>14h30 et \u00e0 16h le samedi, et \u00e015h le dimanche<\/strong> : visite comment\u00e9e de l\u2019\u00e9glise Saint Epvre de Ludres, \u00e9vocation des comtes de Ludres, des familles de Vaudechamp et de Landre\u2026<\/span><\/p>\n<p><span style=\"color: #000000;\"><strong>\u00a0&#8211; A Flavigny,<\/strong> les <em>\u2018\u2019Amis de l\u2019orgue\u2019\u2019<\/em> et des paroissiens vous proposent de d\u00e9couvrir l\u2019orgue et l\u2019\u00e9glise St Hilare St Firmin le <strong>samedi 19 de 14h \u00e0 18h.<\/strong><\/span><\/p>\n<p><span style=\"color: #000000;\"><strong>\u00a0&#8211; A Jarville<\/strong> l\u2019Association du Sacr\u00e9 C\u0153ur propose <strong>des visites guid\u00e9es de la chapelle Notre-Dame de Montaigu<\/strong>\u00a0de <strong>14h \u00e0 17h, samedi et dimanche <\/strong>: <em>le contexte historique \u00e0 Nancy du duc Charles III, le culte \u00e0 Notre Dame de Montaigu. <\/em><\/span><\/p>\n<p><span style=\"color: #000000;\"><strong>Les B.A.BA de la foi\u00a0: le Parcours <em>Barnab\u00e9 :<br \/><\/em><\/strong>L&rsquo;objectif de cette \u00ab\u00a0formation\u00a0\u00bb est de s&rsquo;adresser aux adultes baptis\u00e9s, qui souhaitent se pr\u00e9parer au sacrement de la Confirmation et\/ou sacrement de l&rsquo;Eucharistie. Il peut \u00eatre propos\u00e9 \u00e0 toute personne d\u00e9sireuse de \u00ab\u00a0faire du cat\u00e9chisme\u00a0\u00bb.\u00a0<\/span><br \/><span style=\"color: #000000;\">Les r\u00e9unions ont lieu de <strong>20h \u00e0 21h30 dans les salles paroissiales de Jarville. La premi\u00e8re soir\u00e9e se tient le vendredi 2 octobre<\/strong>\u00a0: \u2018\u2019\u00ca<em>tre catholique<\/em> \u2018\u2019<\/span><\/p>\n<p><span style=\"color: #000000;\"><strong>Autres Annonces.\u00a0<\/strong><\/span><\/p>\n<p><span style=\"color: #000000;\"><strong>\u00a0&#8211; P\u00e8lerinage dioc\u00e9sain de rentr\u00e9e \u00e0 Sion :<br \/><\/strong><strong style=\"font-size: revert;\">Samedi 12 septembre 2026<\/strong><span style=\"font-size: revert;\">, p\u00e8lerinage dioc\u00e9sain de rentr\u00e9e au sanctuaire Notre-Dame de Sion avec le th\u00e8me \u00ab <\/span><strong style=\"font-size: revert;\"><em>J\u2019ai soif<\/em><\/strong><span style=\"font-size: revert;\"> \u00bb (Jean 19, 28).\u00a0: \u00a010h : intervention de notre \u00e9v\u00eaque, 11h : messe anim\u00e9e par les \u00e9quipes Notre-Dame, 12h30\u00a0: d\u00e9jeuner, 15h\u00a0: procession mariale<\/span><\/span><\/p>\n<p><span style=\"color: #000000;\"><strong>\u00a0&#8211; Session de rentr\u00e9e des acteurs pastoraux<br \/><\/strong><strong>Mardi 15 septembre <\/strong>\u00e0 la Maison dioc\u00e9saine, rentr\u00e9e des acteurs pastoraux (responsables des services et des mouvements, coordinateurs et membres de EAP, personnes ayant une mettre de mission de notre \u00e9v\u00eaque). Th\u00e8me\u00a0: \u2018<em>\u2019Appeler et former pour \u00eatre au service de la mission\u2019.\u2019<\/em><\/span><\/p>\n<p><span style=\"color: #000000;\"><strong>\u00a0&#8211; Temps de pri\u00e8re \u0153cum\u00e9nique pour la cr\u00e9ation :<br \/><\/strong>Comme chaque ann\u00e9e les chr\u00e9tiens de diff\u00e9rentes confessions (catholiques, protestants, orthodoxes) vont prier ensemble pour la sauvegarde de la Cr\u00e9ation, notre \u2018\u2019<em>maison commune\u2019\u2019<\/em>. Vous \u00eates tous convi\u00e9s \u00e0 ce temps de pri\u00e8re <strong>le mardi 22 septembre \u00e0 20h \u00e0 l\u2019\u00e9glise Saint S\u00e9bastien de Nancy.\u00a0 <\/strong><\/span><\/p>\n<p><span style=\"color: #000000;\"><strong>\u00a0&#8211; Huiti\u00e8me centenaire de la mort de Saint Fran\u00e7ois d\u2019Assise :<br \/><\/strong><strong>A Nancy le samedi 3 octobre\u00a0: <\/strong>messe \u00e0 l\u2019\u00e9glise des Cordeliers \u00e0 10h30 et \u00e0 14h conf\u00e9rence\u00a0:<em>\u2019\u2019la famille franciscaine en Lorraine\u2019\u2019. <\/em><strong>Dimanche 4 octobre \u00e0 Ssion de 9h \u00e0 17h <\/strong><\/span><\/p>\n<p><span style=\"color: #000000;\"><strong>\u00a0&#8211; ACI (Action Catholique des milieux Ind\u00e9pendants)\u00a0<br \/><\/strong>La rencontre ACI de rentr\u00e9e aura lieu <strong>le\u00a0samedi apr\u00e8s-midi 3 octobre 2026<\/strong> <strong>\u00e0 Ludres<\/strong> salle Albert Schwitzer, autour de la nouvelle enqu\u00eate \u00ab\u00a0<strong><em>Bouleversements num\u00e9riques<\/em><\/strong><em> : <strong>O\u00f9 en sommes-nous ?\u00a0Au service de quoi ? de qui ?\u00a0\u00bb<\/strong>. <\/em>S\u2019inscrire sur le site de l\u2019ACI, <a style=\"color: #000000;\" href=\"https:\/\/track.pstmrk.it\/3s\/framaforms.org%2Finscription-journee-aci-du-03102026-bouleversements-numeriques-ou-en-sommes-nous-au-service-de-quoi%3Finfo%3Drepublished\/lvid\/yWDGAQ\/AQ\/f958c2bc-84ac-4fa2-b90f-4b7506eeb0d6\/2\/WgdWDsFh8V\">formulaire en ligne<\/a> ou au 06 81 54 44 19.<\/span><\/p>\n","protected":false},"excerpt":{"rendered":"<p>Bapt\u00eames, mariages :\u00a0\u00a0&#8211; Samedi 5 septembre \u00e0 Laneuveville, bapt\u00eame de Garance Ory,Samedi 12 septembre \u00e0 Heillecourt bapt\u00eame de Tiago, imanche 13 septembre \u00e0 Jarville bapt\u00eame de Noah, Dimanche 20 septembre \u00e0 Ludres bapt\u00eame de Jade,\u00a0&#8211; Samedi 26 septembre \u00e0 Jarville mariage de Emilie et Quentin.Prions pour ces enfants, ces jeunes adultes et leurs familles. Qu\u00eate&hellip; <br \/> <a class=\"read-more\" href=\"https:\/\/paroisses-nancy-sud.fr\/HOME\/annonces-de-saint-francois-de-sales-et-sainte-jeanne-de-chantal-du-6-septembre\/\">Lire la suite<\/a><\/p>\n","protected":false},"author":5,"featured_media":2464,"comment_status":"closed","ping_status":"open","sticky":false,"template":"","format":"standard","meta":[],"categories":[7],"tags":[],"acf":[],"_links":{"self":[{"href":"https:\/\/paroisses-nancy-sud.fr\/HOME\/wp-json\/wp\/v2\/posts\/5523"}],"collection":[{"href":"https:\/\/paroisses-nancy-sud.fr\/HOME\/wp-json\/wp\/v2\/posts"}],"about":[{"href":"https:\/\/paroisses-nancy-sud.fr\/HOME\/wp-json\/wp\/v2\/types\/post"}],"author":[{"embeddable":true,"href":"https:\/\/paroisses-nancy-sud.fr\/HOME\/wp-json\/wp\/v2\/users\/5"}],"replies":[{"embeddable":true,"href":"https:\/\/paroisses-nancy-sud.fr\/HOME\/wp-json\/wp\/v2\/comments?post=5523"}],"version-history":[{"count":1,"href":"https:\/\/paroisses-nancy-sud.fr\/HOME\/wp-json\/wp\/v2\/posts\/5523\/revisions"}],"predecessor-version":[{"id":5524,"href":"https:\/\/paroisses-nancy-sud.fr\/HOME\/wp-json\/wp\/v2\/posts\/5523\/revisions\/5524"}],"wp:featuredmedia":[{"embeddable":true,"href":"https:\/\/paroisses-nancy-sud.fr\/HOME\/wp-json\/wp\/v2\/media\/2464"}],"wp:attachment":[{"href":"https:\/\/paroisses-nancy-sud.fr\/HOME\/wp-json\/wp\/v2\/media?parent=5523"}],"wp:term":[{"taxonomy":"category","embeddable":true,"href":"https:\/\/paroisses-nancy-sud.fr\/HOME\/wp-json\/wp\/v2\/categories?post=5523"},{"taxonomy":"post_tag","embeddable":true,"href":"https:\/\/paroisses-nancy-sud.fr\/HOME\/wp-json\/wp\/v2\/tags?post=5523"}],"curies":[{"name":"wp","href":"https:\/\/api.w.org\/{rel}","templated":true}]}}