{"id":5525,"date":"2026-09-05T21:43:06","date_gmt":"2026-09-05T19:43:06","guid":{"rendered":"https:\/\/paroisses-nancy-sud.fr\/HOME\/?p=5525"},"modified":"2026-09-05T21:43:41","modified_gmt":"2026-09-05T19:43:41","slug":"la-parcours-alpha","status":"publish","type":"post","link":"https:\/\/paroisses-nancy-sud.fr\/HOME\/la-parcours-alpha\/","title":{"rendered":"La Parcours Alpha"},"content":{"rendered":"\n\n\n<p>\u00a0<\/p>\n<p><span style=\"color: #000000;\"><img decoding=\"async\" loading=\"lazy\" class=\" wp-image-5526 aligncenter\" src=\"https:\/\/paroisses-nancy-sud.fr\/HOME\/wp-content\/uploads\/Alpha1.png\" alt=\"\" width=\"258\" height=\"183\" \/><\/span><\/p>\n<p><span style=\"color: #000000;\"><strong>Le Parcours Alpha est un service d&rsquo;\u00e9vang\u00e9lisation de nos paroisses<\/strong>. C&rsquo;est une exp\u00e9rience unique pour \u00e9changer sur la spiritualit\u00e9 chr\u00e9tienne, dans un cadre amical et ouvert \u00e0 tous !<\/span><br \/><span style=\"color: #000000;\">Chaque rencontre commence par un temps convivial, suivi d&rsquo;un topo Alpha et se termine par un \u00e9change bienveillant entre participants.<\/span><\/p>\n<p><span style=\"color: #000000;\">Le parcours Alpha s\u2019adresse aux adultes d\u00e9sirant d\u00e9couvrir la foi catholique mais aussi aux pratiquants souhaitant partager leur exp\u00e9rience d\u2019\u00c9glise et revisiter les fondamentaux de la foi chr\u00e9tienne.<\/span><\/p>\n<p><span style=\"color: #000000;\">Pas d\u2019obligation \u00e0 venir aux <strong>dix d\u00eeners<\/strong>, pas de formulaire \u00e0 remplir, pas de nom \u00e0 donner. Venez comme vous \u00eates ! On vous demandera quand m\u00eame votre pr\u00e9nom pour mieux vous accueillir. Un d\u00eener Alpha, comme il en existe des milliers chaque ann\u00e9e en France, c\u2019est avant tout un moment o\u00f9 chacun peut venir avec ses interrogations sur le sens de la vie, ses convictions philosophiques et spirituelles, ses doutes et ses esp\u00e9rances, ses connaissances ou sa m\u00e9connaissance en mati\u00e8re religieuse. Peu importe ! Le tout, c\u2019est d\u2019avoir le d\u00e9sir de partager et d\u2019\u00e9couter les autres.<\/span><\/p>\n<p><span style=\"color: #000000;\">Vous pouvez arr\u00eater quand vous le voulez, vous ne serez pas relanc\u00e9. Jusqu\u2019\u00e0 la troisi\u00e8me s\u00e9ance, il est possible de rejoindre un parcours d\u00e9j\u00e0 commenc\u00e9. L\u2019ensemble des s\u00e9ances forme un tout coh\u00e9rent mais chaque s\u00e9ance est ind\u00e9pendante, il est donc possible d\u2019\u00eatre absent ponctuellement.<\/span><\/p>\n<p><span style=\"color: #000000;\">\u00a0Evidemment, les Parcours Alpha ont \u00e9t\u00e9 cr\u00e9\u00e9s par des chr\u00e9tiens (A Londres, dans les ann\u00e9es 1990). Aussi ceux qui vous accueilleront ont la foi, et ont exp\u00e9riment\u00e9 comment l\u2019amour de Dieu a illumin\u00e9 leur vie. Ils ont bien s\u00fbr envie que d\u2019autres vivent ce bonheur\u2026 mais ils se contenteront de t\u00e9moigner, de proposer, d\u2019encourager les participants \u00e0 d\u00e9couvrir la foi chr\u00e9tienne, leur laissant toute libert\u00e9.<\/span><\/p>\n<p><span style=\"color: #000000;\">\u00a0Les soir\u00e9es sont con\u00e7ues sur le mod\u00e8le suivant : accueil, d\u00eener (pr\u00e9par\u00e9 par des b\u00e9n\u00e9voles de la paroisse Saint-Fran\u00e7ois-de-Sales), topo sur un th\u00e8me, discussion libre en petits groupe. Elles se d\u00e9roulent <strong>le mercredi, de 19h30 \u00e0 22h, \u00e0 partir du mercredi 23 septembre dans les salles paroissiales de Jarville.<\/strong><\/span><\/p>\n<p><span style=\"color: #000000;\">\u00a0Parmi les th\u00e8mes abord\u00e9s au cours des soir\u00e9es : Quel est le sens de la vie ? Qui est J\u00e9sus ? Pourquoi J\u00e9sus est-il mort ? Pourquoi et comment prier ? Comment Dieu nous guide-t-il ? Comment r\u00e9sister au mal ?<\/span><\/p>\n<p><span style=\"color: #000000;\">Vous pouvez proposer ce parcours \u00e0 des personnes de votre entourage qui sont peut-\u00eatre pr\u00eates aujourd\u2019hui \u00e0 rencontrer le Seigneur. <strong>C\u2019est une de nos missions de baptis\u00e9s que d\u2019annoncer la bonne nouvelle alors osons faire ce premier pas d\u2019invitation.<\/strong><\/span><\/p>\n","protected":false},"excerpt":{"rendered":"<p>\u00a0 Le Parcours Alpha est un service d&rsquo;\u00e9vang\u00e9lisation de nos paroisses. C&rsquo;est une exp\u00e9rience unique pour \u00e9changer sur la spiritualit\u00e9 chr\u00e9tienne, dans un cadre amical et ouvert \u00e0 tous !Chaque rencontre commence par un temps convivial, suivi d&rsquo;un topo Alpha et se termine par un \u00e9change bienveillant entre participants. Le parcours Alpha s\u2019adresse aux adultes&hellip; <br \/> <a class=\"read-more\" href=\"https:\/\/paroisses-nancy-sud.fr\/HOME\/la-parcours-alpha\/\">Lire la suite<\/a><\/p>\n","protected":false},"author":5,"featured_media":529,"comment_status":"closed","ping_status":"open","sticky":false,"template":"","format":"standard","meta":[],"categories":[6],"tags":[],"acf":[],"_links":{"self":[{"href":"https:\/\/paroisses-nancy-sud.fr\/HOME\/wp-json\/wp\/v2\/posts\/5525"}],"collection":[{"href":"https:\/\/paroisses-nancy-sud.fr\/HOME\/wp-json\/wp\/v2\/posts"}],"about":[{"href":"https:\/\/paroisses-nancy-sud.fr\/HOME\/wp-json\/wp\/v2\/types\/post"}],"author":[{"embeddable":true,"href":"https:\/\/paroisses-nancy-sud.fr\/HOME\/wp-json\/wp\/v2\/users\/5"}],"replies":[{"embeddable":true,"href":"https:\/\/paroisses-nancy-sud.fr\/HOME\/wp-json\/wp\/v2\/comments?post=5525"}],"version-history":[{"count":2,"href":"https:\/\/paroisses-nancy-sud.fr\/HOME\/wp-json\/wp\/v2\/posts\/5525\/revisions"}],"predecessor-version":[{"id":5528,"href":"https:\/\/paroisses-nancy-sud.fr\/HOME\/wp-json\/wp\/v2\/posts\/5525\/revisions\/5528"}],"wp:featuredmedia":[{"embeddable":true,"href":"https:\/\/paroisses-nancy-sud.fr\/HOME\/wp-json\/wp\/v2\/media\/529"}],"wp:attachment":[{"href":"https:\/\/paroisses-nancy-sud.fr\/HOME\/wp-json\/wp\/v2\/media?parent=5525"}],"wp:term":[{"taxonomy":"category","embeddable":true,"href":"https:\/\/paroisses-nancy-sud.fr\/HOME\/wp-json\/wp\/v2\/categories?post=5525"},{"taxonomy":"post_tag","embeddable":true,"href":"https:\/\/paroisses-nancy-sud.fr\/HOME\/wp-json\/wp\/v2\/tags?post=5525"}],"curies":[{"name":"wp","href":"https:\/\/api.w.org\/{rel}","templated":true}]}}