{"id":5529,"date":"2026-09-04T10:35:11","date_gmt":"2026-09-04T08:35:11","guid":{"rendered":"https:\/\/paroisses-nancy-sud.fr\/HOME\/?p=5529"},"modified":"2026-09-06T10:41:04","modified_gmt":"2026-09-06T08:41:04","slug":"annonces-de-la-visitation-du-6-septembre","status":"publish","type":"post","link":"https:\/\/paroisses-nancy-sud.fr\/HOME\/annonces-de-la-visitation-du-6-septembre\/","title":{"rendered":"Annonces de la Visitation du 6 septembre"},"content":{"rendered":"\n<p><span style=\"color: #000000;\"><strong>Bapt\u00eames dimanche 13 septembre d\u2019Am\u00e9lia et de L\u00e9on.<br \/><\/strong><strong>Nous les portons dans nos pri\u00e8res.<\/strong><\/span><\/p>\n<p><span style=\"color: #000000;\"><strong>\u00a0<\/strong><strong>Pensez \u00e0 la rentr\u00e9e et inscrivez vos enfants au cat\u00e9chisme !<br \/><\/strong><strong>L\u2019inscription <\/strong>se fait \u00e0 l\u2019aide d\u2019un formulaire accessible depuis le <a style=\"color: #000000;\" href=\"https:\/\/paroisses-nancy-sud.fr\/HOME\/catechisme\/\">site<\/a> \u00ab\u00a0<em>paroisses-nancy-sud\u00a0<\/em>\u00bb ou disponible au secr\u00e9tariat de la paroisse.<\/span><\/p>\n<p><span style=\"color: #000000;\"><strong>R\u00e9unions de rentr\u00e9e des parents des enfants du cat\u00e9<\/strong>, \u00e0 consulter les flyers au fond de l\u2019\u00e9glise<\/span><\/p>\n<p><span style=\"color: #000000;\"><strong>Samedi 12 septembre 2026\u00a0: <\/strong><strong>P\u00e8lerinage<\/strong><strong> dioc\u00e9sain \u00e0 Sion, voir d\u00e9pliants au fond de l\u2019\u00e9glise<br \/><\/strong>Au programme\u00a0: 9h30\u00a0: accueil des p\u00e8lerins, 10h : intervention de notre \u00e9v\u00eaque, 11h : messe anim\u00e9e par les \u00e9quipes Notre-Dame, 12h30\u00a0: d\u00e9jeuner, 15h\u00a0: procession mariale<\/span><\/p>\n<p><span style=\"color: #000000;\"><strong>Mardi 15 septembre 2026,\u00a0de 9h \u00e0 18h, \u00e0 la maison dioc\u00e9saine, au Domaine de l\u2019Asn\u00e9e.<br \/><\/strong>Session de rentr\u00e9e dioc\u00e9saine r\u00e9unissant les acteurs pastoraux.<\/span><\/p>\n<p><span style=\"color: #000000;\"><strong>Journ\u00e9es du patrimoine \u00e0 Frolois les 19 et 20 septembre \u00e0 l\u2019\u00e9glise Saint Martin<br \/><\/strong>Samedi 15h00\u00a0: conf\u00e9rence sur l\u2019\u00e9glise et l\u2019architecture r\u00e9gionale par Catherine Bourdieu<\/span><br \/><span style=\"color: #000000;\">Samedi 16h30\u00a0: concert par Arcovivo, ensemble \u00e0 cordes<\/span><br \/><span style=\"color: #000000;\">Dimanche 15h00\u00a0: Visite guid\u00e9e de l\u2019\u00e9glise et du village.<\/span><\/p>\n<p><span style=\"color: #000000;\">L\u2019\u00e9quipe du\u00a0<a style=\"color: #000000;\" href=\"http:\/\/www.catholique-nancy.fr\/pls\">service dioc\u00e9sain de la pastorale liturgique et sacramentelle<\/a>\u00a0organise 3 journ\u00e9es de <strong>formation \u00e0 destination des personnes qui seront mandat\u00e9es pour conduire les fun\u00e9railles<\/strong>*. Elles auront lieu \u00e0 la Maison dioc\u00e9saine au domaine de l\u2019Asn\u00e9e, \u00e0 Villers-l\u00e8s-Nancy, de 9h30 \u00e0 16h30,<\/span><br \/><span style=\"color: #000000;\"><strong>\u00a0&#8211; Le mardi 13 octobre<\/strong>\u00a0sur \u00ab\u00a0les rites d\u2019ouverture\u00a0\u00bb<\/span><br \/><span style=\"color: #000000;\"><strong>\u00a0&#8211; Le mardi 17 novembre<\/strong>\u00a0sur \u00ab\u00a0commenter la Parole de Dieu\u00a0\u00bb<\/span><br \/><span style=\"color: #000000;\"><strong>\u00a0&#8211; et le mardi 15 d\u00e9cembre<\/strong>\u00a0sur \u00ab\u00a0les rites du dernier adieu\u00a0\u00bb.<\/span><br \/><span style=\"color: #000000;\">Au cours de ces temps de formation, les futurs mandat\u00e9s fun\u00e9railles\u00a0d\u00e9couvriront le rituel et les aspects pratiques de la c\u00e9l\u00e9bration. <strong>Inscription\u00a0avant le jeudi 1er\u00a0octobre,<\/strong> \u00e0 la maison paroissiale.<\/span><br \/><span style=\"color: #000000;\"><em>*Les mandats fun\u00e9railles sont \u00e9tablis par le cur\u00e9 qui pr\u00e9side l\u2019EAP et conf\u00e8re \u00e0 un ou une la\u00efc, le droit de conduire des fun\u00e9railles.<\/em><\/span><\/p>\n<p><span style=\"color: #000000;\"><strong>Nouveau parcours ALPHA :<br \/><\/strong><strong>Le parcours Alpha<\/strong> est une s\u00e9rie de rencontres qui permet d\u2019exprimer librement, en petits groupes <strong>les fondements de la foi chr\u00e9tienne, <\/strong><em>Qui est J\u00e9sus, Pourquoi est-il mort, Comment prier, Lire la Bible, Comment savoir si j\u2019ai la foi, Comment r\u00e9sister au mal <\/em><strong>\u2026,<\/strong> dans un environnement ouvert et convivial. Il comprend dix rencontres qui s\u2019articulent autour de trois \u00e9l\u00e9ments cl\u00e9s : un moment de convivialit\u00e9, un expos\u00e9 et un temps de discussion en petits groupes.<br \/>Ce parcours est <strong>propos\u00e9 \u00e0 toute personne de notre secteur<\/strong>, <strong>d\u00e9sireuse de recherche de sens ou de d\u00e9couverte de la foi,<\/strong> jeunes mari\u00e9s, jeunes parents, nouveaux baptis\u00e9s, parents d\u2019enfants inscrits en cat\u00e9ch\u00e8se ou simplement paroissiens. Il d\u00e9marrera <strong>mercredi 23 septembre 2026, \u00e0 19h30<\/strong>, dans les salles paroissiales de Jarville. N\u2019h\u00e9sitez pas \u00e0 vous renseigner aupr\u00e8s d\u2019un pr\u00eatre ou aupr\u00e8s du secr\u00e9tariat de votre paroisse.<\/span><\/p>\n<p><span style=\"color: #000000;\"><strong>Messes \u00e0 la Visitation :<br \/><\/strong><strong>Dimanche<\/strong> <strong>13 septembre <\/strong>\u00e0 11h00\u00a0\u00e0 Neuves-Maisons, messe de rentr\u00e9e<\/span><\/p>\n<p><span style=\"color: #000000;\"><strong>Messes en semaine. <br \/><\/strong>Jeudi : adoration \u00e0 16h00 et messe \u00e0 16h30 \u00e0 la chapelle.<br \/>Vendredi\u00a0: messe \u00e0 08h20 chez les s\u0153urs \u00e0 Bainville, 67 rue Jacques Callot.<\/span><\/p>\n","protected":false},"excerpt":{"rendered":"<p>Bapt\u00eames dimanche 13 septembre d\u2019Am\u00e9lia et de L\u00e9on.Nous les portons dans nos pri\u00e8res. \u00a0Pensez \u00e0 la rentr\u00e9e et inscrivez vos enfants au cat\u00e9chisme !L\u2019inscription se fait \u00e0 l\u2019aide d\u2019un formulaire accessible depuis le site \u00ab\u00a0paroisses-nancy-sud\u00a0\u00bb ou disponible au secr\u00e9tariat de la paroisse. R\u00e9unions de rentr\u00e9e des parents des enfants du cat\u00e9, \u00e0 consulter les flyers&hellip; <br \/> <a class=\"read-more\" href=\"https:\/\/paroisses-nancy-sud.fr\/HOME\/annonces-de-la-visitation-du-6-septembre\/\">Lire la suite<\/a><\/p>\n","protected":false},"author":5,"featured_media":472,"comment_status":"closed","ping_status":"open","sticky":false,"template":"","format":"standard","meta":[],"categories":[10],"tags":[],"acf":[],"_links":{"self":[{"href":"https:\/\/paroisses-nancy-sud.fr\/HOME\/wp-json\/wp\/v2\/posts\/5529"}],"collection":[{"href":"https:\/\/paroisses-nancy-sud.fr\/HOME\/wp-json\/wp\/v2\/posts"}],"about":[{"href":"https:\/\/paroisses-nancy-sud.fr\/HOME\/wp-json\/wp\/v2\/types\/post"}],"author":[{"embeddable":true,"href":"https:\/\/paroisses-nancy-sud.fr\/HOME\/wp-json\/wp\/v2\/users\/5"}],"replies":[{"embeddable":true,"href":"https:\/\/paroisses-nancy-sud.fr\/HOME\/wp-json\/wp\/v2\/comments?post=5529"}],"version-history":[{"count":1,"href":"https:\/\/paroisses-nancy-sud.fr\/HOME\/wp-json\/wp\/v2\/posts\/5529\/revisions"}],"predecessor-version":[{"id":5530,"href":"https:\/\/paroisses-nancy-sud.fr\/HOME\/wp-json\/wp\/v2\/posts\/5529\/revisions\/5530"}],"wp:featuredmedia":[{"embeddable":true,"href":"https:\/\/paroisses-nancy-sud.fr\/HOME\/wp-json\/wp\/v2\/media\/472"}],"wp:attachment":[{"href":"https:\/\/paroisses-nancy-sud.fr\/HOME\/wp-json\/wp\/v2\/media?parent=5529"}],"wp:term":[{"taxonomy":"category","embeddable":true,"href":"https:\/\/paroisses-nancy-sud.fr\/HOME\/wp-json\/wp\/v2\/categories?post=5529"},{"taxonomy":"post_tag","embeddable":true,"href":"https:\/\/paroisses-nancy-sud.fr\/HOME\/wp-json\/wp\/v2\/tags?post=5529"}],"curies":[{"name":"wp","href":"https:\/\/api.w.org\/{rel}","templated":true}]}}