{"id":670,"date":"2021-02-05T22:07:05","date_gmt":"2021-02-05T21:07:05","guid":{"rendered":"https:\/\/paroisses-nancy-sud.fr\/HOME\/?p=670"},"modified":"2021-02-05T22:07:05","modified_gmt":"2021-02-05T21:07:05","slug":"annonces-de-la-visitation-du-07-fevrier-2021","status":"publish","type":"post","link":"https:\/\/paroisses-nancy-sud.fr\/HOME\/annonces-de-la-visitation-du-07-fevrier-2021\/","title":{"rendered":"Annonces de la Visitation du 07 f\u00e9vrier 2021"},"content":{"rendered":"\n<p><span style=\"color: #000000;\"><strong>\u00c0 compter du 1<\/strong><strong><sup>er<\/sup><\/strong> <strong>mars 2021<\/strong>, par d\u00e9cision des \u00e9v\u00eaques de la Province eccl\u00e9siastique de Besan\u00e7on et de Nancy-Toul, le montant des offrandes de messes est \u00e9tabli \u00e0 : <\/span><br \/><span style=\"color: #000000;\">\u2022 18 \u20ac pour une messe ; <\/span><br \/><span style=\"color: #000000;\">\u2022 180 \u20ac pour une neuvaine de messes ; <\/span><br \/><span style=\"color: #000000;\">\u2022 630 \u20ac pour un trentain gr\u00e9gorien.<\/span><\/p>\n<p><span style=\"color: #000000;\"><strong><u>L\u2019\u00e9glise de M\u00e9r\u00e9ville<\/u><\/strong> est ferm\u00e9e par d\u00e9cret municipal \u00e0 la suite des intemp\u00e9ries du 28 janvier\u00a0; La c\u00e9l\u00e9bration de la messe du 20 f\u00e9vrier aura lieu \u00e0 l\u2019\u00e9glise de Chaligny.<\/span><\/p>\n<p><span style=\"color: #000000;\"><strong><u>Qu\u00eate charges paroissiales<\/u><\/strong>\u00a0: <\/span><br \/><span style=\"color: #000000;\">Les 06 et 07 f\u00e9vrier, comme tous les premiers dimanches du mois, une qu\u00eate en fin de messe est assur\u00e9e pour une participation aux charges paroissiales. Elle est valable pour toute la paroisse de la Visitation. Merci pour votre don\u00a0!<\/span><\/p>\n<p><span style=\"color: #000000;\"><strong><u>Car\u00eame<br \/><\/u><\/strong>Quatre rencontres, les\u00a0<strong>lundis 22 f\u00e9vrier, 01 mars, 08 mars et 15 mars de 15h00 \u00e0 16h00,<\/strong> dans les salles paroissiales de Neuves-Maisons sont propos\u00e9es avec pour th\u00e8me\u00a0: la lettre encyclique du pape sur la fraternit\u00e9 universelle.<\/span><\/p>\n<p><span style=\"color: #000000;\"><strong><u>Messes \u00e0 la Visitation<\/u>\u00a0: <\/strong><em>sous r\u00e9serve des dispositions sanitaires \u00e0 venir.<\/em><\/span><br \/><span style=\"color: #000000;\">Samedi 13 f\u00e9vrier : 16h30 Chaligny <\/span><br \/><span style=\"color: #000000;\">Dimanche 14 f\u00e9vrier : 10h30 Neuves-Maisons (messe des familles) <\/span><br \/><span style=\"color: #000000;\">Cette messe sera pr\u00e9sid\u00e9e par le p\u00e8re Alexandre-Marie VALDER<\/span><\/p>\n<p><span style=\"color: #000000;\"><strong>Mercredi des cendres 17 f\u00e9vrier : 10h Maizi\u00e8res et 16h30 Neuves-Maisons <\/strong><\/span><\/p>\n<p><span style=\"color: #000000;\">Samedi 20 f\u00e9vrier : \u00a0\u00a0\u00a0 16h30. Chaligny<\/span><br \/><span style=\"color: #000000;\">Dimanche 21 f\u00e9vrier : 10h Pulligny et 10h30 Neuves-Maisons<\/span><\/p>\n<p><span style=\"color: #000000;\">Samedi 27 f\u00e9vrier : \u00a0\u00a0\u00a0 16h30 Bainville <\/span><br \/><span style=\"color: #000000;\">Dimanche 28 f\u00e9vrier : 10h30 Neuves-Maisons<\/span><\/p>\n<p><span style=\"color: #000000;\"><strong><u>Messes en semaine\u00a0au RDC des salles de Neuves-Maisons <\/u><\/strong><u><br \/><\/u>Mardi \u00e0 17h, jeudi \u00e0 8h30, vendredi \u00e0 11h. Adoration le vendredi \u00e0 10h<\/span><\/p>\n","protected":false},"excerpt":{"rendered":"<p>\u00c0 compter du 1er mars 2021, par d\u00e9cision des \u00e9v\u00eaques de la Province eccl\u00e9siastique de Besan\u00e7on et de Nancy-Toul, le montant des offrandes de messes est \u00e9tabli \u00e0 : \u2022 18 \u20ac pour une messe ; \u2022 180 \u20ac pour une neuvaine de messes ; \u2022 630 \u20ac pour un trentain gr\u00e9gorien. L\u2019\u00e9glise de M\u00e9r\u00e9ville&hellip; <br \/> <a class=\"read-more\" href=\"https:\/\/paroisses-nancy-sud.fr\/HOME\/annonces-de-la-visitation-du-07-fevrier-2021\/\">Lire la suite<\/a><\/p>\n","protected":false},"author":2,"featured_media":471,"comment_status":"closed","ping_status":"open","sticky":false,"template":"","format":"standard","meta":[],"categories":[10],"tags":[],"acf":[],"_links":{"self":[{"href":"https:\/\/paroisses-nancy-sud.fr\/HOME\/wp-json\/wp\/v2\/posts\/670"}],"collection":[{"href":"https:\/\/paroisses-nancy-sud.fr\/HOME\/wp-json\/wp\/v2\/posts"}],"about":[{"href":"https:\/\/paroisses-nancy-sud.fr\/HOME\/wp-json\/wp\/v2\/types\/post"}],"author":[{"embeddable":true,"href":"https:\/\/paroisses-nancy-sud.fr\/HOME\/wp-json\/wp\/v2\/users\/2"}],"replies":[{"embeddable":true,"href":"https:\/\/paroisses-nancy-sud.fr\/HOME\/wp-json\/wp\/v2\/comments?post=670"}],"version-history":[{"count":1,"href":"https:\/\/paroisses-nancy-sud.fr\/HOME\/wp-json\/wp\/v2\/posts\/670\/revisions"}],"predecessor-version":[{"id":671,"href":"https:\/\/paroisses-nancy-sud.fr\/HOME\/wp-json\/wp\/v2\/posts\/670\/revisions\/671"}],"wp:featuredmedia":[{"embeddable":true,"href":"https:\/\/paroisses-nancy-sud.fr\/HOME\/wp-json\/wp\/v2\/media\/471"}],"wp:attachment":[{"href":"https:\/\/paroisses-nancy-sud.fr\/HOME\/wp-json\/wp\/v2\/media?parent=670"}],"wp:term":[{"taxonomy":"category","embeddable":true,"href":"https:\/\/paroisses-nancy-sud.fr\/HOME\/wp-json\/wp\/v2\/categories?post=670"},{"taxonomy":"post_tag","embeddable":true,"href":"https:\/\/paroisses-nancy-sud.fr\/HOME\/wp-json\/wp\/v2\/tags?post=670"}],"curies":[{"name":"wp","href":"https:\/\/api.w.org\/{rel}","templated":true}]}}