{"id":673,"date":"2021-01-19T22:00:00","date_gmt":"2021-01-19T21:00:00","guid":{"rendered":"https:\/\/paroisses-nancy-sud.fr\/HOME\/?p=673"},"modified":"2021-02-05T23:09:04","modified_gmt":"2021-02-05T22:09:04","slug":"annonces-de-la-visitation-du-24-janvier-2021","status":"publish","type":"post","link":"https:\/\/paroisses-nancy-sud.fr\/HOME\/annonces-de-la-visitation-du-24-janvier-2021\/","title":{"rendered":"Annonces de la Visitation du 24 janvier 2021"},"content":{"rendered":"\n<p><span style=\"color: #000000;\"><strong>\u00c0 compter du 1<\/strong><strong><sup>er<\/sup><\/strong> <strong>mars 2021<\/strong>, par d\u00e9cision des \u00e9v\u00eaques de la Province eccl\u00e9siastique de Besan\u00e7on, et de Nancy-Toul, le montant des offrandes de messes est \u00e9tabli \u00e0 : <\/span><br \/><span style=\"color: #000000;\">\u2022 18 \u20ac pour une messe ; <\/span><br \/><span style=\"color: #000000;\">\u2022 180 \u20ac pour une neuvaine de messes ; <\/span><br \/><span style=\"color: #000000;\">\u2022 630 \u20ac pour un trentain gr\u00e9gorien.<\/span><\/p>\n<p><span style=\"color: #000000;\"><strong>La semaine de pri\u00e8re pour l\u2019unit\u00e9 des chr\u00e9tiens <\/strong>prendra fin le lundi 25 janvier. <\/span><br \/><span style=\"color: #000000;\">Afin de nous associer \u00e0 la grande famille chr\u00e9tienne voici une pri\u00e8re\u00a0: <\/span><br \/><span style=\"color: #000000;\"><em>Esprit Saint, feu vivifiant et souffle l\u00e9ger, viens habiter en nous. Renouvelle en nous la passion de l\u2019unit\u00e9 pour que nous vivions conscients du lien qui nous unit en toi.<br \/>Que tous les chr\u00e9tiens qui ont rev\u00eatu le Christ \u00e0 leur\u00a0<a style=\"color: #000000;\" href=\"https:\/\/eglise.catholique.fr\/glossaire\/bapteme\">bapt\u00eame<\/a> s\u2019unissent et t\u00e9moignent ensemble de l\u2019<a style=\"color: #000000;\" href=\"https:\/\/eglise.catholique.fr\/glossaire\/esperance\">esp\u00e9rance<\/a>\u00a0qui les fait vivre<\/em><\/span><\/p>\n<p><span style=\"color: #000000;\"><strong>Raoul Follereau\u00a0: <\/strong>Comme tous les ans, la qu\u00eate pour les l\u00e9preux se fera les 30 et 31 janvier. Merci pour eux\u00a0!<\/span><\/p>\n<p><span style=\"color: #000000;\"><strong><u>Messes \u00e0 la Visitation<\/u><\/strong>\u00a0: <\/span><br \/><span style=\"color: #000000;\">Samedi 30 janvier : \u00a0\u00a0 16h30 Parey St C\u00e9saire <\/span><br \/><span style=\"color: #000000;\">Dimanche 31 janvier : 10h30 Neuves-Maisons<\/span><\/p>\n<p><span style=\"color: #000000;\">Samedi 06 f\u00e9vrier : \u00a0\u00a0\u00a0 16h30 Chavigny (f\u00eate de St Blaise) <\/span><br \/><span style=\"color: #000000;\">Dimanche 07 f\u00e9vrier : 10h Xeuilley et 10h30 Neuves-Maisons<\/span><\/p>\n<p><span style=\"color: #000000;\">Samedi 13 f\u00e9vrier : \u00a0\u00a0\u00a0 16h30 Chaligny <\/span><br \/><span style=\"color: #000000;\">Dimanche 14 f\u00e9vrier : 10h30 Neuves-Maisons (messe des familles)<\/span><\/p>\n<p><span style=\"color: #000000;\"><strong>Mercredi des cendres 17 f\u00e9vrier : 10h Maizi\u00e8res et 16h30 Neuves-Maisons <\/strong><\/span><\/p>\n<p><span style=\"color: #000000;\">Samedi 20 f\u00e9vrier : \u00a0\u00a0\u00a0 16h30 M\u00e9r\u00e9ville <\/span><br \/><span style=\"color: #000000;\">Dimanche 21 f\u00e9vrier : 10h Pulligny et 10h30 Neuves-Maisons<\/span><\/p>\n<p><span style=\"color: #000000;\">Samedi 27 f\u00e9vrier : \u00a0\u00a0\u00a0 16h30 Bainville <\/span><br \/><span style=\"color: #000000;\">Dimanche 28 f\u00e9vrier : 10h30 Neuves-Maisons<\/span><\/p>\n<p><span style=\"color: #000000;\"><strong><u>Messes en semaine\u00a0au RDC des salles de Neuves-Maisons <\/u><\/strong><u><br \/><\/u>Mardi \u00e0 17h, jeudi \u00e0 8h30, vendredi \u00e0 11h. Adoration le vendredi \u00e0 10h<\/span><\/p>\n","protected":false},"excerpt":{"rendered":"<p>\u00c0 compter du 1er mars 2021, par d\u00e9cision des \u00e9v\u00eaques de la Province eccl\u00e9siastique de Besan\u00e7on, et de Nancy-Toul, le montant des offrandes de messes est \u00e9tabli \u00e0 : \u2022 18 \u20ac pour une messe ; \u2022 180 \u20ac pour une neuvaine de messes ; \u2022 630 \u20ac pour un trentain gr\u00e9gorien. La semaine de&hellip; <br \/> <a class=\"read-more\" href=\"https:\/\/paroisses-nancy-sud.fr\/HOME\/annonces-de-la-visitation-du-24-janvier-2021\/\">Lire la suite<\/a><\/p>\n","protected":false},"author":2,"featured_media":471,"comment_status":"closed","ping_status":"open","sticky":false,"template":"","format":"standard","meta":[],"categories":[10],"tags":[],"acf":[],"_links":{"self":[{"href":"https:\/\/paroisses-nancy-sud.fr\/HOME\/wp-json\/wp\/v2\/posts\/673"}],"collection":[{"href":"https:\/\/paroisses-nancy-sud.fr\/HOME\/wp-json\/wp\/v2\/posts"}],"about":[{"href":"https:\/\/paroisses-nancy-sud.fr\/HOME\/wp-json\/wp\/v2\/types\/post"}],"author":[{"embeddable":true,"href":"https:\/\/paroisses-nancy-sud.fr\/HOME\/wp-json\/wp\/v2\/users\/2"}],"replies":[{"embeddable":true,"href":"https:\/\/paroisses-nancy-sud.fr\/HOME\/wp-json\/wp\/v2\/comments?post=673"}],"version-history":[{"count":1,"href":"https:\/\/paroisses-nancy-sud.fr\/HOME\/wp-json\/wp\/v2\/posts\/673\/revisions"}],"predecessor-version":[{"id":674,"href":"https:\/\/paroisses-nancy-sud.fr\/HOME\/wp-json\/wp\/v2\/posts\/673\/revisions\/674"}],"wp:featuredmedia":[{"embeddable":true,"href":"https:\/\/paroisses-nancy-sud.fr\/HOME\/wp-json\/wp\/v2\/media\/471"}],"wp:attachment":[{"href":"https:\/\/paroisses-nancy-sud.fr\/HOME\/wp-json\/wp\/v2\/media?parent=673"}],"wp:term":[{"taxonomy":"category","embeddable":true,"href":"https:\/\/paroisses-nancy-sud.fr\/HOME\/wp-json\/wp\/v2\/categories?post=673"},{"taxonomy":"post_tag","embeddable":true,"href":"https:\/\/paroisses-nancy-sud.fr\/HOME\/wp-json\/wp\/v2\/tags?post=673"}],"curies":[{"name":"wp","href":"https:\/\/api.w.org\/{rel}","templated":true}]}}