{"id":679,"date":"2021-01-12T20:00:00","date_gmt":"2021-01-12T19:00:00","guid":{"rendered":"https:\/\/paroisses-nancy-sud.fr\/HOME\/?p=679"},"modified":"2021-02-05T23:36:18","modified_gmt":"2021-02-05T22:36:18","slug":"annonces-de-la-visitation-du-17-janvier-2021","status":"publish","type":"post","link":"https:\/\/paroisses-nancy-sud.fr\/HOME\/annonces-de-la-visitation-du-17-janvier-2021\/","title":{"rendered":"Annonces de la Visitation du 17 janvier 2021"},"content":{"rendered":"\n<p><span style=\"color: #000000;\">\u00c0 compter du 1<sup>er<\/sup> janvier 2021, par d\u00e9cision des \u00e9v\u00eaques de la Province eccl\u00e9siastique de Besan\u00e7on, des \u00e9v\u00eaques de Strasbourg et de Metz et de l\u2019administrateur du dioc\u00e8se de Saint-Claude, le montant des offrandes de messes pour l\u2019ensemble de la Province eccl\u00e9siastique de Besan\u00e7on est \u00e9tabli \u00e0 : <\/span><br \/><span style=\"color: #000000;\">\u2022 18 \u20ac pour une messe ; <\/span><br \/><span style=\"color: #000000;\">\u2022 180 \u20ac pour une neuvaine de messes ; <\/span><br \/><span style=\"color: #000000;\">\u2022 630 \u20ac pour un trentain gr\u00e9gorien. <\/span><br \/><span style=\"color: #000000;\"><strong>Pour le dioc\u00e8se de Nancy et de Toul, cette mise en \u0153uvre se fera le 1<sup>er<\/sup> mars 2021.<\/strong><\/span><\/p>\n<p><span style=\"color: #000000;\"><strong>Messes \u00e0 la Visitation<br \/><\/strong>Samedi 23 janvier : \u00a0\u00a0 16h30 Viterne <strong><br \/><\/strong>Dimanche 24 janvier :10h30 Neuves-Maisons (f\u00eate de St Vincent)<\/span><\/p>\n<p><span style=\"color: #000000;\">Samedi 30 janvier : \u00a0\u00a0 16h30 Parey St C\u00e9saire <\/span><br \/><span style=\"color: #000000;\">Dimanche 31 janvier : 10h30 Neuves-Maisons<\/span><\/p>\n<p><span style=\"color: #000000;\">Samedi 06 f\u00e9vrier : \u00a0\u00a0\u00a0 16h30 Chavigny (f\u00eate de St Blaise) <\/span><br \/><span style=\"color: #000000;\">Dimanche 07 f\u00e9vrier : 10h Xeuilley et 10h30 Neuves-Maisons<\/span><\/p>\n<p><span style=\"color: #000000;\">Samedi 13 f\u00e9vrier : \u00a0\u00a0\u00a0 16h30 Chaligny <\/span><br \/><span style=\"color: #000000;\">Dimanche 14 f\u00e9vrier : 10h30 Neuves-Maisons (messe des familles)<\/span><\/p>\n<p><span style=\"color: #000000;\"><strong>Mercredi des cendres 17 f\u00e9vrier : 10h Maizi\u00e8res et 16h30 Neuves-Maisons <\/strong><\/span><\/p>\n<p><span style=\"color: #000000;\">Samedi 20 f\u00e9vrier : \u00a0\u00a0\u00a0 16h30 M\u00e9r\u00e9ville <\/span><br \/><span style=\"color: #000000;\">Dimanche 21 f\u00e9vrier : 10h Pulligny et 10h30 Neuves-Maisons<\/span><\/p>\n<p><span style=\"color: #000000;\">Samedi 27 f\u00e9vrier : \u00a0\u00a0\u00a0 16h30 Bainville <\/span><br \/><span style=\"color: #000000;\">Dimanche 28 f\u00e9vrier : 10h30 Neuves-Maisons<\/span><\/p>\n<p><span style=\"color: #000000;\"><strong>Messes en semaine\u00a0au RDC des salles de Neuves-Maisons <\/strong><u><br \/><\/u>Mardi \u00e0 17h, jeudi \u00e0 8h30, vendredi \u00e0 11h. Adoration le vendredi \u00e0 10h<\/span><\/p>\n","protected":false},"excerpt":{"rendered":"<p>\u00c0 compter du 1er janvier 2021, par d\u00e9cision des \u00e9v\u00eaques de la Province eccl\u00e9siastique de Besan\u00e7on, des \u00e9v\u00eaques de Strasbourg et de Metz et de l\u2019administrateur du dioc\u00e8se de Saint-Claude, le montant des offrandes de messes pour l\u2019ensemble de la Province eccl\u00e9siastique de Besan\u00e7on est \u00e9tabli \u00e0 : \u2022 18 \u20ac pour une messe ;&hellip; <br \/> <a class=\"read-more\" href=\"https:\/\/paroisses-nancy-sud.fr\/HOME\/annonces-de-la-visitation-du-17-janvier-2021\/\">Lire la suite<\/a><\/p>\n","protected":false},"author":2,"featured_media":471,"comment_status":"closed","ping_status":"open","sticky":false,"template":"","format":"standard","meta":[],"categories":[10],"tags":[],"acf":[],"_links":{"self":[{"href":"https:\/\/paroisses-nancy-sud.fr\/HOME\/wp-json\/wp\/v2\/posts\/679"}],"collection":[{"href":"https:\/\/paroisses-nancy-sud.fr\/HOME\/wp-json\/wp\/v2\/posts"}],"about":[{"href":"https:\/\/paroisses-nancy-sud.fr\/HOME\/wp-json\/wp\/v2\/types\/post"}],"author":[{"embeddable":true,"href":"https:\/\/paroisses-nancy-sud.fr\/HOME\/wp-json\/wp\/v2\/users\/2"}],"replies":[{"embeddable":true,"href":"https:\/\/paroisses-nancy-sud.fr\/HOME\/wp-json\/wp\/v2\/comments?post=679"}],"version-history":[{"count":1,"href":"https:\/\/paroisses-nancy-sud.fr\/HOME\/wp-json\/wp\/v2\/posts\/679\/revisions"}],"predecessor-version":[{"id":680,"href":"https:\/\/paroisses-nancy-sud.fr\/HOME\/wp-json\/wp\/v2\/posts\/679\/revisions\/680"}],"wp:featuredmedia":[{"embeddable":true,"href":"https:\/\/paroisses-nancy-sud.fr\/HOME\/wp-json\/wp\/v2\/media\/471"}],"wp:attachment":[{"href":"https:\/\/paroisses-nancy-sud.fr\/HOME\/wp-json\/wp\/v2\/media?parent=679"}],"wp:term":[{"taxonomy":"category","embeddable":true,"href":"https:\/\/paroisses-nancy-sud.fr\/HOME\/wp-json\/wp\/v2\/categories?post=679"},{"taxonomy":"post_tag","embeddable":true,"href":"https:\/\/paroisses-nancy-sud.fr\/HOME\/wp-json\/wp\/v2\/tags?post=679"}],"curies":[{"name":"wp","href":"https:\/\/api.w.org\/{rel}","templated":true}]}}