{"id":690,"date":"2021-02-12T10:00:00","date_gmt":"2021-02-12T09:00:00","guid":{"rendered":"https:\/\/paroisses-nancy-sud.fr\/HOME\/?p=690"},"modified":"2021-03-05T23:15:57","modified_gmt":"2021-03-05T22:15:57","slug":"annonces-de-la-visitation-du-14-fevrier","status":"publish","type":"post","link":"https:\/\/paroisses-nancy-sud.fr\/HOME\/annonces-de-la-visitation-du-14-fevrier\/","title":{"rendered":"Annonces de la Visitation du 14 f\u00e9vrier 2021"},"content":{"rendered":"\n<p><span style=\"color: #000000;\"><strong><u>Le dimanche 21 f\u00e9vrier,<\/u><\/strong> les cat\u00e9chum\u00e8nes&nbsp;de notre dioc\u00e8se se retrouveront \u00e0 la cath\u00e9drale de Nancy, pour y vivre l\u2019appel d\u00e9cisif. Nous pouvons prier plus particuli\u00e8rement pour Elisabeth GARDEL de Pulligny, qui recevra les sacrements de bapt\u00eame, confirmation et eucharistie \u00e0 la veill\u00e9e pascale dans notre paroisse.<\/span><\/p>\n<p><span style=\"color: #000000;\"><strong><u>L\u2019\u00e9glise de M\u00e9r\u00e9ville<\/u><\/strong> est ferm\u00e9e par d\u00e9cret municipal \u00e0 la suite des intemp\u00e9ries du 28 janvier&nbsp;; La c\u00e9l\u00e9bration de la messe du 20 f\u00e9vrier aura lieu \u00e0 l\u2019\u00e9glise de Chaligny.<\/span><\/p>\n<p><span style=\"color: #000000;\"><strong><u>Car\u00eame<br><\/u><\/strong>Quatre rencontres&nbsp;: les&nbsp;<strong>lundis 22 f\u00e9vrier, 01 mars, 08 mars et 15 mars de 15h00 \u00e0 16h00,<\/strong> dans les salles paroissiales de Neuves-Maisons sont propos\u00e9es avec pour th\u00e8me&nbsp;: la lettre encyclique du pape sur la fraternit\u00e9 universelle.<strong><u><br>CCFD<\/u><\/strong>&nbsp;: &nbsp;invite \u00e0 une rencontre le <strong>lundi 22 mars \u00e0 15h<\/strong> \u00e0 la salle paroissiale de Neuves-Maisons. Le CCFD assurera l\u2019animation de la messe du 21 mars, 5<sup>e<\/sup> dimanche de car\u00eame, ainsi qu\u2019une petite r\u00e9flexion tous les dimanches de car\u00eame.<\/span><\/p>\n<p><span style=\"color: #000000;\"><strong><u>Messes \u00e0 la Visitation&nbsp;: <\/u><\/strong><em>sous r\u00e9serve des dispositions sanitaires \u00e0 venir.<\/em><\/span><br><span style=\"color: #000000;\"><strong>Mercredi des cendres 17 f\u00e9vrier : 10h Maizi\u00e8res et 16h30 Neuves-Maisons <\/strong><\/span><br><span style=\"color: #000000;\">Samedi 20 f\u00e9vrier : 16h30. Chaligny<\/span><br><span style=\"color: #000000;\">Dimanche 21 f\u00e9vrier : 10h Pulligny et 10h30 Neuves-Maisons <\/span><br><span style=\"color: #000000;\">Samedi 27 f\u00e9vrier : 16h30 Bainville <\/span><br><span style=\"color: #000000;\">Dimanche 28 f\u00e9vrier : 10h30 Neuves-Maisons <\/span><br><span style=\"color: #000000;\">Samedi 06 mars&nbsp;: 16h30 Pont St Vincent <\/span><br><span style=\"color: #000000;\">Dimanche 07 mars&nbsp;: 10h \u00e0 Xeuilley et 10h30 \u00e0 Neuves-Maisons <\/span><br><span style=\"color: #000000;\">Samedi 13 mars&nbsp;: 16h30 Th\u00e9lod<\/span><br><span style=\"color: #000000;\">Dimanche 14 mars&nbsp;: 10h30 Neuves-Maisons<\/span><\/p>\n<p><span style=\"color: #000000;\"><strong><u>Messes en semaine au RDC des salles de Neuves-Maisons <\/u><\/strong><u><br><\/u>Mardi \u00e0 17h, jeudi \u00e0 8h30, vendredi \u00e0 11h. Adoration le vendredi \u00e0 10h<\/span><\/p>\n","protected":false},"excerpt":{"rendered":"<p>Le dimanche 21 f\u00e9vrier, les cat\u00e9chum\u00e8nes&nbsp;de notre dioc\u00e8se se retrouveront \u00e0 la cath\u00e9drale de Nancy, pour y vivre l\u2019appel d\u00e9cisif. Nous pouvons prier plus particuli\u00e8rement pour Elisabeth GARDEL de Pulligny, qui recevra les sacrements de bapt\u00eame, confirmation et eucharistie \u00e0 la veill\u00e9e pascale dans notre paroisse. L\u2019\u00e9glise de M\u00e9r\u00e9ville est ferm\u00e9e par d\u00e9cret municipal \u00e0&hellip; <br \/> <a class=\"read-more\" href=\"https:\/\/paroisses-nancy-sud.fr\/HOME\/annonces-de-la-visitation-du-14-fevrier\/\">Lire la suite<\/a><\/p>\n","protected":false},"author":2,"featured_media":344,"comment_status":"closed","ping_status":"open","sticky":false,"template":"","format":"standard","meta":[],"categories":[1],"tags":[],"acf":[],"_links":{"self":[{"href":"https:\/\/paroisses-nancy-sud.fr\/HOME\/wp-json\/wp\/v2\/posts\/690"}],"collection":[{"href":"https:\/\/paroisses-nancy-sud.fr\/HOME\/wp-json\/wp\/v2\/posts"}],"about":[{"href":"https:\/\/paroisses-nancy-sud.fr\/HOME\/wp-json\/wp\/v2\/types\/post"}],"author":[{"embeddable":true,"href":"https:\/\/paroisses-nancy-sud.fr\/HOME\/wp-json\/wp\/v2\/users\/2"}],"replies":[{"embeddable":true,"href":"https:\/\/paroisses-nancy-sud.fr\/HOME\/wp-json\/wp\/v2\/comments?post=690"}],"version-history":[{"count":2,"href":"https:\/\/paroisses-nancy-sud.fr\/HOME\/wp-json\/wp\/v2\/posts\/690\/revisions"}],"predecessor-version":[{"id":692,"href":"https:\/\/paroisses-nancy-sud.fr\/HOME\/wp-json\/wp\/v2\/posts\/690\/revisions\/692"}],"wp:featuredmedia":[{"embeddable":true,"href":"https:\/\/paroisses-nancy-sud.fr\/HOME\/wp-json\/wp\/v2\/media\/344"}],"wp:attachment":[{"href":"https:\/\/paroisses-nancy-sud.fr\/HOME\/wp-json\/wp\/v2\/media?parent=690"}],"wp:term":[{"taxonomy":"category","embeddable":true,"href":"https:\/\/paroisses-nancy-sud.fr\/HOME\/wp-json\/wp\/v2\/categories?post=690"},{"taxonomy":"post_tag","embeddable":true,"href":"https:\/\/paroisses-nancy-sud.fr\/HOME\/wp-json\/wp\/v2\/tags?post=690"}],"curies":[{"name":"wp","href":"https:\/\/api.w.org\/{rel}","templated":true}]}}